{"id":968,"date":"2018-09-24T15:45:15","date_gmt":"2018-09-24T12:45:15","guid":{"rendered":"https:\/\/www.petteriorpo.fi\/?p=618"},"modified":"2023-02-16T16:50:47","modified_gmt":"2023-02-16T16:50:47","slug":"puhe-euroopan-unionista-kokoomuksen-puoluevaltuuston-kokouksessa-16-9","status":"publish","type":"post","link":"https:\/\/www.petteriorpo.fi\/sv\/puhe-euroopan-unionista-kokoomuksen-puoluevaltuuston-kokouksessa-16-9\/","title":{"rendered":"Puhe Euroopan unionista Kokoomuksen puoluevaltuuston kokouksessa 16.9."},"content":{"rendered":"<p><i><span style=\"margin: 0px; font-family: 'Calibri',sans-serif; font-size: 16pt;\"><span style=\"color: #000000;\">(Puhuttaessa muutokset mahdollisia)<\/span><\/span><\/i><\/p>\n<p><span style=\"margin: 0px; line-height: 115%; font-family: 'Calibri',sans-serif; font-size: 14pt;\"><span style=\"color: #000000;\">Olemme olleet Euroopan unionin j\u00e4seni\u00e4 23 vuotta. Olemme k\u00e4ytt\u00e4neet euroa k\u00e4teisen\u00e4 16 vuotta. Eurooppalaisuus on meille arkea. <\/span><\/span><\/p>\n<p><span style=\"margin: 0px; line-height: 115%; font-family: 'Calibri',sans-serif; font-size: 14pt;\"><span style=\"color: #000000;\">Yli 55 000 suomalaista nuorta on ollut Erasmus-vaihdossa eurooppalaisissa korkeakouluissa. Suomessa on kuluneen parinkymmenen vuoden aikana ollut yli 70 000 Erasmus-opiskelijaa. Heid\u00e4n repuissaan on kulkenut maasta toiseen kokemuksia, yst\u00e4vyyssuhteita ja kielitaitoa, joka on sitonut meit\u00e4 tiiviimmin yhteiseen Eurooppaan. <\/span><\/span><\/p>\n<p><span style=\"margin: 0px; line-height: 115%; font-family: 'Calibri',sans-serif; font-size: 14pt;\"><span style=\"color: #000000;\">Komission mukaan maailmassa oli miljoona Erasmus-vauvaa jo vuonna 2014, eli vaihdossa toisensa l\u00f6yt\u00e4neiden nuorten lapsia.<\/span><\/span><\/p>\n<p><span style=\"margin: 0px; line-height: 115%; font-family: 'Calibri',sans-serif; font-size: 14pt;\"><span style=\"color: #000000;\">Arkip\u00e4iv\u00e4istyminen on hyv\u00e4 asia. Silti on hyv\u00e4 muistaa v\u00e4lill\u00e4, ett\u00e4 EU-j\u00e4senyys on enemm\u00e4n. Se tosiaan on valinta: valinta kuulua l\u00e4ntiseen arvoyhteis\u00f6\u00f6n. Taloudellinen valinta. Se on meille turvallisuusvalinta. Se on meille j\u00e4rkivalinta: maanosamme kohtaa haasteita, joihin l\u00f6yd\u00e4mme ratkaisut vain yhdess\u00e4. <\/span><\/span><\/p>\n<p><span style=\"margin: 0px; line-height: 115%; font-family: 'Calibri',sans-serif; font-size: 14pt;\"><span style=\"color: #000000;\">Siksi me kokoomuksessa pid\u00e4mme \u00e4\u00e4nt\u00e4 Euroopan ja eurooppalaisuuden puolesta. Meid\u00e4n valintamme t\u00e4n\u00e4 p\u00e4iv\u00e4n\u00e4 on EU-j\u00e4senyys ihan yht\u00e4 vahvasti kuin se oli liittyess\u00e4mme Euroopan unioniin.<\/span><\/span><\/p>\n<p><span style=\"margin: 0px; line-height: 115%; font-family: 'Calibri',sans-serif; font-size: 14pt;\"><span style=\"color: #000000;\">Se ei tarkoita, ett\u00e4 suhtautuisimme kritiikitt\u00e4 yhteiseen tekemiseen. Ei sit\u00e4, ett\u00e4 emme n\u00e4kisi EU:ssa parantamisen varaa. P\u00e4invastoin: me haluamme olla kehitt\u00e4m\u00e4ss\u00e4 unionia yh\u00e4 paremmaksi.<\/span><\/span><\/p>\n<p><span style=\"margin: 0px; line-height: 115%; font-family: 'Calibri',sans-serif; font-size: 14pt;\"><span style=\"color: #000000;\">\u00a0<\/span><\/span><\/p>\n<p><span style=\"margin: 0px; line-height: 115%; font-family: 'Calibri',sans-serif; font-size: 14pt;\"><span style=\"color: #000000;\">Ensi kev\u00e4\u00e4n\u00e4 EU:ssa alkaa uusi aika. EU:lle valitaan seuraava parlamentti. T\u00e4n\u00e4\u00e4n nime\u00e4mme ensimm\u00e4isi\u00e4 ehdokkaitamme ensi kev\u00e4\u00e4n vaaleihin. <\/span><\/span><span style=\"margin: 0px; line-height: 115%; font-family: 'Calibri',sans-serif; font-size: 14pt;\"><span style=\"color: #000000;\">Vaalien j\u00e4lkeen EU:lle valitaan uudet komissaarit. <\/span><\/span><\/p>\n<p>&nbsp;<\/p>\n<p><span style=\"margin: 0px; line-height: 115%; font-family: 'Calibri',sans-serif; font-size: 14pt;\"><span style=\"color: #000000;\">Minusta on t\u00e4rke\u00e4\u00e4, ett\u00e4 arvioimme perusteellisesti kulunutta kautta. Ja ett\u00e4 syv\u00e4llisesti pohdimme, mihin EU:n tulisi keskitty\u00e4 seuraavaksi. EU:n on aika suuntautua entist\u00e4 vahvemmin ulosp\u00e4in ja tulevaisuuteen. <\/span><\/span><\/p>\n<p><span style=\"margin: 0px; line-height: 115%; font-family: 'Calibri',sans-serif; font-size: 14pt;\"><span style=\"color: #000000;\">EU:n on oltava yhten\u00e4inen sis\u00e4isesti. Perus- ja ihmisoikeuksista ja oikeusvaltioperiaatteesta ei voi tehd\u00e4 kompromisseja. Euroopan parlamentin p\u00e4\u00e4t\u00f6s vaatia neuvostoa k\u00e4ynnist\u00e4m\u00e4\u00e4n artikla 7 mukainen menettely Unkarin kohdalla oli mielest\u00e4ni oikea. L\u00e4hes kaikki suomalaiset mepit \u00e4\u00e4nestiv\u00e4t sen puolesta. <\/span><\/span><\/p>\n<p><span style=\"margin: 0px; line-height: 115%; font-family: 'Calibri',sans-serif; font-size: 14pt;\"><span style=\"color: #000000;\">Kun parlamentti ja komissio vaihtuvat, on aika ja paikka uudistaa Euroopan unionia. <\/span><\/span><span style=\"margin: 0px; line-height: 115%; font-family: 'Calibri',sans-serif; font-size: 14pt;\"><span style=\"color: #000000;\">Yhteisi\u00e4 varoja tulee k\u00e4ytt\u00e4\u00e4 viisaasti eurooppalaista lis\u00e4arvoa tuoviin tarkoituksiin. <\/span><\/span><span style=\"margin: 0px; line-height: 115%; font-family: 'Calibri',sans-serif; font-size: 14pt;\"><span style=\"color: #000000;\">Kokoomus ei siksi halua tinki\u00e4 tutkimukseen ja kehitykseen sek\u00e4 Erasmus+ -ohjelmaan esitetyist\u00e4 lis\u00e4yksist\u00e4. Maaseudun kehitt\u00e4misrahaston osuus tulee s\u00e4ilytt\u00e4\u00e4 kohtuullisena EU-budjetissa, jotta ilmastonmuutoksen hillint\u00e4\u00e4n ja ymp\u00e4rist\u00f6n suojeluun liittyv\u00e4t tavoitteet eiv\u00e4t vesity. N\u00e4m\u00e4 kohteet ovat my\u00f6s Suomen kannalta kaikista edullisimpia. <\/span><\/span><\/p>\n<p><span style=\"margin: 0px; line-height: 115%; font-family: 'Calibri',sans-serif; font-size: 14pt;\"><span style=\"color: #000000;\">\u00a0<\/span><\/span><\/p>\n<p><span style=\"margin: 0px; line-height: 115%; font-family: 'Calibri',sans-serif; font-size: 14pt;\"><span style=\"color: #000000;\">Min\u00e4 olen tyytyv\u00e4inen siihen, ett\u00e4 uusiin kohteisiin kuten muuttoliikkeeseen ja rajaturvallisuuteen sek\u00e4 turvallisuuteen ja puolustukseen esitet\u00e4\u00e4n merkitt\u00e4vi\u00e4 lis\u00e4yksi\u00e4. Ulkosuhteiden riitt\u00e4v\u00e4 rahoitus on my\u00f6s eritt\u00e4in t\u00e4rke\u00e4\u00e4. Kehitysyhteisty\u00f6n painopisteen tulee olla Afrikassa. <\/span><\/span><\/p>\n<p><span style=\"margin: 0px; line-height: 115%; font-family: 'Calibri',sans-serif; font-size: 14pt;\"><span style=\"color: #000000;\">\u00a0<\/span><\/span><\/p>\n<p><span style=\"margin: 0px; line-height: 115%; font-family: 'Calibri',sans-serif; font-size: 14pt;\"><span style=\"color: #000000;\">EU:n pit\u00e4\u00e4 olla suuri suurissa ja pieni pieniss\u00e4 asioissa. Suuria asioita, joihin meid\u00e4n pit\u00e4\u00e4 yhdess\u00e4 keskitty\u00e4 ovat kasvu, ilmastonmuutoksen hillint\u00e4, turvallisuus ja puolustus, muuttoliikkeen hallinta sek\u00e4 vapaas\u00e4\u00e4nt\u00f6perusteisen maailmankaupan puolustaminen. <\/span><\/span><\/p>\n<p><span style=\"margin: 0px; line-height: 115%; font-family: 'Calibri',sans-serif; font-size: 14pt;\"><span style=\"color: #000000;\">\u00a0<\/span><\/span><\/p>\n<p><span style=\"margin: 0px; line-height: 115%; font-family: 'Calibri',sans-serif; font-size: 14pt;\"><span style=\"color: #000000;\">Suomella on ainutlaatuinen mahdollisuus vaikuttaa Euroopan unionin suuntaan, kun olemme EU-puheenjohtajamaa ensi syksyn\u00e4. Minun mielest\u00e4ni luonteva painopiste Suomen EU-puheenjohtajuuskaudelle olisi osaaminen ja koulutus. <\/span><\/span><span style=\"margin: 0px; line-height: 115%; font-family: 'Calibri',sans-serif; font-size: 14pt;\"><span style=\"color: #000000;\">Osaamisen ja koulutuksen vahvistaminen on avain EU-j\u00e4senmaita koskeviin, ty\u00f6el\u00e4m\u00e4n muutokseen liittyviin haasteisiin kuten digitalisaatioon ja automatisaatioon. Osaamisen ja koulutustason nostolla ja yll\u00e4pidolla voimme k\u00e4\u00e4nt\u00e4\u00e4 nuo haasteet mahdollisuuksiksi. Lis\u00e4ksi Suomi tunnetaan koulutuksen supermaana jo ennest\u00e4\u00e4n.\u00a0 <\/span><\/span><\/p>\n<p><span style=\"margin: 0px; line-height: 115%; font-family: 'Calibri',sans-serif; font-size: 14pt;\"><span style=\"color: #000000;\">Min\u00e4 odotan, ett\u00e4 seuraava komissio keskittyy entist\u00e4 vahvemmin talouden kest\u00e4v\u00e4\u00e4n kasvuun ja kansalaisten hyvinvointiin. Uuden kasvun on perustuttava kest\u00e4vien, uusiutuvien ja kierr\u00e4tett\u00e4vien materiaalien k\u00e4ytt\u00f6\u00f6n, puhtaaseen teknologiaan ja v\u00e4h\u00e4hiilisyyteen. T\u00e4m\u00e4 edellytt\u00e4\u00e4 kest\u00e4v\u00e4\u00e4 teollista tuotantoa ja luonnonvarojen k\u00e4ytt\u00f6\u00e4. <\/span><\/span><\/p>\n<p><span style=\"margin: 0px; line-height: 115%; font-family: 'Calibri',sans-serif; font-size: 14pt;\"><span style=\"color: #000000;\">Meid\u00e4n on ymm\u00e4rrett\u00e4v\u00e4 kest\u00e4v\u00e4 kehitys isona mahdollisuutena. Ymp\u00e4rist\u00f6st\u00e4 huolehtiminen ja taloudellinen kasvu eiv\u00e4t ole vastakkaisia asioita. Uutena ajatuksena voimme vied\u00e4 Suomessa viime vuonna k\u00e4ynnistyneen kest\u00e4v\u00e4n kehityksen budjetoinnin my\u00f6s EU-tasolle. Meh\u00e4n olemme t\u00e4ss\u00e4 edell\u00e4k\u00e4vij\u00f6it\u00e4. <\/span><\/span><\/p>\n<p><span style=\"margin: 0px; line-height: 115%; font-family: 'Calibri',sans-serif; font-size: 14pt;\"><span style=\"color: #000000;\">EU:n on teht\u00e4v\u00e4 enemm\u00e4n Euroopan turvallisuuden ja puolustuksen vahvistamiseksi ja kansalaisten suojelemiseksi. Puolustusyhteisty\u00f6 on alue, jolla EU-j\u00e4senmaat voivat saavuttaa merkitt\u00e4v\u00e4\u00e4 eurooppalaista lis\u00e4arvoa. Avunantolausekkeen toimivuutta k\u00e4yt\u00e4nn\u00f6ss\u00e4 voisimme parantaa harjoittelemalla yhdess\u00e4. <\/span><\/span><\/p>\n<p><span style=\"margin: 0px; line-height: 115%; font-family: 'Calibri',sans-serif; font-size: 14pt;\"><span style=\"color: #000000;\">Olen samaa mielt\u00e4 puheenjohtaja Junckerin kanssa siit\u00e4, ett\u00e4 EU:n on aikuistuttava ja alettava toimia yhdell\u00e4 \u00e4\u00e4nell\u00e4 globaaleilla areenoilla. M\u00e4\u00e4r\u00e4enemmist\u00f6p\u00e4\u00e4t\u00f6sten k\u00e4ytt\u00f6 ulkopolitiikassa mahdollistaisi EU:n aktiivisemman roolin maailmassa. Odotan mielenkiinnolla puheenjohtaja Junckerin lupaamia esityksi\u00e4 t\u00e4st\u00e4.<\/span><\/span><\/p>\n<p><span style=\"margin: 0px; line-height: 115%; font-family: 'Calibri',sans-serif; font-size: 14pt;\"><span style=\"color: #000000;\">\u00a0<\/span><\/span><\/p>\n<p><span style=\"margin: 0px; line-height: 115%; font-family: 'Calibri',sans-serif; font-size: 14pt;\"><span style=\"color: #000000;\">Suomen on suhtauduttava puheenjohtajuuskauteensa ja EU-politiikkaan yleens\u00e4 kunnianhimoisesti. EU ei ole edunvalvonnan kohde. EU olemme me. Mit\u00e4 vahvempi on EU, sit\u00e4 vahvempi on Suomen itsen\u00e4isyys. <\/span><\/span><span style=\"margin: 0px; line-height: 115%; font-family: 'Calibri',sans-serif; font-size: 14pt;\"><span style=\"color: #000000;\">Meid\u00e4n linjamme ei ole jarruttaa eurooppalaista yhdentymist\u00e4, vaan vied\u00e4 sit\u00e4 toivomaamme suuntaan. <\/span><\/span><\/p>\n<p><span style=\"margin: 0px; line-height: 115%; font-family: 'Calibri',sans-serif; font-size: 14pt;\"><span style=\"color: #000000;\">\u00a0<\/span><\/span><\/p>\n<p><span style=\"margin: 0px; line-height: 115%; font-family: 'Calibri',sans-serif; font-size: 14pt;\"><span style=\"color: #000000;\">Minun toivomani suunta on yhten\u00e4inen ja vahva EU, joka kykenee edustamaan j\u00e4senmaitaan ja kansalaisiaan kansainv\u00e4lisill\u00e4 areenoilla, joka kykenee tuottamaan turvallisuutta ja hyvinvointia kansalaisilleen enemm\u00e4n kuin kukin j\u00e4senmaa yksin.<\/span><\/span><\/p>\n<p><span style=\"margin: 0px; line-height: 115%; font-family: 'Calibri',sans-serif; font-size: 14pt;\"><span style=\"color: #000000;\">\u00a0<\/span><\/span><\/p>\n<p><span style=\"margin: 0px; line-height: 115%; font-family: 'Calibri',sans-serif; font-size: 14pt;\"><span style=\"color: #000000;\">Kokoomus t\u00e4ytt\u00e4\u00e4 t\u00e4n\u00e4 vuonna 100 vuotta. On kunnia saada eurooppalaiset yst\u00e4v\u00e4mme Suomeen marraskuussa, kun Kokoomus is\u00e4nn\u00f6i EPP-kongressia Helsingiss\u00e4. Kongressissa tullaan valitsemaan EPP:n k\u00e4rkiehdokas. <\/span><\/span><span style=\"margin: 0px; line-height: 115%; font-family: 'Calibri',sans-serif; font-size: 14pt;\"><span style=\"color: #000000;\">Alexin mahdollisesta ehdokkuudesta EPP:n k\u00e4rkiehdokaskisassa on puhuttu jo pitk\u00e4\u00e4n. Toivon, ett\u00e4 h\u00e4n l\u00e4htee ehdolle. <\/span><\/span><\/p>\n<p><span style=\"margin: 0px; line-height: 115%; font-family: 'Calibri',sans-serif; font-size: 14pt;\"><span style=\"color: #000000;\">Vastaanotto Suomessa on ollut perinteist\u00e4. Kannattaako sit\u00e4 nyt l\u00e4hte\u00e4 ehdolle, jos siell\u00e4 on jo saksalainen ehdolla? Kannattaako ottaa riski\u00e4, jos ei ole sataprosenttisen varma, ett\u00e4 tulee valituksi? <\/span><\/span><\/p>\n<p><span style=\"margin: 0px; line-height: 115%; font-family: 'Calibri',sans-serif; font-size: 14pt;\"><span style=\"color: #000000;\">No totta kai kannattaa! Alexin EU- ja KV-kokemus on vertaansa vailla. On Suomen ja Kokoomuksen etu, ett\u00e4 Alexin nimi on esill\u00e4 Euroopan tason spekulaatioissa. H\u00e4n on t\u00e4ll\u00e4 hetkell\u00e4 yksi tunnetuimpia suomalaisia kansainv\u00e4lisesti. <\/span><\/span><\/p>\n<p><span style=\"margin: 0px; line-height: 115%; font-family: 'Calibri',sans-serif; font-size: 14pt;\"><span style=\"color: #000000;\">Kokoomus on Suomen kansainv\u00e4lisin puolue. Meill\u00e4 on tarjota p\u00e4tevi\u00e4 henkil\u00f6it\u00e4 Euroopan huippupaikoille. Me tunnemme Brysselin kabinetit ja osaamme toimia niiss\u00e4. Me tied\u00e4mme, miten EU:ssa vaikutetaan. <\/span><\/span><\/p>","protected":false},"excerpt":{"rendered":"<p>(Puhuttaessa muutokset mahdollisia) Olemme olleet Euroopan unionin j\u00e4seni\u00e4 23 vuotta. Olemme k\u00e4ytt\u00e4neet euroa k\u00e4teisen\u00e4 16 vuotta. Eurooppalaisuus on meille arkea. Yli 55 000 suomalaista nuorta on ollut Erasmus-vaihdossa eurooppalaisissa korkeakouluissa. Suomessa on kuluneen parinkymmenen vuoden aikana ollut yli 70 000 Erasmus-opiskelijaa. Heid\u00e4n repuissaan on kulkenut maasta toiseen kokemuksia, yst\u00e4vyyssuhteita ja kielitaitoa, joka on sitonut meit\u00e4 [&hellip;]<\/p>","protected":false},"author":1,"featured_media":293,"comment_status":"open","ping_status":"open","sticky":false,"template":"","format":"standard","meta":{"footnotes":""},"categories":[6],"tags":[138,10,80,139,140,45],"class_list":["post-968","post","type-post","status-publish","format-standard","has-post-thumbnail","hentry","category-blogi","tag-alexander-stubb","tag-eu","tag-eurooppa","tag-orpo","tag-puhe","tag-puoluevaltuusto"],"yoast_head":"<!-- This site is optimized with the Yoast SEO plugin v26.0 - https:\/\/yoast.com\/wordpress\/plugins\/seo\/ -->\n<title>Puhe Euroopan unionista Kokoomuksen puoluevaltuuston kokouksessa 16.9. - Petteri Orpo<\/title>\n<meta name=\"robots\" content=\"index, follow, max-snippet:-1, max-image-preview:large, max-video-preview:-1\" \/>\n<link rel=\"canonical\" href=\"https:\/\/www.petteriorpo.fi\/sv\/puhe-euroopan-unionista-kokoomuksen-puoluevaltuuston-kokouksessa-16-9\/\" \/>\n<meta property=\"og:locale\" content=\"sv_SE\" \/>\n<meta property=\"og:type\" content=\"article\" \/>\n<meta property=\"og:title\" content=\"Puhe Euroopan unionista Kokoomuksen puoluevaltuuston kokouksessa 16.9. - Petteri Orpo\" \/>\n<meta property=\"og:description\" content=\"(Puhuttaessa muutokset mahdollisia) Olemme olleet Euroopan unionin j\u00e4seni\u00e4 23 vuotta. Olemme k\u00e4ytt\u00e4neet euroa k\u00e4teisen\u00e4 16 vuotta. Eurooppalaisuus on meille arkea. Yli 55 000 suomalaista nuorta on ollut Erasmus-vaihdossa eurooppalaisissa korkeakouluissa. Suomessa on kuluneen parinkymmenen vuoden aikana ollut yli 70 000 Erasmus-opiskelijaa. Heid\u00e4n repuissaan on kulkenut maasta toiseen kokemuksia, yst\u00e4vyyssuhteita ja kielitaitoa, joka on sitonut meit\u00e4 [&hellip;]\" \/>\n<meta property=\"og:url\" content=\"https:\/\/www.petteriorpo.fi\/sv\/puhe-euroopan-unionista-kokoomuksen-puoluevaltuuston-kokouksessa-16-9\/\" \/>\n<meta property=\"og:site_name\" content=\"Petteri Orpo\" \/>\n<meta property=\"article:published_time\" content=\"2018-09-24T12:45:15+00:00\" \/>\n<meta property=\"article:modified_time\" content=\"2023-02-16T16:50:47+00:00\" \/>\n<meta property=\"og:image\" content=\"https:\/\/www.petteriorpo.fi\/wp-content\/uploads\/2016\/11\/Petteri_fb.jpg\" \/>\n\t<meta property=\"og:image:width\" content=\"1219\" \/>\n\t<meta property=\"og:image:height\" content=\"630\" \/>\n\t<meta property=\"og:image:type\" content=\"image\/jpeg\" \/>\n<meta name=\"author\" content=\"admin\" \/>\n<meta name=\"twitter:card\" content=\"summary_large_image\" \/>\n<meta name=\"twitter:label1\" content=\"Skriven av\" \/>\n\t<meta name=\"twitter:data1\" content=\"admin\" \/>\n\t<meta name=\"twitter:label2\" content=\"Ber\u00e4knad l\u00e4stid\" \/>\n\t<meta name=\"twitter:data2\" content=\"4 minuter\" \/>\n<script type=\"application\/ld+json\" class=\"yoast-schema-graph\">{\"@context\":\"https:\/\/schema.org\",\"@graph\":[{\"@type\":\"Article\",\"@id\":\"https:\/\/www.petteriorpo.fi\/puhe-euroopan-unionista-kokoomuksen-puoluevaltuuston-kokouksessa-16-9\/#article\",\"isPartOf\":{\"@id\":\"https:\/\/www.petteriorpo.fi\/puhe-euroopan-unionista-kokoomuksen-puoluevaltuuston-kokouksessa-16-9\/\"},\"author\":{\"name\":\"admin\",\"@id\":\"https:\/\/www.petteriorpo.fi\/#\/schema\/person\/269837cd998a58c819bee3941bc2d2b9\"},\"headline\":\"Puhe Euroopan unionista Kokoomuksen puoluevaltuuston kokouksessa 16.9.\",\"datePublished\":\"2018-09-24T12:45:15+00:00\",\"dateModified\":\"2023-02-16T16:50:47+00:00\",\"mainEntityOfPage\":{\"@id\":\"https:\/\/www.petteriorpo.fi\/puhe-euroopan-unionista-kokoomuksen-puoluevaltuuston-kokouksessa-16-9\/\"},\"wordCount\":900,\"commentCount\":0,\"publisher\":{\"@id\":\"https:\/\/www.petteriorpo.fi\/#organization\"},\"image\":{\"@id\":\"https:\/\/www.petteriorpo.fi\/puhe-euroopan-unionista-kokoomuksen-puoluevaltuuston-kokouksessa-16-9\/#primaryimage\"},\"thumbnailUrl\":\"https:\/\/www.petteriorpo.fi\/wp-content\/uploads\/2016\/11\/Petteri_fb.jpg\",\"keywords\":[\"Alexander Stubb\",\"EU\",\"Eurooppa\",\"Orpo\",\"puhe\",\"puoluevaltuusto\"],\"articleSection\":[\"Blogi\"],\"inLanguage\":\"sv-SE\",\"potentialAction\":[{\"@type\":\"CommentAction\",\"name\":\"Comment\",\"target\":[\"https:\/\/www.petteriorpo.fi\/puhe-euroopan-unionista-kokoomuksen-puoluevaltuuston-kokouksessa-16-9\/#respond\"]}]},{\"@type\":\"WebPage\",\"@id\":\"https:\/\/www.petteriorpo.fi\/puhe-euroopan-unionista-kokoomuksen-puoluevaltuuston-kokouksessa-16-9\/\",\"url\":\"https:\/\/www.petteriorpo.fi\/puhe-euroopan-unionista-kokoomuksen-puoluevaltuuston-kokouksessa-16-9\/\",\"name\":\"Puhe Euroopan unionista Kokoomuksen puoluevaltuuston kokouksessa 16.9. - Petteri Orpo\",\"isPartOf\":{\"@id\":\"https:\/\/www.petteriorpo.fi\/#website\"},\"primaryImageOfPage\":{\"@id\":\"https:\/\/www.petteriorpo.fi\/puhe-euroopan-unionista-kokoomuksen-puoluevaltuuston-kokouksessa-16-9\/#primaryimage\"},\"image\":{\"@id\":\"https:\/\/www.petteriorpo.fi\/puhe-euroopan-unionista-kokoomuksen-puoluevaltuuston-kokouksessa-16-9\/#primaryimage\"},\"thumbnailUrl\":\"https:\/\/www.petteriorpo.fi\/wp-content\/uploads\/2016\/11\/Petteri_fb.jpg\",\"datePublished\":\"2018-09-24T12:45:15+00:00\",\"dateModified\":\"2023-02-16T16:50:47+00:00\",\"breadcrumb\":{\"@id\":\"https:\/\/www.petteriorpo.fi\/puhe-euroopan-unionista-kokoomuksen-puoluevaltuuston-kokouksessa-16-9\/#breadcrumb\"},\"inLanguage\":\"sv-SE\",\"potentialAction\":[{\"@type\":\"ReadAction\",\"target\":[\"https:\/\/www.petteriorpo.fi\/puhe-euroopan-unionista-kokoomuksen-puoluevaltuuston-kokouksessa-16-9\/\"]}]},{\"@type\":\"ImageObject\",\"inLanguage\":\"sv-SE\",\"@id\":\"https:\/\/www.petteriorpo.fi\/puhe-euroopan-unionista-kokoomuksen-puoluevaltuuston-kokouksessa-16-9\/#primaryimage\",\"url\":\"https:\/\/www.petteriorpo.fi\/wp-content\/uploads\/2016\/11\/Petteri_fb.jpg\",\"contentUrl\":\"https:\/\/www.petteriorpo.fi\/wp-content\/uploads\/2016\/11\/Petteri_fb.jpg\",\"width\":1219,\"height\":630},{\"@type\":\"BreadcrumbList\",\"@id\":\"https:\/\/www.petteriorpo.fi\/puhe-euroopan-unionista-kokoomuksen-puoluevaltuuston-kokouksessa-16-9\/#breadcrumb\",\"itemListElement\":[{\"@type\":\"ListItem\",\"position\":1,\"name\":\"Etusivu\",\"item\":\"https:\/\/www.petteriorpo.fi\/\"},{\"@type\":\"ListItem\",\"position\":2,\"name\":\"Puhe Euroopan unionista Kokoomuksen puoluevaltuuston kokouksessa 16.9.\"}]},{\"@type\":\"WebSite\",\"@id\":\"https:\/\/www.petteriorpo.fi\/#website\",\"url\":\"https:\/\/www.petteriorpo.fi\/\",\"name\":\"Petteri Orpo\",\"description\":\"Yhdess&auml; tehden eteenp&auml;in\",\"publisher\":{\"@id\":\"https:\/\/www.petteriorpo.fi\/#organization\"},\"potentialAction\":[{\"@type\":\"SearchAction\",\"target\":{\"@type\":\"EntryPoint\",\"urlTemplate\":\"https:\/\/www.petteriorpo.fi\/?s={search_term_string}\"},\"query-input\":{\"@type\":\"PropertyValueSpecification\",\"valueRequired\":true,\"valueName\":\"search_term_string\"}}],\"inLanguage\":\"sv-SE\"},{\"@type\":\"Organization\",\"@id\":\"https:\/\/www.petteriorpo.fi\/#organization\",\"name\":\"Petteri Orpo\",\"url\":\"https:\/\/www.petteriorpo.fi\/\",\"logo\":{\"@type\":\"ImageObject\",\"inLanguage\":\"sv-SE\",\"@id\":\"https:\/\/www.petteriorpo.fi\/#\/schema\/logo\/image\/\",\"url\":\"https:\/\/www.petteriorpo.fi\/wp-content\/uploads\/2022\/08\/logo_orpo.png\",\"contentUrl\":\"https:\/\/www.petteriorpo.fi\/wp-content\/uploads\/2022\/08\/logo_orpo.png\",\"width\":114,\"height\":120,\"caption\":\"Petteri Orpo\"},\"image\":{\"@id\":\"https:\/\/www.petteriorpo.fi\/#\/schema\/logo\/image\/\"}},{\"@type\":\"Person\",\"@id\":\"https:\/\/www.petteriorpo.fi\/#\/schema\/person\/269837cd998a58c819bee3941bc2d2b9\",\"name\":\"admin\",\"image\":{\"@type\":\"ImageObject\",\"inLanguage\":\"sv-SE\",\"@id\":\"https:\/\/www.petteriorpo.fi\/#\/schema\/person\/image\/\",\"url\":\"https:\/\/secure.gravatar.com\/avatar\/e3534ba089e9f56595220762a1371e56?s=96&d=mm&r=g\",\"contentUrl\":\"https:\/\/secure.gravatar.com\/avatar\/e3534ba089e9f56595220762a1371e56?s=96&d=mm&r=g\",\"caption\":\"admin\"},\"sameAs\":[\"https:\/\/www.petteriorpo.fi\"],\"url\":\"https:\/\/www.petteriorpo.fi\/sv\/author\/admin\/\"}]}<\/script>\n<!-- \/ Yoast SEO plugin. -->","yoast_head_json":{"title":"Puhe Euroopan unionista Kokoomuksen puoluevaltuuston kokouksessa 16.9. - Petteri Orpo","robots":{"index":"index","follow":"follow","max-snippet":"max-snippet:-1","max-image-preview":"max-image-preview:large","max-video-preview":"max-video-preview:-1"},"canonical":"https:\/\/www.petteriorpo.fi\/sv\/puhe-euroopan-unionista-kokoomuksen-puoluevaltuuston-kokouksessa-16-9\/","og_locale":"sv_SE","og_type":"article","og_title":"Puhe Euroopan unionista Kokoomuksen puoluevaltuuston kokouksessa 16.9. - Petteri Orpo","og_description":"(Puhuttaessa muutokset mahdollisia) Olemme olleet Euroopan unionin j\u00e4seni\u00e4 23 vuotta. Olemme k\u00e4ytt\u00e4neet euroa k\u00e4teisen\u00e4 16 vuotta. Eurooppalaisuus on meille arkea. Yli 55 000 suomalaista nuorta on ollut Erasmus-vaihdossa eurooppalaisissa korkeakouluissa. Suomessa on kuluneen parinkymmenen vuoden aikana ollut yli 70 000 Erasmus-opiskelijaa. Heid\u00e4n repuissaan on kulkenut maasta toiseen kokemuksia, yst\u00e4vyyssuhteita ja kielitaitoa, joka on sitonut meit\u00e4 [&hellip;]","og_url":"https:\/\/www.petteriorpo.fi\/sv\/puhe-euroopan-unionista-kokoomuksen-puoluevaltuuston-kokouksessa-16-9\/","og_site_name":"Petteri Orpo","article_published_time":"2018-09-24T12:45:15+00:00","article_modified_time":"2023-02-16T16:50:47+00:00","og_image":[{"width":1219,"height":630,"url":"https:\/\/www.petteriorpo.fi\/wp-content\/uploads\/2016\/11\/Petteri_fb.jpg","type":"image\/jpeg"}],"author":"admin","twitter_card":"summary_large_image","twitter_misc":{"Skriven av":"admin","Ber\u00e4knad l\u00e4stid":"4 minuter"},"schema":{"@context":"https:\/\/schema.org","@graph":[{"@type":"Article","@id":"https:\/\/www.petteriorpo.fi\/puhe-euroopan-unionista-kokoomuksen-puoluevaltuuston-kokouksessa-16-9\/#article","isPartOf":{"@id":"https:\/\/www.petteriorpo.fi\/puhe-euroopan-unionista-kokoomuksen-puoluevaltuuston-kokouksessa-16-9\/"},"author":{"name":"admin","@id":"https:\/\/www.petteriorpo.fi\/#\/schema\/person\/269837cd998a58c819bee3941bc2d2b9"},"headline":"Puhe Euroopan unionista Kokoomuksen puoluevaltuuston kokouksessa 16.9.","datePublished":"2018-09-24T12:45:15+00:00","dateModified":"2023-02-16T16:50:47+00:00","mainEntityOfPage":{"@id":"https:\/\/www.petteriorpo.fi\/puhe-euroopan-unionista-kokoomuksen-puoluevaltuuston-kokouksessa-16-9\/"},"wordCount":900,"commentCount":0,"publisher":{"@id":"https:\/\/www.petteriorpo.fi\/#organization"},"image":{"@id":"https:\/\/www.petteriorpo.fi\/puhe-euroopan-unionista-kokoomuksen-puoluevaltuuston-kokouksessa-16-9\/#primaryimage"},"thumbnailUrl":"https:\/\/www.petteriorpo.fi\/wp-content\/uploads\/2016\/11\/Petteri_fb.jpg","keywords":["Alexander Stubb","EU","Eurooppa","Orpo","puhe","puoluevaltuusto"],"articleSection":["Blogi"],"inLanguage":"sv-SE","potentialAction":[{"@type":"CommentAction","name":"Comment","target":["https:\/\/www.petteriorpo.fi\/puhe-euroopan-unionista-kokoomuksen-puoluevaltuuston-kokouksessa-16-9\/#respond"]}]},{"@type":"WebPage","@id":"https:\/\/www.petteriorpo.fi\/puhe-euroopan-unionista-kokoomuksen-puoluevaltuuston-kokouksessa-16-9\/","url":"https:\/\/www.petteriorpo.fi\/puhe-euroopan-unionista-kokoomuksen-puoluevaltuuston-kokouksessa-16-9\/","name":"Puhe Euroopan unionista Kokoomuksen puoluevaltuuston kokouksessa 16.9. - Petteri Orpo","isPartOf":{"@id":"https:\/\/www.petteriorpo.fi\/#website"},"primaryImageOfPage":{"@id":"https:\/\/www.petteriorpo.fi\/puhe-euroopan-unionista-kokoomuksen-puoluevaltuuston-kokouksessa-16-9\/#primaryimage"},"image":{"@id":"https:\/\/www.petteriorpo.fi\/puhe-euroopan-unionista-kokoomuksen-puoluevaltuuston-kokouksessa-16-9\/#primaryimage"},"thumbnailUrl":"https:\/\/www.petteriorpo.fi\/wp-content\/uploads\/2016\/11\/Petteri_fb.jpg","datePublished":"2018-09-24T12:45:15+00:00","dateModified":"2023-02-16T16:50:47+00:00","breadcrumb":{"@id":"https:\/\/www.petteriorpo.fi\/puhe-euroopan-unionista-kokoomuksen-puoluevaltuuston-kokouksessa-16-9\/#breadcrumb"},"inLanguage":"sv-SE","potentialAction":[{"@type":"ReadAction","target":["https:\/\/www.petteriorpo.fi\/puhe-euroopan-unionista-kokoomuksen-puoluevaltuuston-kokouksessa-16-9\/"]}]},{"@type":"ImageObject","inLanguage":"sv-SE","@id":"https:\/\/www.petteriorpo.fi\/puhe-euroopan-unionista-kokoomuksen-puoluevaltuuston-kokouksessa-16-9\/#primaryimage","url":"https:\/\/www.petteriorpo.fi\/wp-content\/uploads\/2016\/11\/Petteri_fb.jpg","contentUrl":"https:\/\/www.petteriorpo.fi\/wp-content\/uploads\/2016\/11\/Petteri_fb.jpg","width":1219,"height":630},{"@type":"BreadcrumbList","@id":"https:\/\/www.petteriorpo.fi\/puhe-euroopan-unionista-kokoomuksen-puoluevaltuuston-kokouksessa-16-9\/#breadcrumb","itemListElement":[{"@type":"ListItem","position":1,"name":"Etusivu","item":"https:\/\/www.petteriorpo.fi\/"},{"@type":"ListItem","position":2,"name":"Puhe Euroopan unionista Kokoomuksen puoluevaltuuston kokouksessa 16.9."}]},{"@type":"WebSite","@id":"https:\/\/www.petteriorpo.fi\/#website","url":"https:\/\/www.petteriorpo.fi\/","name":"Petteri Orpo","description":"Yhdess&auml; tehden eteenp&auml;in","publisher":{"@id":"https:\/\/www.petteriorpo.fi\/#organization"},"potentialAction":[{"@type":"SearchAction","target":{"@type":"EntryPoint","urlTemplate":"https:\/\/www.petteriorpo.fi\/?s={search_term_string}"},"query-input":{"@type":"PropertyValueSpecification","valueRequired":true,"valueName":"search_term_string"}}],"inLanguage":"sv-SE"},{"@type":"Organization","@id":"https:\/\/www.petteriorpo.fi\/#organization","name":"Petteri Orpo","url":"https:\/\/www.petteriorpo.fi\/","logo":{"@type":"ImageObject","inLanguage":"sv-SE","@id":"https:\/\/www.petteriorpo.fi\/#\/schema\/logo\/image\/","url":"https:\/\/www.petteriorpo.fi\/wp-content\/uploads\/2022\/08\/logo_orpo.png","contentUrl":"https:\/\/www.petteriorpo.fi\/wp-content\/uploads\/2022\/08\/logo_orpo.png","width":114,"height":120,"caption":"Petteri Orpo"},"image":{"@id":"https:\/\/www.petteriorpo.fi\/#\/schema\/logo\/image\/"}},{"@type":"Person","@id":"https:\/\/www.petteriorpo.fi\/#\/schema\/person\/269837cd998a58c819bee3941bc2d2b9","name":"admin","image":{"@type":"ImageObject","inLanguage":"sv-SE","@id":"https:\/\/www.petteriorpo.fi\/#\/schema\/person\/image\/","url":"https:\/\/secure.gravatar.com\/avatar\/e3534ba089e9f56595220762a1371e56?s=96&d=mm&r=g","contentUrl":"https:\/\/secure.gravatar.com\/avatar\/e3534ba089e9f56595220762a1371e56?s=96&d=mm&r=g","caption":"admin"},"sameAs":["https:\/\/www.petteriorpo.fi"],"url":"https:\/\/www.petteriorpo.fi\/sv\/author\/admin\/"}]}},"_links":{"self":[{"href":"https:\/\/www.petteriorpo.fi\/sv\/wp-json\/wp\/v2\/posts\/968","targetHints":{"allow":["GET"]}}],"collection":[{"href":"https:\/\/www.petteriorpo.fi\/sv\/wp-json\/wp\/v2\/posts"}],"about":[{"href":"https:\/\/www.petteriorpo.fi\/sv\/wp-json\/wp\/v2\/types\/post"}],"author":[{"embeddable":true,"href":"https:\/\/www.petteriorpo.fi\/sv\/wp-json\/wp\/v2\/users\/1"}],"replies":[{"embeddable":true,"href":"https:\/\/www.petteriorpo.fi\/sv\/wp-json\/wp\/v2\/comments?post=968"}],"version-history":[{"count":1,"href":"https:\/\/www.petteriorpo.fi\/sv\/wp-json\/wp\/v2\/posts\/968\/revisions"}],"predecessor-version":[{"id":1040,"href":"https:\/\/www.petteriorpo.fi\/sv\/wp-json\/wp\/v2\/posts\/968\/revisions\/1040"}],"wp:featuredmedia":[{"embeddable":true,"href":"https:\/\/www.petteriorpo.fi\/sv\/wp-json\/wp\/v2\/media\/293"}],"wp:attachment":[{"href":"https:\/\/www.petteriorpo.fi\/sv\/wp-json\/wp\/v2\/media?parent=968"}],"wp:term":[{"taxonomy":"category","embeddable":true,"href":"https:\/\/www.petteriorpo.fi\/sv\/wp-json\/wp\/v2\/categories?post=968"},{"taxonomy":"post_tag","embeddable":true,"href":"https:\/\/www.petteriorpo.fi\/sv\/wp-json\/wp\/v2\/tags?post=968"}],"curies":[{"name":"wp","href":"https:\/\/api.w.org\/{rel}","templated":true}]}}