{"id":967,"date":"2018-09-19T10:22:05","date_gmt":"2018-09-19T07:22:05","guid":{"rendered":"https:\/\/www.petteriorpo.fi\/?p=616"},"modified":"2023-02-16T16:50:47","modified_gmt":"2023-02-16T16:50:47","slug":"ministeri-orpon-vuoden-2019-talousarvioesityksen-esittelypuheenvuoro","status":"publish","type":"post","link":"https:\/\/www.petteriorpo.fi\/sv\/ministeri-orpon-vuoden-2019-talousarvioesityksen-esittelypuheenvuoro\/","title":{"rendered":"Ministeri Orpon vuoden 2019 talousarvioesityksen esittelypuheenvuoro"},"content":{"rendered":"<p><strong>Budjetin l\u00e4hetekeskustelu, Eduskunnassa 18.9.2018<\/strong><\/p>\n<p>Arvoisa puhemies,<\/p>\n<p>Hallitus on tehnyt ensi vuodelle talousarvioesityksen, jota esittelen teille enemm\u00e4n kuin mielell\u00e4ni. Sen voi esitell\u00e4 perkaamalla miljardeja ja miljoonia. Mutta sen voi esitell\u00e4 my\u00f6s kertomuksena valinnoista. Niist\u00e4, joita olemme tehneet, jotta Suomi olisi hyv\u00e4 paikka asua ja el\u00e4\u00e4 \u2013 tulevaisuudessakin.<\/p>\n<p>Suomalaisen hyvinvoinnin puolustajat ovat niit\u00e4, jotka pit\u00e4v\u00e4t taloudesta huolta. Hyvinvointia riitt\u00e4\u00e4 huomiselle vain, jos talous on kest\u00e4v\u00e4ll\u00e4 pohjalla. Siksi olemme tehneet vastuullisen budjetin.<\/p>\n<p>Haluamme, ett\u00e4 Suomessa ihmiset kokevat, ett\u00e4 t\u00e4ss\u00e4 maassa saa tehd\u00e4. Saa yritt\u00e4\u00e4 ja menesty\u00e4. Saa ep\u00e4onnistua \u2013 jaloilleen autetaan. Saa apua, jos sit\u00e4 tarvitsee. Saa mahdollisuuksia. Siksi olemme tehneet budjetin, joka tukee ty\u00f6llisyytt\u00e4 ja tasa-arvoa ja v\u00e4hent\u00e4\u00e4 eriarvoisuutta.<\/p>\n<p>T\u00e4m\u00e4n vaalikauden suurin onnistuminen on ollut, ett\u00e4 niin moni suomalainen on p\u00e4\u00e4ssyt t\u00f6ihin. Kolmen vuoden aikana yli 110 000 ihmist\u00e4 on saanut ty\u00f6paikan. Ty\u00f6 on iso asia ihmiselle itselleen. Kun is\u00e4 tai \u00e4iti ehk\u00e4 pitk\u00e4kin yritt\u00e4misen j\u00e4lkeen saa t\u00f6it\u00e4 \u2013 se on hurjan t\u00e4rke\u00e4 asia sille koko perheelle.<\/p>\n<p>Samalla kannan edelleen huolta heist\u00e4, jotka eiv\u00e4t ole viel\u00e4 saaneet t\u00f6it\u00e4. N\u00e4it\u00e4 suomalaisia on edelleen 260 tuhatta. Ty\u00f6t\u00e4 vailla olevat ja avoimet ty\u00f6paikat eiv\u00e4t l\u00f6yd\u00e4 toisiaan. Ymp\u00e4ri Suomen on yrityksi\u00e4, joissa ty\u00f6 vain odottaa tekij\u00e4\u00e4ns\u00e4. Suomessa j\u00e4\u00e4 valtava m\u00e4\u00e4r\u00e4 ty\u00f6t\u00e4 tekem\u00e4tt\u00e4 jokainen viikko, jokainen p\u00e4iv\u00e4 ja jokainen tunti.<\/p>\n<p>Ty\u00f6tt\u00f6myys on suurin k\u00f6yhyyden aiheuttaja. Siksi pureudumme siihen, miten saamme ty\u00f6n ja tekij\u00e4t kohtaamaan. Ja miten autamme heit\u00e4, joiden on kaikkein vaikein p\u00e4\u00e4st\u00e4 ty\u00f6n syrj\u00e4\u00e4n kiinni.<\/p>\n<p>K\u00f6yhyys ei Suomesta poistu, ellei mahdollisimman moni saa el\u00e4tt\u00e4\u00e4 itse\u00e4\u00e4n omalla ty\u00f6ll\u00e4\u00e4n. Vain suomalaisten oma ahkeruus voi poistaa k\u00f6yhyyden. Sit\u00e4 ei tee yksik\u00e4\u00e4n puolue eik\u00e4 poliitikko. Meid\u00e4n teht\u00e4v\u00e4mme on poistaa esteet ahkeruuden ja kekseli\u00e4isyyden tielt\u00e4.<\/p>\n<p>Nyt esimerkiksi lis\u00e4\u00e4mme ja helpotamme palkkatuen k\u00e4ytt\u00f6\u00e4 yrityksiss\u00e4, jotta pitk\u00e4\u00e4n ty\u00f6tt\u00f6m\u00e4n\u00e4 olleet ja osaty\u00f6kykyiset ty\u00f6llistyisiv\u00e4t nykyist\u00e4 paremmin. Lis\u00e4\u00e4mme r\u00e4\u00e4t\u00e4l\u00f6ity\u00e4 tukea pitk\u00e4\u00e4n ty\u00f6tt\u00f6min\u00e4 olleille. Helpotamme lyhytkestoisen ty\u00f6n vastaanottamista. Tuemme ty\u00f6n per\u00e4ss\u00e4 muuttamista. Vauhditamme maahanmuuttajien ty\u00f6llistymist\u00e4. Haluamme, ett\u00e4 Suomessa on hyv\u00e4 rakentaa tulevaisuutta. Siksi olemme tehneet budjetin, joka vahvistaa kasvua ja osaamista.<\/p>\n<p>Maailmanlaajuisessa kilpailussa Suomi p\u00e4rj\u00e4\u00e4 vain osaamisella. Tarvitsemme laadukasta tutkimusta, uusia ideoita ja kyky\u00e4 skaalata ja kaupallistaa niit\u00e4.<\/p>\n<p>Tarvitsemme kansainv\u00e4lisi\u00e4 verkostoja ja yh\u00e4 reippaampaa myyntiotetta, jotta tuotteemme menestyv\u00e4t maailmalla. Siksi lis\u00e4\u00e4mme pysyv\u00e4sti tutkimuksen, kehityksen ja innovaatioiden rahoitusta noin 112 miljoonalla eurolla.<\/p>\n<p>Haluamme, ett\u00e4 Suomi on tulevaisuudessakin maa, jossa ihmiset kokevat olonsa turvalliseksi. Siksi esimerkiksi pid\u00e4mme huolta, ett\u00e4 poliisien m\u00e4\u00e4r\u00e4 s\u00e4ilyy 7200:ssa ja harvaan asutuille alueille palkataan lis\u00e4\u00e4 poliiseja.<\/p>\n<p>Ymp\u00e4rist\u00f6n puhtaus, luonnon monimuotoisuus ja ilmastonmuutoksen hillint\u00e4 ovat meid\u00e4n kaikkien vastuulla. Moni koki kes\u00e4ll\u00e4 omakohtaisesti, mist\u00e4 on kysymys. Helteinen kes\u00e4 teki m\u00f6kkivesist\u00e4 uimakelvottomia. Kuivuus vei viljelij\u00f6ilt\u00e4 sadon, purojen uomat kuivuivat. Monet kodit kuumenivat l\u00e4k\u00e4hdytt\u00e4viksi, tuulettimet loppuivat kaupoista.<\/p>\n<p>T\u00e4ss\u00e4kin budjetissa teemme valintoja yhteisen ymp\u00e4rist\u00f6mme hyv\u00e4ksi. Yksi kipeimmin toimia vaativista vesist\u00e4 on It\u00e4meri. Aloitimme kolmivuotisen ohjelman, jolla v\u00e4henn\u00e4mme It\u00e4meren ravinnekuormitusta. Tutkimusalus Aranda on uusittu, nyt lis\u00e4\u00e4mme sen k\u00e4ytt\u00f6\u00e4. On vaikea n\u00e4hd\u00e4, ett\u00e4 t\u00e4m\u00e4n ohjelman jatkamisesta tulisi tulevina vuosina kiistaa. Arvostamme suomalaista, l\u00e4hell\u00e4 tuotettua ruokaa. On selv\u00e4\u00e4, ett\u00e4 autamme enn\u00e4tyskuivasta kes\u00e4st\u00e4 k\u00e4rsinytt\u00e4 suomalaista ruoantuottajaa.<\/p>\n<p>Olen iloinen siit\u00e4, ett\u00e4 Suomi oli ensimm\u00e4isi\u00e4 maita maailmassa, joka on sis\u00e4llytt\u00e4nyt kest\u00e4v\u00e4n kehityksen osaksi valtion budjettia. Suomen esimerkki on her\u00e4tt\u00e4nyt kiinnostusta my\u00f6s kansainv\u00e4lisesti. Otimme kest\u00e4v\u00e4n kehityksen budjetoinnin viime vuonna ensimm\u00e4ist\u00e4 kertaa mukaan valtion budjettiin, nyt laajennamme sit\u00e4. Budjetin p\u00e4\u00e4luokissa k\u00e4yd\u00e4\u00e4n l\u00e4pi m\u00e4\u00e4r\u00e4rahojen yhteydet kest\u00e4v\u00e4\u00e4n kehitykseen ja muun muassa siihen, miten eri m\u00e4\u00e4r\u00e4rahat edist\u00e4v\u00e4t hiilineutraalin ja resurssiviisaan Suomen tavoitteita. Haluamme, ett\u00e4 kest\u00e4v\u00e4n kehityksen periaatteet ohjaavat jatkossa vahvemmin koko valtion budjetin laadintaa.<\/p>\n<p>Arvoisa puhemies,<\/p>\n<p>Verotuksen rakenne on yksi keskeisimpi\u00e4 keinoja ohjata yhteiskunnallista kehityst\u00e4. Meid\u00e4n viestimme suomalaisille on, ett\u00e4 Suomessa paitsi saa my\u00f6s kannattaa tehd\u00e4 ty\u00f6t\u00e4. Siksi t\u00e4ss\u00e4k\u00e4\u00e4n budjetissa kenenk\u00e4\u00e4n ty\u00f6n verotus ei kiristy.<\/p>\n<p>Palkansaajien ja my\u00f6s el\u00e4kel\u00e4isten verotus pysyy l\u00e4hes ennallaan ensi vuonna. Verotusta kevennet\u00e4\u00e4n 130 miljoonalla eurolla. Eniten kevenee pieni- ja keskituloisten verotus. El\u00e4kkeensaajien ostovoiman turvaamiseksi el\u00e4kel\u00e4isten verotusta kevennet\u00e4\u00e4n 30 miljoonalla. V\u00e4ite, ett\u00e4 t\u00e4m\u00e4n hallituksen veropolitiikka olisi suosinut suurituloisia on v\u00e4\u00e4r\u00e4. Veropolitiikan suurin hy\u00f6tyj\u00e4 on ollut pieni- ja keskituloinen palkansaaja. Ty\u00f6n verotusta on kevennetty yhteens\u00e4 1,4 miljardilla.<\/p>\n<p>Tuloverotuksen kevent\u00e4minen on kannanotto: Ty\u00f6n tekemist\u00e4 arvostetaan. Se on my\u00f6s viesti, ett\u00e4 ihmisten kuuluu saada itse p\u00e4\u00e4tt\u00e4\u00e4 rehellisesti hankkimiensa rahojen k\u00e4yt\u00f6st\u00e4. Ne ovat ihmisten rahoja, eiv\u00e4t valtion.<\/p>\n<p>Ty\u00f6 ja yritt\u00e4minen sek\u00e4 s\u00e4\u00e4st\u00e4minen ja sijoittaminen ovat hy\u00f6dyllist\u00e4 ja hyvinvointia luovaa toimintaa. Sellaista haluamme verottaa v\u00e4hemm\u00e4n. Mieluummin verotamme sellaista toimintaa, josta aiheutuu haittaa ja menetyksi\u00e4 hyvinvoinnille. Sen vuoksi esimerkiksi turpeen k\u00e4ytt\u00f6\u00e4 ja tupakkaa verotetaan jatkossa entist\u00e4 tiukemmin. Esitt\u00e4m\u00e4mme piensijoittajan osakes\u00e4\u00e4st\u00f6tili on pitk\u00e4\u00e4n aikaan ensimm\u00e4inen uudistus, joka parantaa tavallisen piensijoittajan asemaa. Kyse ei ole pienest\u00e4 porukasta: Suomessa on jo yli 800\u202f000 ihmist\u00e4, jotka omistavat osakkeita. Tili avaa tavallisille suomalaisille kannustavan v\u00e4yl\u00e4n pikkuhiljaa kerrytt\u00e4\u00e4 vaurautta oman talouden turvaksi. Arvoisat kuulijat,<\/p>\n<p>Menetimme vuosia finanssikriisin ja sit\u00e4 seuranneen talouden alhon vuoksi. Vasta t\u00e4n\u00e4 vuonna saavutimme BKT:n tasolla mitattuna finanssikriisi\u00e4 edelt\u00e4neen ajan. Nyt Suomi k\u00e4y t\u00e4ysill\u00e4, yritykset palkkaavat v\u00e4ke\u00e4, tilauskirjat pullistelevat, vienti vet\u00e4\u00e4.<\/p>\n<p>Kun t\u00e4m\u00e4 hallitus aloitti, valtio otti velkaa yli 6 miljardia euroa. Olemme saaneet velkaantumiseen taittumaan. Kun nyt pid\u00e4mme kiinni t\u00e4st\u00e4 vastuullisesta talouden linjasta ja tuemme sit\u00e4, ett\u00e4 yh\u00e4 useampi suomalainen l\u00f6yt\u00e4\u00e4 t\u00f6it\u00e4, on mahdollista, ett\u00e4 vuonna 2020 teemme tasapainossa olevan budjetin. Vuodesta 2015 vuoteen 2019 julkisen talouden rahoitusasema on vahvistumassa yli 5,5 miljardilla eurolla.<\/p>\n<p>Oppositiosta on mollattu, ett\u00e4 t\u00e4m\u00e4 ei olisi tulevaisuusbudjetti. Olen t\u00e4ysin eri mielt\u00e4. Isompaa tulevaisuustekoa ei ole kuin se, ett\u00e4 saamme velaksi el\u00e4misen loppumaan. Ett\u00e4 lakkaamme el\u00e4m\u00e4st\u00e4 k\u00e4det syv\u00e4ll\u00e4 lastemme taskuissa. Ensi vuonna valtion velanotto pienenee 1,4 miljardiin. Valtiovarainministeri\u00f6n perjantaina julkaiseman taloudellisen katsauksen mukaan julkinen talous on tasapainossa jo ensi vuonna.<\/p>\n<p>Suomi el\u00e4\u00e4 t\u00e4n\u00e4 vuonna noususuhdanteen huippua. Taloutemme kasvaa kolmen prosentin vauhtia. Edess\u00e4mme on kuitenkin vaatimattomamman kasvun aika, ensi vuonna talouskasvu hidastuu jo alle kahden prosentin. V\u00e4est\u00f6mme vanhenee.<\/p>\n<p>Pitk\u00e4n aikav\u00e4lin ensimm\u00e4inen p\u00e4iv\u00e4 on t\u00e4n\u00e4\u00e4n. Olemme nyt kolmisen vuotta tehneet t\u00f6it\u00e4 ja valaneet perustaa, jolle t\u00e4m\u00e4 maa ja sen ihmiset voivat rakentaa hyv\u00e4\u00e4 el\u00e4m\u00e4\u00e4 tulevina vuosina ja vuosikymmenin\u00e4.<\/p>\n<p>T\u00e4m\u00e4 budjetti vahvistaa perustaa edelleen \u2013 ja n\u00e4yt\u00f6t puhuvat puolestaan. Me emme tarvitse holtittomia lupauksia. Me tarvitsemme varautumista pahan p\u00e4iv\u00e4n varalle, ett\u00e4 l\u00e4hestyv\u00e4t, huonommat ajat, p\u00e4rj\u00e4t\u00e4\u00e4n Suomena, yhdess\u00e4. Ja sit\u00e4 me t\u00e4ll\u00e4 budjetilla teemme.<\/p>","protected":false},"excerpt":{"rendered":"<p>Budjetin l\u00e4hetekeskustelu, Eduskunnassa 18.9.2018 Arvoisa puhemies, Hallitus on tehnyt ensi vuodelle talousarvioesityksen, jota esittelen teille enemm\u00e4n kuin mielell\u00e4ni. Sen voi esitell\u00e4 perkaamalla miljardeja ja miljoonia. Mutta sen voi esitell\u00e4 my\u00f6s kertomuksena valinnoista. Niist\u00e4, joita olemme tehneet, jotta Suomi olisi hyv\u00e4 paikka asua ja el\u00e4\u00e4 \u2013 tulevaisuudessakin. Suomalaisen hyvinvoinnin puolustajat ovat niit\u00e4, jotka pit\u00e4v\u00e4t taloudesta huolta. [&hellip;]<\/p>","protected":false},"author":1,"featured_media":1105,"comment_status":"open","ping_status":"open","sticky":false,"template":"","format":"standard","meta":{"footnotes":""},"categories":[6],"tags":[135,64,136,137,24],"class_list":["post-967","post","type-post","status-publish","format-standard","has-post-thumbnail","hentry","category-blogi","tag-135","tag-budjetti","tag-eduskunta","tag-ministeri","tag-talous"],"yoast_head":"<!-- This site is optimized with the Yoast SEO plugin v26.0 - https:\/\/yoast.com\/wordpress\/plugins\/seo\/ -->\n<title>Ministeri Orpon vuoden 2019 talousarvioesityksen esittelypuheenvuoro - Petteri Orpo<\/title>\n<meta name=\"robots\" content=\"index, follow, max-snippet:-1, max-image-preview:large, max-video-preview:-1\" \/>\n<link rel=\"canonical\" href=\"https:\/\/www.petteriorpo.fi\/sv\/ministeri-orpon-vuoden-2019-talousarvioesityksen-esittelypuheenvuoro\/\" \/>\n<meta property=\"og:locale\" content=\"sv_SE\" \/>\n<meta property=\"og:type\" content=\"article\" \/>\n<meta property=\"og:title\" content=\"Ministeri Orpon vuoden 2019 talousarvioesityksen esittelypuheenvuoro - Petteri Orpo\" \/>\n<meta property=\"og:description\" content=\"Budjetin l\u00e4hetekeskustelu, Eduskunnassa 18.9.2018 Arvoisa puhemies, Hallitus on tehnyt ensi vuodelle talousarvioesityksen, jota esittelen teille enemm\u00e4n kuin mielell\u00e4ni. Sen voi esitell\u00e4 perkaamalla miljardeja ja miljoonia. Mutta sen voi esitell\u00e4 my\u00f6s kertomuksena valinnoista. Niist\u00e4, joita olemme tehneet, jotta Suomi olisi hyv\u00e4 paikka asua ja el\u00e4\u00e4 \u2013 tulevaisuudessakin. Suomalaisen hyvinvoinnin puolustajat ovat niit\u00e4, jotka pit\u00e4v\u00e4t taloudesta huolta. [&hellip;]\" \/>\n<meta property=\"og:url\" content=\"https:\/\/www.petteriorpo.fi\/sv\/ministeri-orpon-vuoden-2019-talousarvioesityksen-esittelypuheenvuoro\/\" \/>\n<meta property=\"og:site_name\" content=\"Petteri Orpo\" \/>\n<meta property=\"article:published_time\" content=\"2018-09-19T07:22:05+00:00\" \/>\n<meta property=\"article:modified_time\" content=\"2023-02-16T16:50:47+00:00\" \/>\n<meta property=\"og:image\" content=\"https:\/\/www.petteriorpo.fi\/wp-content\/uploads\/2016\/11\/Petteri_1.jpg\" \/>\n\t<meta property=\"og:image:width\" content=\"1230\" \/>\n\t<meta property=\"og:image:height\" content=\"630\" \/>\n\t<meta property=\"og:image:type\" content=\"image\/jpeg\" \/>\n<meta name=\"author\" content=\"admin\" \/>\n<meta name=\"twitter:card\" content=\"summary_large_image\" \/>\n<meta name=\"twitter:label1\" content=\"Skriven av\" \/>\n\t<meta name=\"twitter:data1\" content=\"admin\" \/>\n\t<meta name=\"twitter:label2\" content=\"Ber\u00e4knad l\u00e4stid\" \/>\n\t<meta name=\"twitter:data2\" content=\"6 minuter\" \/>\n<script type=\"application\/ld+json\" class=\"yoast-schema-graph\">{\"@context\":\"https:\/\/schema.org\",\"@graph\":[{\"@type\":\"Article\",\"@id\":\"https:\/\/www.petteriorpo.fi\/ministeri-orpon-vuoden-2019-talousarvioesityksen-esittelypuheenvuoro\/#article\",\"isPartOf\":{\"@id\":\"https:\/\/www.petteriorpo.fi\/ministeri-orpon-vuoden-2019-talousarvioesityksen-esittelypuheenvuoro\/\"},\"author\":{\"name\":\"admin\",\"@id\":\"https:\/\/www.petteriorpo.fi\/#\/schema\/person\/269837cd998a58c819bee3941bc2d2b9\"},\"headline\":\"Ministeri Orpon vuoden 2019 talousarvioesityksen esittelypuheenvuoro\",\"datePublished\":\"2018-09-19T07:22:05+00:00\",\"dateModified\":\"2023-02-16T16:50:47+00:00\",\"mainEntityOfPage\":{\"@id\":\"https:\/\/www.petteriorpo.fi\/ministeri-orpon-vuoden-2019-talousarvioesityksen-esittelypuheenvuoro\/\"},\"wordCount\":1168,\"commentCount\":0,\"publisher\":{\"@id\":\"https:\/\/www.petteriorpo.fi\/#organization\"},\"image\":{\"@id\":\"https:\/\/www.petteriorpo.fi\/ministeri-orpon-vuoden-2019-talousarvioesityksen-esittelypuheenvuoro\/#primaryimage\"},\"thumbnailUrl\":\"https:\/\/www.petteriorpo.fi\/wp-content\/uploads\/2016\/11\/Petteri_1.jpg\",\"keywords\":[\"2019\",\"budjetti\",\"eduskunta\",\"ministeri\",\"talous\"],\"articleSection\":[\"Blogi\"],\"inLanguage\":\"sv-SE\",\"potentialAction\":[{\"@type\":\"CommentAction\",\"name\":\"Comment\",\"target\":[\"https:\/\/www.petteriorpo.fi\/ministeri-orpon-vuoden-2019-talousarvioesityksen-esittelypuheenvuoro\/#respond\"]}]},{\"@type\":\"WebPage\",\"@id\":\"https:\/\/www.petteriorpo.fi\/ministeri-orpon-vuoden-2019-talousarvioesityksen-esittelypuheenvuoro\/\",\"url\":\"https:\/\/www.petteriorpo.fi\/ministeri-orpon-vuoden-2019-talousarvioesityksen-esittelypuheenvuoro\/\",\"name\":\"Ministeri Orpon vuoden 2019 talousarvioesityksen esittelypuheenvuoro - Petteri Orpo\",\"isPartOf\":{\"@id\":\"https:\/\/www.petteriorpo.fi\/#website\"},\"primaryImageOfPage\":{\"@id\":\"https:\/\/www.petteriorpo.fi\/ministeri-orpon-vuoden-2019-talousarvioesityksen-esittelypuheenvuoro\/#primaryimage\"},\"image\":{\"@id\":\"https:\/\/www.petteriorpo.fi\/ministeri-orpon-vuoden-2019-talousarvioesityksen-esittelypuheenvuoro\/#primaryimage\"},\"thumbnailUrl\":\"https:\/\/www.petteriorpo.fi\/wp-content\/uploads\/2016\/11\/Petteri_1.jpg\",\"datePublished\":\"2018-09-19T07:22:05+00:00\",\"dateModified\":\"2023-02-16T16:50:47+00:00\",\"breadcrumb\":{\"@id\":\"https:\/\/www.petteriorpo.fi\/ministeri-orpon-vuoden-2019-talousarvioesityksen-esittelypuheenvuoro\/#breadcrumb\"},\"inLanguage\":\"sv-SE\",\"potentialAction\":[{\"@type\":\"ReadAction\",\"target\":[\"https:\/\/www.petteriorpo.fi\/ministeri-orpon-vuoden-2019-talousarvioesityksen-esittelypuheenvuoro\/\"]}]},{\"@type\":\"ImageObject\",\"inLanguage\":\"sv-SE\",\"@id\":\"https:\/\/www.petteriorpo.fi\/ministeri-orpon-vuoden-2019-talousarvioesityksen-esittelypuheenvuoro\/#primaryimage\",\"url\":\"https:\/\/www.petteriorpo.fi\/wp-content\/uploads\/2016\/11\/Petteri_1.jpg\",\"contentUrl\":\"https:\/\/www.petteriorpo.fi\/wp-content\/uploads\/2016\/11\/Petteri_1.jpg\",\"width\":1230,\"height\":630},{\"@type\":\"BreadcrumbList\",\"@id\":\"https:\/\/www.petteriorpo.fi\/ministeri-orpon-vuoden-2019-talousarvioesityksen-esittelypuheenvuoro\/#breadcrumb\",\"itemListElement\":[{\"@type\":\"ListItem\",\"position\":1,\"name\":\"Etusivu\",\"item\":\"https:\/\/www.petteriorpo.fi\/\"},{\"@type\":\"ListItem\",\"position\":2,\"name\":\"Ministeri Orpon vuoden 2019 talousarvioesityksen esittelypuheenvuoro\"}]},{\"@type\":\"WebSite\",\"@id\":\"https:\/\/www.petteriorpo.fi\/#website\",\"url\":\"https:\/\/www.petteriorpo.fi\/\",\"name\":\"Petteri Orpo\",\"description\":\"Yhdess&auml; tehden eteenp&auml;in\",\"publisher\":{\"@id\":\"https:\/\/www.petteriorpo.fi\/#organization\"},\"potentialAction\":[{\"@type\":\"SearchAction\",\"target\":{\"@type\":\"EntryPoint\",\"urlTemplate\":\"https:\/\/www.petteriorpo.fi\/?s={search_term_string}\"},\"query-input\":{\"@type\":\"PropertyValueSpecification\",\"valueRequired\":true,\"valueName\":\"search_term_string\"}}],\"inLanguage\":\"sv-SE\"},{\"@type\":\"Organization\",\"@id\":\"https:\/\/www.petteriorpo.fi\/#organization\",\"name\":\"Petteri Orpo\",\"url\":\"https:\/\/www.petteriorpo.fi\/\",\"logo\":{\"@type\":\"ImageObject\",\"inLanguage\":\"sv-SE\",\"@id\":\"https:\/\/www.petteriorpo.fi\/#\/schema\/logo\/image\/\",\"url\":\"https:\/\/www.petteriorpo.fi\/wp-content\/uploads\/2022\/08\/logo_orpo.png\",\"contentUrl\":\"https:\/\/www.petteriorpo.fi\/wp-content\/uploads\/2022\/08\/logo_orpo.png\",\"width\":114,\"height\":120,\"caption\":\"Petteri Orpo\"},\"image\":{\"@id\":\"https:\/\/www.petteriorpo.fi\/#\/schema\/logo\/image\/\"}},{\"@type\":\"Person\",\"@id\":\"https:\/\/www.petteriorpo.fi\/#\/schema\/person\/269837cd998a58c819bee3941bc2d2b9\",\"name\":\"admin\",\"image\":{\"@type\":\"ImageObject\",\"inLanguage\":\"sv-SE\",\"@id\":\"https:\/\/www.petteriorpo.fi\/#\/schema\/person\/image\/\",\"url\":\"https:\/\/secure.gravatar.com\/avatar\/e3534ba089e9f56595220762a1371e56?s=96&d=mm&r=g\",\"contentUrl\":\"https:\/\/secure.gravatar.com\/avatar\/e3534ba089e9f56595220762a1371e56?s=96&d=mm&r=g\",\"caption\":\"admin\"},\"sameAs\":[\"https:\/\/www.petteriorpo.fi\"],\"url\":\"https:\/\/www.petteriorpo.fi\/sv\/author\/admin\/\"}]}<\/script>\n<!-- \/ Yoast SEO plugin. -->","yoast_head_json":{"title":"Ministeri Orpon vuoden 2019 talousarvioesityksen esittelypuheenvuoro - Petteri Orpo","robots":{"index":"index","follow":"follow","max-snippet":"max-snippet:-1","max-image-preview":"max-image-preview:large","max-video-preview":"max-video-preview:-1"},"canonical":"https:\/\/www.petteriorpo.fi\/sv\/ministeri-orpon-vuoden-2019-talousarvioesityksen-esittelypuheenvuoro\/","og_locale":"sv_SE","og_type":"article","og_title":"Ministeri Orpon vuoden 2019 talousarvioesityksen esittelypuheenvuoro - Petteri Orpo","og_description":"Budjetin l\u00e4hetekeskustelu, Eduskunnassa 18.9.2018 Arvoisa puhemies, Hallitus on tehnyt ensi vuodelle talousarvioesityksen, jota esittelen teille enemm\u00e4n kuin mielell\u00e4ni. Sen voi esitell\u00e4 perkaamalla miljardeja ja miljoonia. Mutta sen voi esitell\u00e4 my\u00f6s kertomuksena valinnoista. Niist\u00e4, joita olemme tehneet, jotta Suomi olisi hyv\u00e4 paikka asua ja el\u00e4\u00e4 \u2013 tulevaisuudessakin. Suomalaisen hyvinvoinnin puolustajat ovat niit\u00e4, jotka pit\u00e4v\u00e4t taloudesta huolta. [&hellip;]","og_url":"https:\/\/www.petteriorpo.fi\/sv\/ministeri-orpon-vuoden-2019-talousarvioesityksen-esittelypuheenvuoro\/","og_site_name":"Petteri Orpo","article_published_time":"2018-09-19T07:22:05+00:00","article_modified_time":"2023-02-16T16:50:47+00:00","og_image":[{"width":1230,"height":630,"url":"https:\/\/www.petteriorpo.fi\/wp-content\/uploads\/2016\/11\/Petteri_1.jpg","type":"image\/jpeg"}],"author":"admin","twitter_card":"summary_large_image","twitter_misc":{"Skriven av":"admin","Ber\u00e4knad l\u00e4stid":"6 minuter"},"schema":{"@context":"https:\/\/schema.org","@graph":[{"@type":"Article","@id":"https:\/\/www.petteriorpo.fi\/ministeri-orpon-vuoden-2019-talousarvioesityksen-esittelypuheenvuoro\/#article","isPartOf":{"@id":"https:\/\/www.petteriorpo.fi\/ministeri-orpon-vuoden-2019-talousarvioesityksen-esittelypuheenvuoro\/"},"author":{"name":"admin","@id":"https:\/\/www.petteriorpo.fi\/#\/schema\/person\/269837cd998a58c819bee3941bc2d2b9"},"headline":"Ministeri Orpon vuoden 2019 talousarvioesityksen esittelypuheenvuoro","datePublished":"2018-09-19T07:22:05+00:00","dateModified":"2023-02-16T16:50:47+00:00","mainEntityOfPage":{"@id":"https:\/\/www.petteriorpo.fi\/ministeri-orpon-vuoden-2019-talousarvioesityksen-esittelypuheenvuoro\/"},"wordCount":1168,"commentCount":0,"publisher":{"@id":"https:\/\/www.petteriorpo.fi\/#organization"},"image":{"@id":"https:\/\/www.petteriorpo.fi\/ministeri-orpon-vuoden-2019-talousarvioesityksen-esittelypuheenvuoro\/#primaryimage"},"thumbnailUrl":"https:\/\/www.petteriorpo.fi\/wp-content\/uploads\/2016\/11\/Petteri_1.jpg","keywords":["2019","budjetti","eduskunta","ministeri","talous"],"articleSection":["Blogi"],"inLanguage":"sv-SE","potentialAction":[{"@type":"CommentAction","name":"Comment","target":["https:\/\/www.petteriorpo.fi\/ministeri-orpon-vuoden-2019-talousarvioesityksen-esittelypuheenvuoro\/#respond"]}]},{"@type":"WebPage","@id":"https:\/\/www.petteriorpo.fi\/ministeri-orpon-vuoden-2019-talousarvioesityksen-esittelypuheenvuoro\/","url":"https:\/\/www.petteriorpo.fi\/ministeri-orpon-vuoden-2019-talousarvioesityksen-esittelypuheenvuoro\/","name":"Ministeri Orpon vuoden 2019 talousarvioesityksen esittelypuheenvuoro - Petteri Orpo","isPartOf":{"@id":"https:\/\/www.petteriorpo.fi\/#website"},"primaryImageOfPage":{"@id":"https:\/\/www.petteriorpo.fi\/ministeri-orpon-vuoden-2019-talousarvioesityksen-esittelypuheenvuoro\/#primaryimage"},"image":{"@id":"https:\/\/www.petteriorpo.fi\/ministeri-orpon-vuoden-2019-talousarvioesityksen-esittelypuheenvuoro\/#primaryimage"},"thumbnailUrl":"https:\/\/www.petteriorpo.fi\/wp-content\/uploads\/2016\/11\/Petteri_1.jpg","datePublished":"2018-09-19T07:22:05+00:00","dateModified":"2023-02-16T16:50:47+00:00","breadcrumb":{"@id":"https:\/\/www.petteriorpo.fi\/ministeri-orpon-vuoden-2019-talousarvioesityksen-esittelypuheenvuoro\/#breadcrumb"},"inLanguage":"sv-SE","potentialAction":[{"@type":"ReadAction","target":["https:\/\/www.petteriorpo.fi\/ministeri-orpon-vuoden-2019-talousarvioesityksen-esittelypuheenvuoro\/"]}]},{"@type":"ImageObject","inLanguage":"sv-SE","@id":"https:\/\/www.petteriorpo.fi\/ministeri-orpon-vuoden-2019-talousarvioesityksen-esittelypuheenvuoro\/#primaryimage","url":"https:\/\/www.petteriorpo.fi\/wp-content\/uploads\/2016\/11\/Petteri_1.jpg","contentUrl":"https:\/\/www.petteriorpo.fi\/wp-content\/uploads\/2016\/11\/Petteri_1.jpg","width":1230,"height":630},{"@type":"BreadcrumbList","@id":"https:\/\/www.petteriorpo.fi\/ministeri-orpon-vuoden-2019-talousarvioesityksen-esittelypuheenvuoro\/#breadcrumb","itemListElement":[{"@type":"ListItem","position":1,"name":"Etusivu","item":"https:\/\/www.petteriorpo.fi\/"},{"@type":"ListItem","position":2,"name":"Ministeri Orpon vuoden 2019 talousarvioesityksen esittelypuheenvuoro"}]},{"@type":"WebSite","@id":"https:\/\/www.petteriorpo.fi\/#website","url":"https:\/\/www.petteriorpo.fi\/","name":"Petteri Orpo","description":"Yhdess&auml; tehden eteenp&auml;in","publisher":{"@id":"https:\/\/www.petteriorpo.fi\/#organization"},"potentialAction":[{"@type":"SearchAction","target":{"@type":"EntryPoint","urlTemplate":"https:\/\/www.petteriorpo.fi\/?s={search_term_string}"},"query-input":{"@type":"PropertyValueSpecification","valueRequired":true,"valueName":"search_term_string"}}],"inLanguage":"sv-SE"},{"@type":"Organization","@id":"https:\/\/www.petteriorpo.fi\/#organization","name":"Petteri Orpo","url":"https:\/\/www.petteriorpo.fi\/","logo":{"@type":"ImageObject","inLanguage":"sv-SE","@id":"https:\/\/www.petteriorpo.fi\/#\/schema\/logo\/image\/","url":"https:\/\/www.petteriorpo.fi\/wp-content\/uploads\/2022\/08\/logo_orpo.png","contentUrl":"https:\/\/www.petteriorpo.fi\/wp-content\/uploads\/2022\/08\/logo_orpo.png","width":114,"height":120,"caption":"Petteri Orpo"},"image":{"@id":"https:\/\/www.petteriorpo.fi\/#\/schema\/logo\/image\/"}},{"@type":"Person","@id":"https:\/\/www.petteriorpo.fi\/#\/schema\/person\/269837cd998a58c819bee3941bc2d2b9","name":"admin","image":{"@type":"ImageObject","inLanguage":"sv-SE","@id":"https:\/\/www.petteriorpo.fi\/#\/schema\/person\/image\/","url":"https:\/\/secure.gravatar.com\/avatar\/e3534ba089e9f56595220762a1371e56?s=96&d=mm&r=g","contentUrl":"https:\/\/secure.gravatar.com\/avatar\/e3534ba089e9f56595220762a1371e56?s=96&d=mm&r=g","caption":"admin"},"sameAs":["https:\/\/www.petteriorpo.fi"],"url":"https:\/\/www.petteriorpo.fi\/sv\/author\/admin\/"}]}},"_links":{"self":[{"href":"https:\/\/www.petteriorpo.fi\/sv\/wp-json\/wp\/v2\/posts\/967","targetHints":{"allow":["GET"]}}],"collection":[{"href":"https:\/\/www.petteriorpo.fi\/sv\/wp-json\/wp\/v2\/posts"}],"about":[{"href":"https:\/\/www.petteriorpo.fi\/sv\/wp-json\/wp\/v2\/types\/post"}],"author":[{"embeddable":true,"href":"https:\/\/www.petteriorpo.fi\/sv\/wp-json\/wp\/v2\/users\/1"}],"replies":[{"embeddable":true,"href":"https:\/\/www.petteriorpo.fi\/sv\/wp-json\/wp\/v2\/comments?post=967"}],"version-history":[{"count":1,"href":"https:\/\/www.petteriorpo.fi\/sv\/wp-json\/wp\/v2\/posts\/967\/revisions"}],"predecessor-version":[{"id":1041,"href":"https:\/\/www.petteriorpo.fi\/sv\/wp-json\/wp\/v2\/posts\/967\/revisions\/1041"}],"wp:featuredmedia":[{"embeddable":true,"href":"https:\/\/www.petteriorpo.fi\/sv\/wp-json\/wp\/v2\/media\/1105"}],"wp:attachment":[{"href":"https:\/\/www.petteriorpo.fi\/sv\/wp-json\/wp\/v2\/media?parent=967"}],"wp:term":[{"taxonomy":"category","embeddable":true,"href":"https:\/\/www.petteriorpo.fi\/sv\/wp-json\/wp\/v2\/categories?post=967"},{"taxonomy":"post_tag","embeddable":true,"href":"https:\/\/www.petteriorpo.fi\/sv\/wp-json\/wp\/v2\/tags?post=967"}],"curies":[{"name":"wp","href":"https:\/\/api.w.org\/{rel}","templated":true}]}}