{"id":962,"date":"2018-08-13T15:04:36","date_gmt":"2018-08-13T12:04:36","guid":{"rendered":"https:\/\/www.petteriorpo.fi\/?p=597"},"modified":"2023-02-16T16:50:47","modified_gmt":"2023-02-16T16:50:47","slug":"puhe-kokoomuksen-ministeriryhman-kesakokouksessa-joensuussa","status":"publish","type":"post","link":"https:\/\/www.petteriorpo.fi\/sv\/puhe-kokoomuksen-ministeriryhman-kesakokouksessa-joensuussa\/","title":{"rendered":"Puhe Kokoomuksen ministeriryhm\u00e4n kes\u00e4kokouksessa Joensuussa"},"content":{"rendered":"<p>Hyv\u00e4t yst\u00e4v\u00e4t, kuulijat<\/p>\n<p>&nbsp;<\/p>\n<p>Kes\u00e4 on Suomessa ollut poikkeuksellinen. Enk\u00e4 nyt puhu pelk\u00e4st\u00e4\u00e4n enn\u00e4tyshelteist\u00e4, vaan my\u00f6s hein\u00e4kuussa j\u00e4rjestetyst\u00e4 Yhdysvaltojen ja Ven\u00e4j\u00e4n presidenttien tapaamisesta, johon kohdistui laajaa kansainv\u00e4list\u00e4 mielenkiintoa.<\/p>\n<p>Tapaaminen oli Suomelle, Suomen ulkopolitiikalle sek\u00e4 tasavallan presidentti Niinist\u00f6lle menestys.<\/p>\n<p>Jotkut ovat olleet huolissaan siit\u00e4, millaisena maana Suomi n\u00e4ytt\u00e4ytyi kokouksen j\u00e4rjest\u00e4j\u00e4n\u00e4. Ulkoministeri\u00f6n ja Helsingin kaupungin teett\u00e4m\u00e4n mediatutkimuksen mukaan Suomea kuvattiin liberaalina, kehittyneen\u00e4 ja edistyksellisen\u00e4 maana. Minun korvaani t\u00e4m\u00e4 ei kuulosta harmaalta vy\u00f6hykkeelt\u00e4.<\/p>\n<p>&nbsp;<\/p>\n<p>***<\/p>\n<p>&nbsp;<\/p>\n<p>Kukaan ei t\u00e4n\u00e4 kes\u00e4n\u00e4 ole voinut paeta sit\u00e4 ep\u00e4miellytt\u00e4v\u00e4\u00e4 tosiasiaa, ett\u00e4 ilmastonmuutos vaikuttaa my\u00f6s Suomeen jo nyt.<\/p>\n<p>Ilmastonmuutos lis\u00e4\u00e4 s\u00e4\u00e4n \u00e4\u00e4ritiloja. Keskil\u00e4mp\u00f6tilaltaan hein\u00e4kuu rikkoi Suomen enn\u00e4tyksen, ja oli koko Ilmatieteen laitoksen mittaushistorian kuumin. Suomessa koettiin harvinainen hellejakso, mutta niin koettiin my\u00f6s koko pohjoisella pallonpuoliskolla.<\/p>\n<p>Espanjassa ja Portugalissa mitatut l\u00e4mp\u00f6tilat olivat reilusti yli 40 astetta. Etel\u00e4-Koreassa, Japanissa, Algeriassa ja Kanadassa l\u00e4mp\u00f6enn\u00e4tykset ylittyiv\u00e4t.\u00a0 Ruotsissa kuivuus aiheutti laajoja mets\u00e4paloja eri puolilla maata. Mets\u00e4paloja sammuttamassa on ollut palomiehi\u00e4 ja kalustoa useista eri EU-maista, my\u00f6s Suomesta.<\/p>\n<p>Ilmastonmuutos ei ole yhden maan ratkaistavissa. Suomi on mukana maaryhm\u00e4ss\u00e4, joka per\u00e4\u00e4 EU:lta kunnianhimoisempaa ilmastopolitiikkaa ja lis\u00e4\u00e4 toimia ilmastonmuutoksen hillitsemiksesi.<\/p>\n<p>T\u00e4m\u00e4 hallitus on p\u00e4\u00e4tt\u00e4nyt kielt\u00e4\u00e4 kivihiilen energiak\u00e4yt\u00f6n vuonna 2029. Suomi on ensimm\u00e4isi\u00e4 maita maailmassa, joka sis\u00e4llytt\u00e4\u00e4 kest\u00e4v\u00e4n kehityksen osaksi valtion talousarvioehdotusta. T\u00e4m\u00e4n vuoden budjetissa aloitettua kest\u00e4v\u00e4n kehityksen budjetointia kehitet\u00e4\u00e4n ja laajennetaan vuoden 2019 talousarvioesityksess\u00e4. Otamme siis k\u00e4ytt\u00f6\u00f6n vahvimman aseen, eurot. Koko valtion 55 miljardin budjettia peilataan ilmasto- ja ymp\u00e4rist\u00f6tavoitta vasten.<\/p>\n<p>Lis\u00e4\u00e4 toimia tarvitaan koko ajan. Poikkeuksellisen kuuma kes\u00e4 muutti It\u00e4meren vihre\u00e4ksi sinilev\u00e4puuroksi. Pyysin viime viikolla, ett\u00e4 ministerit Tiilikainen, Lepp\u00e4 ja Mykk\u00e4nen valmistelisivat ehdotuksen lis\u00e4toimista It\u00e4meren suojeluun. P\u00e4\u00e4t\u00f6ksi\u00e4 teemme riihess\u00e4.<\/p>\n<p>&nbsp;<\/p>\n<p>***<\/p>\n<p>&nbsp;<\/p>\n<p>Suomessa on t\u00e4n\u00e4 kes\u00e4n\u00e4 keskusteltu kiihke\u00e4sti kaupungistumisesta ja aluekehityksest\u00e4.<\/p>\n<p>Kaupungistuminen on maailmanlaajuinen ilmi\u00f6, joka n\u00e4kyy my\u00f6s Suomessa. L\u00e4hes 75 prosenttia suomalaisista asuu kaupungeissa ja niit\u00e4 ymp\u00e4r\u00f6iviss\u00e4 seutukunnissa. Kaupungistuminen Suomessa ei kuitenkaan tarkoita sit\u00e4, ett\u00e4 ihmiset ja palvelut kasaantuisivat yksin p\u00e4\u00e4kaupunkiseudulle. Ihmisten ja palveluiden keskittymist\u00e4 tapahtuu eri kokoisilla alueilla ja tuloksena on eri kokoisia keskittymi\u00e4.<\/p>\n<p>Suomessa on mielek\u00e4st\u00e4 puhua p\u00e4\u00e4kaupunkiseudusta, maakuntakeskuksista, suurista kaupungeista, seutukaupungeista ja harvaan asutusta maaseudusta. Ne kaikki tarvitsevat omanlaistaan politiikkaa sek\u00e4 hyv\u00e4\u00e4 yhteisty\u00f6t\u00e4 kesken\u00e4\u00e4n.<\/p>\n<p>Kokoomus kannattaa kaupungistumista. Siin\u00e4 ei ole mit\u00e4\u00e4n pahaa, p\u00e4invastoin. Kaupungistuminen on globaali ilmi\u00f6, ei mielipidekysymys.\u00a0 Samaan aikaan haluamme tukea koko maan elinvoimaa ja palveluita. Digitalisaatio ja teknologian kehittyminen antaa aivan uudenlaisia mahdollisuuksia t\u00e4h\u00e4n. Samoin luonnonvarojemme sek\u00e4 puhtaan ymp\u00e4rist\u00f6mme kasvava arvo maailmalla.<\/p>\n<p>Osaaminen, kilpailukyky ja niist\u00e4 syntyv\u00e4 kest\u00e4v\u00e4 talouskasvu ovat parasta aluepolitiikkaa. Nyt olemme tilanteessa, jossa ty\u00f6paikkoja syntyy kaikissa Suomen maakunnissa. Silloin kehitys on terveell\u00e4 pohjalla, ei veden kantamista kaivoon.<\/p>\n<p>Paikalliset ihmiset, yritykset ja voimavarat ovat alueiden elinvoiman perusta. Eri alueet Suomessa ovat saaneet aikaan kest\u00e4v\u00e4\u00e4 kasvua tunnistamalla omat vahvuutensa ja keskittym\u00e4ll\u00e4 niihin.<\/p>\n<p>My\u00f6s valtion toimia tarvitaan. Liikenneyhteydet ovat yksi t\u00e4rkeimmist\u00e4 asioista, joista pit\u00e4\u00e4 huolehtia. Nykyisell\u00e4 rahoitusmallilla eurot eiv\u00e4t riit\u00e4 yht\u00e4 aikaa tarpeellisiin suuriin investointeihin, t\u00e4rkeisiin maakuntien v\u00e4yl\u00e4hankkeisiin ja perustienpitoon. Korjausvelka uhkaa kasvaa. Jos pystymme ratkaisemaan, miten suuret kansalliset infraratkaisut rahoitetaan, vapautamme varoja muihin t\u00e4rkeisiin investointeihin ja pystymme huolehtimaan alemmasta tieverkosta.<\/p>\n<p>Rahoitusratkaisujen l\u00f6yt\u00e4miseksi tehd\u00e4\u00e4n nyt suunnitteluty\u00f6t\u00e4 yhdess\u00e4 liikenne- ja viestint\u00e4ministeri\u00f6n kanssa.<\/p>\n<p>Keskeisten kaupunkiseutujen v\u00e4lille on v\u00e4ltt\u00e4m\u00e4t\u00f6nt\u00e4 tehd\u00e4 isoja infrainvestointeja, jotka kasvattavat ty\u00f6ss\u00e4k\u00e4yntialueita, kaupunkien saavutettavuutta sek\u00e4 tukevat ilmastotoimia ja v\u00e4h\u00e4p\u00e4\u00e4st\u00f6isi\u00e4 liikennemuotoja. Kaupunkien ja kaupunkiseutujen menestys on koko Suomen kannalta v\u00e4ltt\u00e4m\u00e4t\u00f6nt\u00e4. Siksi niiden kehittymist\u00e4 on tuettava. Kokoomus esitt\u00e4\u00e4, ett\u00e4 vuonna 2019 luodaan entist\u00e4 vahvempi instrumentti kaupunkiseuduilla teht\u00e4vien investointien ja kest\u00e4v\u00e4n kasvun tueksi.<\/p>\n<p>MAL-sopimukset ovat osoittautuneet hyv\u00e4ksi ty\u00f6kaluksi kaupunkiseutujen ja valtion yhteisesti sovittujen tavoitteiden toteuttamiseen maank\u00e4yt\u00f6ss\u00e4, asumisessa ja liikenteess\u00e4.\u00a0 Kaupunkiseutujen ja valtion sopimusyhteisty\u00f6n jatkuvuus on varmistettava vakiinnuttamalla ja vahvistamalla MAL-sopimukset.<\/p>\n<p>Samalla se olisi yksi keino, jolla valtio sitoutuisi osallistumaan kaupunkiseutujen isoihin investointeihin.<\/p>\n<p>&nbsp;<\/p>\n<p>***<\/p>\n<p>&nbsp;<\/p>\n<p>Esittelin kolmannen budjettiesitykseni viime viikolla.<\/p>\n<p>Suomen suhdannekuva on suotuisa ja julkisen talouden tilanne tyystin toinen kuin hallituksen aloittaessa. Kokoomuslainen talous- ja ty\u00f6llisyyspolitiikka tuottaa tulosta.<\/p>\n<p>Kotitalouksien ja yritysten luottamus on enn\u00e4tystasolla. Kasvu ylt\u00e4\u00e4 3 prosentin tuntumaan t\u00e4n\u00e4 vuonna.<\/p>\n<p>Ty\u00f6llisyys on jatkanut vahvaa kasvuaan. 110 000 uutta ty\u00f6llist\u00e4, ja ty\u00f6tt\u00f6myysprosentti on laskenut 7,2 prosenttiin.<\/p>\n<p>Valtion velkaantuminen on painettu vuoden 2014 yli 6 miljardista ensi vuodelle budjetoituun 1,7 miljardiin. Tavoitteena on, ett\u00e4 vuonna 2020 on mahdollista tehd\u00e4 ylij\u00e4\u00e4m\u00e4inen budjetti.<\/p>\n<p>Suomen vienti on kasvanut maailmankauppaa nopeammin.\u00a0 Maailmantalouden korkeasuhdanne jatkuu.<\/p>\n<p>&nbsp;<\/p>\n<p>***<\/p>\n<p>&nbsp;<\/p>\n<p>Oppositio on vuoden verran yritt\u00e4nyt k\u00e4\u00e4nt\u00e4\u00e4 huomion pois hyvist\u00e4 tuloksista. Oppositio v\u00e4heksyy saavutuksia ja syytt\u00e4\u00e4 hallitusta eriarvoisuuden ja tuloerojen lis\u00e4\u00e4misest\u00e4.<\/p>\n<p>Tutkimusten mukaan hallituksen toimet eiv\u00e4t ole kasvattaneet tuloeroja. Vaalikaudella yli satatuhatta ihmist\u00e4 on saanut ty\u00f6paikan. Se on suurin mahdollinen eriarvoisuutta, syrj\u00e4ytymist\u00e4 ja k\u00f6yhyytt\u00e4 v\u00e4hent\u00e4v\u00e4 askel. Olen iloinen jokaisesta ty\u00f6llistyneest\u00e4.<\/p>\n<p>Arvostelu jatkuu vaaleihin saakka. Toivottavasti kuulemme erityisesti SDP:lt\u00e4 my\u00f6s edes joitakin ajatuksia siit\u00e4, miten hyv\u00e4 talouskehitys saadaan jatkumaan.<\/p>\n<p>Toistaiseksi SDP:n vaalilupaukset ovat olleet uhoa tehtyjen p\u00e4\u00e4t\u00f6sten perumisesta tai rahanjaosta. Uhkaus koko sote-uudistuksen perumisesta on kest\u00e4m\u00e4t\u00f6n. Ei Suomella ole varaa siihen, ett\u00e4 v\u00e4ltt\u00e4m\u00e4tt\u00f6m\u00e4n uudistuksen valmistelu alkaisi taas alusta.<\/p>\n<p>Mutta: Ei j\u00e4\u00e4d\u00e4 jumiin saavutettuihin tuloksiin tai opposition vaalipuheisiin. Meid\u00e4n on katsottava eteenp\u00e4in. Valmista ei ole.<\/p>\n<p>Suurimmat uhat talouden kasvulle ovat kansainv\u00e4linen kauppasota ja sen luoma ep\u00e4varmuus, kotimaassa taas kasvava pula osaavasta ty\u00f6voimasta.<\/p>\n<p>Suomi k\u00e4y nyt t\u00e4ysill\u00e4, joten tarvitsemme lis\u00e4\u00e4 tilaa talouden ja ty\u00f6llisyyden kasvulle. Kansliap\u00e4\u00e4llikk\u00f6ty\u00f6ryhm\u00e4 k\u00e4y esityksest\u00e4ni l\u00e4pi jo toteutetut ty\u00f6llisyystoimet ja valmistelee hallituksen budjettiriiheen menness\u00e4 lis\u00e4toimia, jotta talous ja ty\u00f6llisyys jatkaisivat kasvuaan. Tarvitsemme lis\u00e4\u00e4 nopeavaikutteisia ty\u00f6llisyystoimia, jotta kymmenet tuhannet avoimet ty\u00f6paikat ja ty\u00f6tt\u00f6m\u00e4t saadaan kohtaamaan. Samaan aikaan meid\u00e4n t\u00e4ytyy tehd\u00e4 tilaa uudelle kasvulle ja nykyist\u00e4 korkeammalle ty\u00f6llisyydelle.<\/p>\n<p>Kokoomus tavoittelee tulevalla vaalikaudella yli 75 prosentin pohjoismaista ty\u00f6llisyysastetta sek\u00e4 uudistuksia, jolla 2020-luvulla p\u00e4\u00e4st\u00e4\u00e4n kest\u00e4v\u00e4\u00e4n, 80 prosentin ty\u00f6llisyysasteeseen.<\/p>\n<p>V\u00e4est\u00f6n ik\u00e4\u00e4ntyminen, kasvavat sosiaali- ja terveys- sek\u00e4 sosiaaliturvamenot aiheuttavat haasteita valtion taloudelle. Ty\u00f6llisyysasteen kasvu mahdollistaisi lis\u00e4investoinnit esimerkiksi koulutukseen sek\u00e4 tutkimus-, kehitys- ja innovaatiotoimintaan.<\/p>\n<p>Suomi el\u00e4\u00e4 ja menestyy vain vahvalla osaamisella. Kasvun edellytysten vahvistamiseksi Kokoomus tavoittelee hallituksen budjettiriihess\u00e4 pysyv\u00e4\u00e4 lis\u00e4yst\u00e4 tutkimuksen ja tuotekehityksen m\u00e4\u00e4r\u00e4rahoihin.<\/p>\n<p>Nyt teht\u00e4vien kasvutoimenpiteiden lis\u00e4ksi kunnianhimoinen tavoite vaatii suuria uudistuksia. Tarvitsemme ty\u00f6h\u00f6n ja yritt\u00e4miseen kannustavan sinivihre\u00e4n verouudistuksen, sosiaaliturvauudistuksen, ty\u00f6el\u00e4m\u00e4n uudistamisen t\u00e4h\u00e4n p\u00e4iv\u00e4\u00e4n, perhevapaauudistuksen ja ennen kaikkea Suomen uudistamisen dynaamiseksi taloudeksi, jossa saa tehd\u00e4, saa onnistua, saa ep\u00e4onnistua. Meid\u00e4n on purettava byrokratiaa ja vapautettava ahkerat suomalaiset ihmiset tekem\u00e4\u00e4n. Meid\u00e4n on valjastettava teknologian kehitys paremman tulevaisuuden rakentamiseen.<\/p>\n<p>Budjetissa on lukuisia panoksia ty\u00f6llisyyteen, turvallisuuteen ja hyvinvointiin. Parannamme ty\u00f6asuntov\u00e4hennyst\u00e4 niin, ett\u00e4 se tukee paremmin ty\u00f6n per\u00e4ss\u00e4 muuttamista. Nostamme enimm\u00e4ism\u00e4\u00e4r\u00e4n 250 eurosta 450 euroon.\u00a0 Lis\u00e4\u00e4mme ty\u00f6nhaun tukeen ja ty\u00f6nhakijoiden palvelujen parantamiseen yli 10 miljoonaa euroa.<\/p>\n<p>Lis\u00e4\u00e4mme yritt\u00e4jien perheenj\u00e4senten ansioperusteisen ty\u00f6tt\u00f6myysturvaoikeuden toteutumiseen 10 miljoonaa euroa. Koulutuksellisen tasa-arvon edist\u00e4miseksi otetaan k\u00e4ytt\u00f6\u00f6n toisen asteen opiskelijoiden oppimateriaalilis\u00e4. Eriarvoisuuden ehk\u00e4isemiseksi korotamme v\u00e4himm\u00e4ism\u00e4\u00e4r\u00e4isi\u00e4 p\u00e4iv\u00e4rahoja ja takuuel\u00e4kett\u00e4. Niihin varataan yhteens\u00e4 30 miljoonaa euroa.<\/p>\n<p>Ylivelkaantuneiden aseman kohentamiseen esimerkiksi talous ja velkaneuvonnalla panostamme yhteens\u00e4 8 miljoonaa euroa.<\/p>\n<p>Uusien ja vanhojen turvallisuusuhkien ehk\u00e4isemiseksi tarvitaan sek\u00e4 kovia ett\u00e4 pehmeit\u00e4 keinoja. Poliisien m\u00e4\u00e4r\u00e4 s\u00e4ilytet\u00e4\u00e4n nykytasolla eli noin 7 200 poliisissa, ja siihen ehdotetaan 18 miljoonan euron lis\u00e4rahoitusta.<\/p>\n<p>Siviilitiedustelulains\u00e4\u00e4d\u00e4nn\u00f6n toimeenpanoon osoitetaan 10 miljoonan euron lis\u00e4raha edellytt\u00e4en, ett\u00e4 lains\u00e4\u00e4d\u00e4nt\u00f6uudistus tulisi voimaan ensi vuonna. Lis\u00e4ksi suojelupoliisi saa 2,5 miljoonaa euroa lis\u00e4rahoitusta ydintoimintansa ja toimintakykyns\u00e4 varmistamiseksi.<\/p>\n<p>Turvallisuuden tunnetta ei kuitenkaan pidet\u00e4 yll\u00e4 pelk\u00e4st\u00e4\u00e4n viranomaistoiminnalla ja virkavallan m\u00e4\u00e4r\u00e4\u00e4 lis\u00e4\u00e4m\u00e4ll\u00e4.\u00a0 Me kaikki voimme vaikuttaa toinen toistemme turvallisuuden tunteeseen. Vihapuhe nakertaa turvallisuuden tunnetta ja v\u00e4hent\u00e4\u00e4 luottamusta. Vihapuhe on rikos. Ministerit Antti, Sanni ja Kai kertovat huomenna lis\u00e4\u00e4, miten vihapuheeseen voitaisiin puuttua entist\u00e4 paremmin.<\/p>\n<p>&nbsp;<\/p>\n<p>***<\/p>\n<p>&nbsp;<\/p>\n<p>Hyv\u00e4t yst\u00e4v\u00e4t,<\/p>\n<p>&nbsp;<\/p>\n<p>Kest\u00e4v\u00e4 talous ja ty\u00f6llisyyden lis\u00e4\u00e4minen eiv\u00e4t ole kokoomuksen agendalla siksi, ett\u00e4 niin on aina ollut. Vaan siksi, ett\u00e4 niill\u00e4 rakennetaan tulevaisuutta. Ne ovat vain v\u00e4line hyvinvoinnin saavuttamiseen.<\/p>\n<p>Puoluekokouksessa puhuin Ainosta ja Leosta, t\u00e4n\u00e4 vuonna syntyvist\u00e4 noin 50 000 lapsesta ja pohdin, mit\u00e4 voimme tehd\u00e4, jotta heill\u00e4 on parhaat mahdolliset edellytykset p\u00e4rj\u00e4t\u00e4 omassa el\u00e4m\u00e4ss\u00e4\u00e4n.<\/p>\n<p>Haluamme tehd\u00e4 Suomesta maailman parhaan maan lapsille ja perheille.<\/p>\n<p>Suomi on jo nyt monilla mittareilla hyv\u00e4 maa lapsille ja perheille. Vastasyntyneiden elini\u00e4nodote on maailman k\u00e4rke\u00e4. \u00c4itien ja lasten hyvinvointi on maailman toiseksi parasta. Suomi on maailman toiseksi paras maa olla tytt\u00f6 ja ylip\u00e4\u00e4t\u00e4\u00e4n lapsuus on t\u00e4\u00e4ll\u00e4 maailman kolmanneksi turvatuin.<\/p>\n<p>Koulutusj\u00e4rjestelm\u00e4mme on maailmankuulu ja tuottaa erinomaisia oppimistuloksia.\u00a0 Aivan vastik\u00e4\u00e4n Suomi listattiin my\u00f6s maailman onnellisimmaksi maaksi.<\/p>\n<p>Hyvien tulosten varjoon j\u00e4\u00e4 my\u00f6s monia ongelmia, jotka asettavat lapsiamme kesken\u00e4\u00e4n eriarvoiseen asemaan ja vaikeuttavat perheiden arkea.<\/p>\n<p>Kokoomus haluaa, ett\u00e4 lasten ja perheiden hyvinvoinnin parantaminen nostetaan seuraavassa hallitusohjelmassa yhdeksi k\u00e4rkitavoitteista.<\/p>\n<p>Me haluamme vahvistaa varhaiskasvatusta ja tehd\u00e4 esiopetuksesta kaksivuotista.<\/p>\n<p>Laadukas varhaiskasvatus on suomalaisen koulutusj\u00e4rjestelm\u00e4n kivijalka.<\/p>\n<p>Varhaiskasvatus tasaa tehokkaasti erilaisista taustoista tulevien lasten l\u00e4ht\u00f6tasoeroja ja vahvistaa tasa-arvoa. J\u00e4rjestelm\u00e4mme suurin ep\u00e4tasa-arvo piilee siin\u00e4, ett\u00e4 aivan liian harva lapsi osallistuu varhaiskasvatukseen.\u00a0 Kokoomuksen tavoitteena on, ett\u00e4 mahdollisimman moni lapsi osallistuu varhaiskasvatukseen.<\/p>\n<p>Varhaiskasvatuksella ja esiopetuksella on my\u00f6s t\u00e4rke\u00e4 rooli syrj\u00e4ytymisen ehk\u00e4isyss\u00e4. Esiopetuksen on oltava maksutonta, ja kaikkien 5-6-vuotiaiden on p\u00e4\u00e4st\u00e4v\u00e4 osallistumaan siihen. T\u00e4m\u00e4 helpottaa erityisesti niiden lasten tilannetta, joiden edellytykset el\u00e4m\u00e4ss\u00e4 ja koulutiell\u00e4 p\u00e4rj\u00e4\u00e4miselle ovat heikommat.<\/p>\n<p>Ensi vuoden budjetissa kohdennamme varhaiskasvatuksen tasa-arvon ja osallistumisasteen edist\u00e4miseen 10 miljoonaa euroa. Laajennamme kokeilua viisivuotiaiden maksuttomasta varhaiskasvatuksesta. Jo nyt 14 000 lasta on maksuttoman varhaiskasvatuskokeilun piiriss\u00e4.<\/p>\n<p>Haluamme edist\u00e4\u00e4 perhevapaauudistuksella tasa-arvoa ja parempaa arkea.<\/p>\n<p>Suomi tarvitsee kunnianhimoisen perhevapaauudistuksen. T\u00e4ll\u00e4 hetkell\u00e4 perhevapaat jakautuvat ep\u00e4tasaisesti ja asettavat \u00e4idit ja is\u00e4t vanhempina kesken\u00e4\u00e4n eriarvoiseen asemaan.<\/p>\n<p>Suomessa on edelleen niin, ett\u00e4 nainen j\u00e4\u00e4 kotiin hoitamaan lasta, is\u00e4n jatkaessa ty\u00f6ntekoa ja tuodessa leiv\u00e4n p\u00f6yt\u00e4\u00e4n. Hoivavastuun ep\u00e4tasainen jakautuminen vaikuttaa kielteisesti naisten ura- ja palkkakehitykseen ja viimek\u00e4dess\u00e4 my\u00f6s el\u00e4kekertym\u00e4\u00e4n. Tasa-arvon kannalta on t\u00e4ysin kest\u00e4m\u00e4t\u00f6nt\u00e4, ett\u00e4 naisen palkkaaminen on ty\u00f6nantajalle edelleen riski.<\/p>\n<p>Hyv\u00e4 perhevapaauudistus on sellainen, joka kohtelee perheit\u00e4 tasapuolisesti ja huomioi perheiden moninaiset el\u00e4m\u00e4ntilanteet.<\/p>\n<p>Hyv\u00e4 perhevapaauudistus lis\u00e4\u00e4 tasa-arvon lis\u00e4ksi perheiden arjen sujuvuutta, kun vapaita voi k\u00e4ytt\u00e4\u00e4 nykyist\u00e4 joustavammin ja hoivavastuuta jakaa helpommin.<\/p>\n<p>T\u00e4ss\u00e4 hallituksessa uudistus kariutui n\u00e4kemyseroihin. Seuraavan hallituksen on uudistus toteutettava.<\/p>\n<p>Me haluamme vastata erilaisten perheiden erilaisiin tarpeisiin.<\/p>\n<p>Kaikki perheet ovat erilaisia, mutta samanarvoisia. T\u00e4m\u00e4 on huomioitava lains\u00e4\u00e4d\u00e4nn\u00f6ss\u00e4 nykyist\u00e4 paremmin ja perheit\u00e4 kohdeltava aina niiden omista tarpeista l\u00e4htien, tasa-arvoisina.<\/p>\n<p>Nykyisin perheet ovat eriarvoisessa asemassa muun muassa monien etuuksien, lasten huolto- ja tapaamisoikeuskysymysten sek\u00e4 vanhempainvapaiden osalta.\u00a0 Huolto- ja tapaamisoikeutta koskevaa lains\u00e4\u00e4d\u00e4nt\u00f6\u00e4 uudistetaan parhaillaan vastamaan paremmin perheiden erilaisia tilanteita. Esityksess\u00e4 muun muassa vuoroasuminen otetaan lains\u00e4\u00e4d\u00e4nt\u00f6\u00f6n, ehk\u00e4ist\u00e4\u00e4n tapaamisoikeuden toteutumiseen liittyvi\u00e4 ongelmia sek\u00e4 kirjataan lapsen huoltajille velvollisuus vaalia lapselle t\u00e4rkeit\u00e4 ihmissuhteita.<\/p>\n<p>Jo vuoden 2019 talousarvioesityksess\u00e4 tehd\u00e4\u00e4n useita etuusmuutoksia. Esimerkiksi adoptioperheet nostetaan samaan asemaan muiden perheiden kanssa.<\/p>\n<p>Me haluamme taata jokaiselle lapselle ainakin yhden harrastuksen.<\/p>\n<p>Hyv\u00e4t harrastukset ja liikunnallisen el\u00e4m\u00e4ntavan oppiminen lis\u00e4\u00e4v\u00e4t lasten hyvinvointia ja parantavat el\u00e4m\u00e4nlaatua.<\/p>\n<p>Harrastusten valikoima kasvaa Suomessa kovaa vauhtia ja jokainen varmasti l\u00f6yt\u00e4\u00e4 mieleisens\u00e4. Toisaalta yh\u00e4 useampi lapsi ja nuori liikkuu liian v\u00e4h\u00e4n suosituksiin n\u00e4hden ja fyysinen kunto on heikko. Monelle harrastus tai sen puute voi my\u00f6s olla eriarvoistava kokemus.<\/p>\n<p>Monissa pientenkin lasten harrastuksissa kustannukset voivat nousta korkeiksi, eik\u00e4 kaikilla perheill\u00e4 ole varaa niihin. Harrastukset ja liikunta ovat t\u00e4rkeit\u00e4 paitsi fyysisen kunnon ja hyvinvoinnin edist\u00e4misen, my\u00f6s lapsen sosiaalisten taitojen ja yhteenkuuluvuuden tunteen edist\u00e4misess\u00e4.<\/p>\n<p>Kokoomus on sit\u00e4 mielt\u00e4, ett\u00e4 jokaisella lapsella on oltava oikeus v\u00e4hint\u00e4\u00e4n yhteen harrastukseen. Jokainen lapsi ansaitsee harrastustakuun! T\u00e4m\u00e4n hallituksen aikana harrastustakuuta on l\u00e4hdetty toteuttamaan, mutta viel\u00e4 on matkaa siihen, ett\u00e4 se toteutuu jokaisen lapsen kohdalla.<\/p>\n<p>L\u00e4hdemme siit\u00e4, ett\u00e4 lapsiperheiden palveluita on kehitett\u00e4v\u00e4.<\/p>\n<p>Suomalainen neuvolaj\u00e4rjestelm\u00e4 on osoittanut toimivuutensa ja paikkansa hyvinvointivaltion rakentamisessa.<\/p>\n<p>Tulevaisuudessa neuvolaj\u00e4rjestelm\u00e4n on vastattava erilaisen perheiden ja muuttuneen arjen vaatimuksiin. Terveyserojen kaventaminen ja syrj\u00e4ytymisen ehk\u00e4iseminen on neuvoloiden keskeinen my\u00f6s teht\u00e4v\u00e4 tulevaisuudessa. Neuvoloita voidaan my\u00f6s tuoda enemm\u00e4n p\u00e4iv\u00e4kotien yhteyteen. Nuorille ja perheille tarjottavissa palveluissa on laajemminkin pyritt\u00e4v\u00e4 siihen, ett\u00e4 mahdollisimman moni perheiden ja lasten tarvitsema palvelu tuodaan p\u00e4iv\u00e4kotien ja koulujen yhteyteen.<\/p>\n<p>Perheiden tuessa ja lastensuojelussa on panostettava ennaltaehk\u00e4isyyn. Pienikin apu riitt\u00e4v\u00e4n varhaisessa vaiheessa voi est\u00e4\u00e4 my\u00f6hemm\u00e4t pahemmat ongelmat. Tavoitteena tulee olla huostaanottojen selke\u00e4 v\u00e4hentyminen.<\/p>\n<p>Meid\u00e4n mielest\u00e4mme on panostettava maahanmuuttajalasten osaamiseen &#8211; koulutus on parasta kotouttamista.<\/p>\n<p>Suomi on avoin ja kansainv\u00e4linen yhteiskunta. Suomalaisuus ei ole yksi, vaan monta erilaista kulttuuria.<\/p>\n<p>Kansainv\u00e4lisyys on aiempaa vahvempi osa jo aivan pientenkin lasten el\u00e4m\u00e4\u00e4 ja se jos mik\u00e4 on rikkautta. Meid\u00e4n on pidett\u00e4v\u00e4 erityist\u00e4 huolta siit\u00e4, ett\u00e4 erilaisista taustoista tulevat lapset ja perheet saavat tarvitsemansa tuen.\u00a0 Kokoomus haluaa panostaa maahanmuuttajien koulutukseen ja osaamisen hy\u00f6dynt\u00e4miseen.<\/p>\n<p>N\u00e4m\u00e4 tavoitteet kirkkaina mieless\u00e4 on hyv\u00e4 k\u00e4ynnist\u00e4\u00e4 politiikan syksy.<\/p>\n<p>&nbsp;<\/p>\n<p>Kiitos!<\/p>","protected":false},"excerpt":{"rendered":"<p>Hyv\u00e4t yst\u00e4v\u00e4t, kuulijat &nbsp; Kes\u00e4 on Suomessa ollut poikkeuksellinen. Enk\u00e4 nyt puhu pelk\u00e4st\u00e4\u00e4n enn\u00e4tyshelteist\u00e4, vaan my\u00f6s hein\u00e4kuussa j\u00e4rjestetyst\u00e4 Yhdysvaltojen ja Ven\u00e4j\u00e4n presidenttien tapaamisesta, johon kohdistui laajaa kansainv\u00e4list\u00e4 mielenkiintoa. Tapaaminen oli Suomelle, Suomen ulkopolitiikalle sek\u00e4 tasavallan presidentti Niinist\u00f6lle menestys. Jotkut ovat olleet huolissaan siit\u00e4, millaisena maana Suomi n\u00e4ytt\u00e4ytyi kokouksen j\u00e4rjest\u00e4j\u00e4n\u00e4. Ulkoministeri\u00f6n ja Helsingin kaupungin teett\u00e4m\u00e4n mediatutkimuksen [&hellip;]<\/p>","protected":false},"author":1,"featured_media":1099,"comment_status":"open","ping_status":"open","sticky":false,"template":"","format":"standard","meta":{"footnotes":""},"categories":[6],"tags":[],"class_list":["post-962","post","type-post","status-publish","format-standard","has-post-thumbnail","hentry","category-blogi"],"yoast_head":"<!-- This site is optimized with the Yoast SEO plugin v26.0 - https:\/\/yoast.com\/wordpress\/plugins\/seo\/ -->\n<title>Puhe Kokoomuksen ministeriryhm\u00e4n kes\u00e4kokouksessa Joensuussa - Petteri Orpo<\/title>\n<meta name=\"robots\" content=\"index, follow, max-snippet:-1, max-image-preview:large, max-video-preview:-1\" \/>\n<link rel=\"canonical\" href=\"https:\/\/www.petteriorpo.fi\/sv\/puhe-kokoomuksen-ministeriryhman-kesakokouksessa-joensuussa\/\" \/>\n<meta property=\"og:locale\" content=\"sv_SE\" \/>\n<meta property=\"og:type\" content=\"article\" \/>\n<meta property=\"og:title\" content=\"Puhe Kokoomuksen ministeriryhm\u00e4n kes\u00e4kokouksessa Joensuussa - Petteri Orpo\" \/>\n<meta property=\"og:description\" content=\"Hyv\u00e4t yst\u00e4v\u00e4t, kuulijat &nbsp; Kes\u00e4 on Suomessa ollut poikkeuksellinen. Enk\u00e4 nyt puhu pelk\u00e4st\u00e4\u00e4n enn\u00e4tyshelteist\u00e4, vaan my\u00f6s hein\u00e4kuussa j\u00e4rjestetyst\u00e4 Yhdysvaltojen ja Ven\u00e4j\u00e4n presidenttien tapaamisesta, johon kohdistui laajaa kansainv\u00e4list\u00e4 mielenkiintoa. Tapaaminen oli Suomelle, Suomen ulkopolitiikalle sek\u00e4 tasavallan presidentti Niinist\u00f6lle menestys. Jotkut ovat olleet huolissaan siit\u00e4, millaisena maana Suomi n\u00e4ytt\u00e4ytyi kokouksen j\u00e4rjest\u00e4j\u00e4n\u00e4. Ulkoministeri\u00f6n ja Helsingin kaupungin teett\u00e4m\u00e4n mediatutkimuksen [&hellip;]\" \/>\n<meta property=\"og:url\" content=\"https:\/\/www.petteriorpo.fi\/sv\/puhe-kokoomuksen-ministeriryhman-kesakokouksessa-joensuussa\/\" \/>\n<meta property=\"og:site_name\" content=\"Petteri Orpo\" \/>\n<meta property=\"article:published_time\" content=\"2018-08-13T12:04:36+00:00\" \/>\n<meta property=\"article:modified_time\" content=\"2023-02-16T16:50:47+00:00\" \/>\n<meta property=\"og:image\" content=\"https:\/\/www.petteriorpo.fi\/wp-content\/uploads\/2016\/11\/30258659385_b258264bf2_k.jpg\" \/>\n\t<meta property=\"og:image:width\" content=\"2048\" \/>\n\t<meta property=\"og:image:height\" content=\"1365\" \/>\n\t<meta property=\"og:image:type\" content=\"image\/jpeg\" \/>\n<meta name=\"author\" content=\"admin\" \/>\n<meta name=\"twitter:card\" content=\"summary_large_image\" \/>\n<meta name=\"twitter:label1\" content=\"Skriven av\" \/>\n\t<meta name=\"twitter:data1\" content=\"admin\" \/>\n\t<meta name=\"twitter:label2\" content=\"Ber\u00e4knad l\u00e4stid\" \/>\n\t<meta name=\"twitter:data2\" content=\"11 minuter\" \/>\n<script type=\"application\/ld+json\" class=\"yoast-schema-graph\">{\"@context\":\"https:\/\/schema.org\",\"@graph\":[{\"@type\":\"Article\",\"@id\":\"https:\/\/www.petteriorpo.fi\/puhe-kokoomuksen-ministeriryhman-kesakokouksessa-joensuussa\/#article\",\"isPartOf\":{\"@id\":\"https:\/\/www.petteriorpo.fi\/puhe-kokoomuksen-ministeriryhman-kesakokouksessa-joensuussa\/\"},\"author\":{\"name\":\"admin\",\"@id\":\"https:\/\/www.petteriorpo.fi\/#\/schema\/person\/269837cd998a58c819bee3941bc2d2b9\"},\"headline\":\"Puhe Kokoomuksen ministeriryhm\u00e4n kes\u00e4kokouksessa Joensuussa\",\"datePublished\":\"2018-08-13T12:04:36+00:00\",\"dateModified\":\"2023-02-16T16:50:47+00:00\",\"mainEntityOfPage\":{\"@id\":\"https:\/\/www.petteriorpo.fi\/puhe-kokoomuksen-ministeriryhman-kesakokouksessa-joensuussa\/\"},\"wordCount\":2261,\"commentCount\":0,\"publisher\":{\"@id\":\"https:\/\/www.petteriorpo.fi\/#organization\"},\"image\":{\"@id\":\"https:\/\/www.petteriorpo.fi\/puhe-kokoomuksen-ministeriryhman-kesakokouksessa-joensuussa\/#primaryimage\"},\"thumbnailUrl\":\"https:\/\/www.petteriorpo.fi\/wp-content\/uploads\/2016\/11\/30258659385_b258264bf2_k.jpg\",\"articleSection\":[\"Blogi\"],\"inLanguage\":\"sv-SE\",\"potentialAction\":[{\"@type\":\"CommentAction\",\"name\":\"Comment\",\"target\":[\"https:\/\/www.petteriorpo.fi\/puhe-kokoomuksen-ministeriryhman-kesakokouksessa-joensuussa\/#respond\"]}]},{\"@type\":\"WebPage\",\"@id\":\"https:\/\/www.petteriorpo.fi\/puhe-kokoomuksen-ministeriryhman-kesakokouksessa-joensuussa\/\",\"url\":\"https:\/\/www.petteriorpo.fi\/puhe-kokoomuksen-ministeriryhman-kesakokouksessa-joensuussa\/\",\"name\":\"Puhe Kokoomuksen ministeriryhm\u00e4n kes\u00e4kokouksessa Joensuussa - Petteri Orpo\",\"isPartOf\":{\"@id\":\"https:\/\/www.petteriorpo.fi\/#website\"},\"primaryImageOfPage\":{\"@id\":\"https:\/\/www.petteriorpo.fi\/puhe-kokoomuksen-ministeriryhman-kesakokouksessa-joensuussa\/#primaryimage\"},\"image\":{\"@id\":\"https:\/\/www.petteriorpo.fi\/puhe-kokoomuksen-ministeriryhman-kesakokouksessa-joensuussa\/#primaryimage\"},\"thumbnailUrl\":\"https:\/\/www.petteriorpo.fi\/wp-content\/uploads\/2016\/11\/30258659385_b258264bf2_k.jpg\",\"datePublished\":\"2018-08-13T12:04:36+00:00\",\"dateModified\":\"2023-02-16T16:50:47+00:00\",\"breadcrumb\":{\"@id\":\"https:\/\/www.petteriorpo.fi\/puhe-kokoomuksen-ministeriryhman-kesakokouksessa-joensuussa\/#breadcrumb\"},\"inLanguage\":\"sv-SE\",\"potentialAction\":[{\"@type\":\"ReadAction\",\"target\":[\"https:\/\/www.petteriorpo.fi\/puhe-kokoomuksen-ministeriryhman-kesakokouksessa-joensuussa\/\"]}]},{\"@type\":\"ImageObject\",\"inLanguage\":\"sv-SE\",\"@id\":\"https:\/\/www.petteriorpo.fi\/puhe-kokoomuksen-ministeriryhman-kesakokouksessa-joensuussa\/#primaryimage\",\"url\":\"https:\/\/www.petteriorpo.fi\/wp-content\/uploads\/2016\/11\/30258659385_b258264bf2_k.jpg\",\"contentUrl\":\"https:\/\/www.petteriorpo.fi\/wp-content\/uploads\/2016\/11\/30258659385_b258264bf2_k.jpg\",\"width\":2048,\"height\":1365},{\"@type\":\"BreadcrumbList\",\"@id\":\"https:\/\/www.petteriorpo.fi\/puhe-kokoomuksen-ministeriryhman-kesakokouksessa-joensuussa\/#breadcrumb\",\"itemListElement\":[{\"@type\":\"ListItem\",\"position\":1,\"name\":\"Etusivu\",\"item\":\"https:\/\/www.petteriorpo.fi\/\"},{\"@type\":\"ListItem\",\"position\":2,\"name\":\"Puhe Kokoomuksen ministeriryhm\u00e4n kes\u00e4kokouksessa Joensuussa\"}]},{\"@type\":\"WebSite\",\"@id\":\"https:\/\/www.petteriorpo.fi\/#website\",\"url\":\"https:\/\/www.petteriorpo.fi\/\",\"name\":\"Petteri Orpo\",\"description\":\"Yhdess&auml; tehden eteenp&auml;in\",\"publisher\":{\"@id\":\"https:\/\/www.petteriorpo.fi\/#organization\"},\"potentialAction\":[{\"@type\":\"SearchAction\",\"target\":{\"@type\":\"EntryPoint\",\"urlTemplate\":\"https:\/\/www.petteriorpo.fi\/?s={search_term_string}\"},\"query-input\":{\"@type\":\"PropertyValueSpecification\",\"valueRequired\":true,\"valueName\":\"search_term_string\"}}],\"inLanguage\":\"sv-SE\"},{\"@type\":\"Organization\",\"@id\":\"https:\/\/www.petteriorpo.fi\/#organization\",\"name\":\"Petteri Orpo\",\"url\":\"https:\/\/www.petteriorpo.fi\/\",\"logo\":{\"@type\":\"ImageObject\",\"inLanguage\":\"sv-SE\",\"@id\":\"https:\/\/www.petteriorpo.fi\/#\/schema\/logo\/image\/\",\"url\":\"https:\/\/www.petteriorpo.fi\/wp-content\/uploads\/2022\/08\/logo_orpo.png\",\"contentUrl\":\"https:\/\/www.petteriorpo.fi\/wp-content\/uploads\/2022\/08\/logo_orpo.png\",\"width\":114,\"height\":120,\"caption\":\"Petteri Orpo\"},\"image\":{\"@id\":\"https:\/\/www.petteriorpo.fi\/#\/schema\/logo\/image\/\"}},{\"@type\":\"Person\",\"@id\":\"https:\/\/www.petteriorpo.fi\/#\/schema\/person\/269837cd998a58c819bee3941bc2d2b9\",\"name\":\"admin\",\"image\":{\"@type\":\"ImageObject\",\"inLanguage\":\"sv-SE\",\"@id\":\"https:\/\/www.petteriorpo.fi\/#\/schema\/person\/image\/\",\"url\":\"https:\/\/secure.gravatar.com\/avatar\/e3534ba089e9f56595220762a1371e56?s=96&d=mm&r=g\",\"contentUrl\":\"https:\/\/secure.gravatar.com\/avatar\/e3534ba089e9f56595220762a1371e56?s=96&d=mm&r=g\",\"caption\":\"admin\"},\"sameAs\":[\"https:\/\/www.petteriorpo.fi\"],\"url\":\"https:\/\/www.petteriorpo.fi\/sv\/author\/admin\/\"}]}<\/script>\n<!-- \/ Yoast SEO plugin. -->","yoast_head_json":{"title":"Puhe Kokoomuksen ministeriryhm\u00e4n kes\u00e4kokouksessa Joensuussa - Petteri Orpo","robots":{"index":"index","follow":"follow","max-snippet":"max-snippet:-1","max-image-preview":"max-image-preview:large","max-video-preview":"max-video-preview:-1"},"canonical":"https:\/\/www.petteriorpo.fi\/sv\/puhe-kokoomuksen-ministeriryhman-kesakokouksessa-joensuussa\/","og_locale":"sv_SE","og_type":"article","og_title":"Puhe Kokoomuksen ministeriryhm\u00e4n kes\u00e4kokouksessa Joensuussa - Petteri Orpo","og_description":"Hyv\u00e4t yst\u00e4v\u00e4t, kuulijat &nbsp; Kes\u00e4 on Suomessa ollut poikkeuksellinen. Enk\u00e4 nyt puhu pelk\u00e4st\u00e4\u00e4n enn\u00e4tyshelteist\u00e4, vaan my\u00f6s hein\u00e4kuussa j\u00e4rjestetyst\u00e4 Yhdysvaltojen ja Ven\u00e4j\u00e4n presidenttien tapaamisesta, johon kohdistui laajaa kansainv\u00e4list\u00e4 mielenkiintoa. Tapaaminen oli Suomelle, Suomen ulkopolitiikalle sek\u00e4 tasavallan presidentti Niinist\u00f6lle menestys. Jotkut ovat olleet huolissaan siit\u00e4, millaisena maana Suomi n\u00e4ytt\u00e4ytyi kokouksen j\u00e4rjest\u00e4j\u00e4n\u00e4. Ulkoministeri\u00f6n ja Helsingin kaupungin teett\u00e4m\u00e4n mediatutkimuksen [&hellip;]","og_url":"https:\/\/www.petteriorpo.fi\/sv\/puhe-kokoomuksen-ministeriryhman-kesakokouksessa-joensuussa\/","og_site_name":"Petteri Orpo","article_published_time":"2018-08-13T12:04:36+00:00","article_modified_time":"2023-02-16T16:50:47+00:00","og_image":[{"width":2048,"height":1365,"url":"https:\/\/www.petteriorpo.fi\/wp-content\/uploads\/2016\/11\/30258659385_b258264bf2_k.jpg","type":"image\/jpeg"}],"author":"admin","twitter_card":"summary_large_image","twitter_misc":{"Skriven av":"admin","Ber\u00e4knad l\u00e4stid":"11 minuter"},"schema":{"@context":"https:\/\/schema.org","@graph":[{"@type":"Article","@id":"https:\/\/www.petteriorpo.fi\/puhe-kokoomuksen-ministeriryhman-kesakokouksessa-joensuussa\/#article","isPartOf":{"@id":"https:\/\/www.petteriorpo.fi\/puhe-kokoomuksen-ministeriryhman-kesakokouksessa-joensuussa\/"},"author":{"name":"admin","@id":"https:\/\/www.petteriorpo.fi\/#\/schema\/person\/269837cd998a58c819bee3941bc2d2b9"},"headline":"Puhe Kokoomuksen ministeriryhm\u00e4n kes\u00e4kokouksessa Joensuussa","datePublished":"2018-08-13T12:04:36+00:00","dateModified":"2023-02-16T16:50:47+00:00","mainEntityOfPage":{"@id":"https:\/\/www.petteriorpo.fi\/puhe-kokoomuksen-ministeriryhman-kesakokouksessa-joensuussa\/"},"wordCount":2261,"commentCount":0,"publisher":{"@id":"https:\/\/www.petteriorpo.fi\/#organization"},"image":{"@id":"https:\/\/www.petteriorpo.fi\/puhe-kokoomuksen-ministeriryhman-kesakokouksessa-joensuussa\/#primaryimage"},"thumbnailUrl":"https:\/\/www.petteriorpo.fi\/wp-content\/uploads\/2016\/11\/30258659385_b258264bf2_k.jpg","articleSection":["Blogi"],"inLanguage":"sv-SE","potentialAction":[{"@type":"CommentAction","name":"Comment","target":["https:\/\/www.petteriorpo.fi\/puhe-kokoomuksen-ministeriryhman-kesakokouksessa-joensuussa\/#respond"]}]},{"@type":"WebPage","@id":"https:\/\/www.petteriorpo.fi\/puhe-kokoomuksen-ministeriryhman-kesakokouksessa-joensuussa\/","url":"https:\/\/www.petteriorpo.fi\/puhe-kokoomuksen-ministeriryhman-kesakokouksessa-joensuussa\/","name":"Puhe Kokoomuksen ministeriryhm\u00e4n kes\u00e4kokouksessa Joensuussa - Petteri Orpo","isPartOf":{"@id":"https:\/\/www.petteriorpo.fi\/#website"},"primaryImageOfPage":{"@id":"https:\/\/www.petteriorpo.fi\/puhe-kokoomuksen-ministeriryhman-kesakokouksessa-joensuussa\/#primaryimage"},"image":{"@id":"https:\/\/www.petteriorpo.fi\/puhe-kokoomuksen-ministeriryhman-kesakokouksessa-joensuussa\/#primaryimage"},"thumbnailUrl":"https:\/\/www.petteriorpo.fi\/wp-content\/uploads\/2016\/11\/30258659385_b258264bf2_k.jpg","datePublished":"2018-08-13T12:04:36+00:00","dateModified":"2023-02-16T16:50:47+00:00","breadcrumb":{"@id":"https:\/\/www.petteriorpo.fi\/puhe-kokoomuksen-ministeriryhman-kesakokouksessa-joensuussa\/#breadcrumb"},"inLanguage":"sv-SE","potentialAction":[{"@type":"ReadAction","target":["https:\/\/www.petteriorpo.fi\/puhe-kokoomuksen-ministeriryhman-kesakokouksessa-joensuussa\/"]}]},{"@type":"ImageObject","inLanguage":"sv-SE","@id":"https:\/\/www.petteriorpo.fi\/puhe-kokoomuksen-ministeriryhman-kesakokouksessa-joensuussa\/#primaryimage","url":"https:\/\/www.petteriorpo.fi\/wp-content\/uploads\/2016\/11\/30258659385_b258264bf2_k.jpg","contentUrl":"https:\/\/www.petteriorpo.fi\/wp-content\/uploads\/2016\/11\/30258659385_b258264bf2_k.jpg","width":2048,"height":1365},{"@type":"BreadcrumbList","@id":"https:\/\/www.petteriorpo.fi\/puhe-kokoomuksen-ministeriryhman-kesakokouksessa-joensuussa\/#breadcrumb","itemListElement":[{"@type":"ListItem","position":1,"name":"Etusivu","item":"https:\/\/www.petteriorpo.fi\/"},{"@type":"ListItem","position":2,"name":"Puhe Kokoomuksen ministeriryhm\u00e4n kes\u00e4kokouksessa Joensuussa"}]},{"@type":"WebSite","@id":"https:\/\/www.petteriorpo.fi\/#website","url":"https:\/\/www.petteriorpo.fi\/","name":"Petteri Orpo","description":"Yhdess&auml; tehden eteenp&auml;in","publisher":{"@id":"https:\/\/www.petteriorpo.fi\/#organization"},"potentialAction":[{"@type":"SearchAction","target":{"@type":"EntryPoint","urlTemplate":"https:\/\/www.petteriorpo.fi\/?s={search_term_string}"},"query-input":{"@type":"PropertyValueSpecification","valueRequired":true,"valueName":"search_term_string"}}],"inLanguage":"sv-SE"},{"@type":"Organization","@id":"https:\/\/www.petteriorpo.fi\/#organization","name":"Petteri Orpo","url":"https:\/\/www.petteriorpo.fi\/","logo":{"@type":"ImageObject","inLanguage":"sv-SE","@id":"https:\/\/www.petteriorpo.fi\/#\/schema\/logo\/image\/","url":"https:\/\/www.petteriorpo.fi\/wp-content\/uploads\/2022\/08\/logo_orpo.png","contentUrl":"https:\/\/www.petteriorpo.fi\/wp-content\/uploads\/2022\/08\/logo_orpo.png","width":114,"height":120,"caption":"Petteri Orpo"},"image":{"@id":"https:\/\/www.petteriorpo.fi\/#\/schema\/logo\/image\/"}},{"@type":"Person","@id":"https:\/\/www.petteriorpo.fi\/#\/schema\/person\/269837cd998a58c819bee3941bc2d2b9","name":"admin","image":{"@type":"ImageObject","inLanguage":"sv-SE","@id":"https:\/\/www.petteriorpo.fi\/#\/schema\/person\/image\/","url":"https:\/\/secure.gravatar.com\/avatar\/e3534ba089e9f56595220762a1371e56?s=96&d=mm&r=g","contentUrl":"https:\/\/secure.gravatar.com\/avatar\/e3534ba089e9f56595220762a1371e56?s=96&d=mm&r=g","caption":"admin"},"sameAs":["https:\/\/www.petteriorpo.fi"],"url":"https:\/\/www.petteriorpo.fi\/sv\/author\/admin\/"}]}},"_links":{"self":[{"href":"https:\/\/www.petteriorpo.fi\/sv\/wp-json\/wp\/v2\/posts\/962","targetHints":{"allow":["GET"]}}],"collection":[{"href":"https:\/\/www.petteriorpo.fi\/sv\/wp-json\/wp\/v2\/posts"}],"about":[{"href":"https:\/\/www.petteriorpo.fi\/sv\/wp-json\/wp\/v2\/types\/post"}],"author":[{"embeddable":true,"href":"https:\/\/www.petteriorpo.fi\/sv\/wp-json\/wp\/v2\/users\/1"}],"replies":[{"embeddable":true,"href":"https:\/\/www.petteriorpo.fi\/sv\/wp-json\/wp\/v2\/comments?post=962"}],"version-history":[{"count":1,"href":"https:\/\/www.petteriorpo.fi\/sv\/wp-json\/wp\/v2\/posts\/962\/revisions"}],"predecessor-version":[{"id":1045,"href":"https:\/\/www.petteriorpo.fi\/sv\/wp-json\/wp\/v2\/posts\/962\/revisions\/1045"}],"wp:featuredmedia":[{"embeddable":true,"href":"https:\/\/www.petteriorpo.fi\/sv\/wp-json\/wp\/v2\/media\/1099"}],"wp:attachment":[{"href":"https:\/\/www.petteriorpo.fi\/sv\/wp-json\/wp\/v2\/media?parent=962"}],"wp:term":[{"taxonomy":"category","embeddable":true,"href":"https:\/\/www.petteriorpo.fi\/sv\/wp-json\/wp\/v2\/categories?post=962"},{"taxonomy":"post_tag","embeddable":true,"href":"https:\/\/www.petteriorpo.fi\/sv\/wp-json\/wp\/v2\/tags?post=962"}],"curies":[{"name":"wp","href":"https:\/\/api.w.org\/{rel}","templated":true}]}}