{"id":858,"date":"2020-06-12T11:48:09","date_gmt":"2020-06-12T08:48:09","guid":{"rendered":"https:\/\/www.petteriorpo.fi\/?p=858"},"modified":"2023-02-16T16:48:50","modified_gmt":"2023-02-16T16:48:50","slug":"yksityinen-omistus-on-metsapolitiikan-kulmakivi","status":"publish","type":"post","link":"https:\/\/www.petteriorpo.fi\/sv\/yksityinen-omistus-on-metsapolitiikan-kulmakivi\/","title":{"rendered":"Yksityinen omistus on mets\u00e4politiikan kulmakivi"},"content":{"rendered":"<p><em>(Julkaistu vieraskolumnina Maaseudun Tulevaisuudessa 15.1.2020)<\/em><\/p>\n<p>Suomalaiset voivat sanoa selk\u00e4 suorassa, ett\u00e4 suomalainen mets\u00e4politiikka on maailman parasta. Metsien vuosittainen kasvu on kaksinkertaistunut kuluneen 50 vuoden aikana ja samaan aikaan mets\u00e4varamme ovat kasvaneet miljardilla kuutiometrill\u00e4.<\/p>\n<p>Yksityiset mets\u00e4nomistajat ovat saaneet j\u00e4rkev\u00e4\u00e4 tuottoa mets\u00e4lle, mets\u00e4teollisuus on tuonut ty\u00f6t\u00e4 ja hyvinvointia koko maahan, ja samaan aikaan on suojeltu t\u00e4rkeit\u00e4 luontokohteita. Suomessa my\u00f6s kehitet\u00e4\u00e4n ja testataan uusia tapoja hy\u00f6dynt\u00e4\u00e4 puuta muovin korvaajana.<\/p>\n<p>Meill\u00e4 on ollut hyv\u00e4, laajasti eri puolilla yhteiskuntaa hyv\u00e4ksytty yhteisymm\u00e4rrys siit\u00e4, ett\u00e4 pitk\u00e4j\u00e4nteinen mets\u00e4politiikka on se, mik\u00e4 kantaa.<\/p>\n<p>Viime vuosina mets\u00e4keskusteluun on tullut mukaan uusia elementtej\u00e4: hiilinielut ja ilmasto. LULUCF-kokonaisuuden yhteydess\u00e4 Suomi k\u00e4vi pitk\u00e4n taistelun siit\u00e4, ettei meid\u00e4n pitk\u00e4j\u00e4nteist\u00e4 mets\u00e4politiikkaamme laskettaisi taakaksi ilmastotalkoissa. Osa poliitikoista puhuu vakavasti hakkuurajoituksista vailla mink\u00e4\u00e4nlaista ajatusta siit\u00e4, miten ne vaikuttaisivat mets\u00e4talouden harjoittamiseen ja maaseudun elinvoimaisuuden kehittymiseen Suomessa.<\/p>\n<p>Moni mets\u00e4nomistaja on varpaillaan, syyst\u00e4kin. Mets\u00e4nomistajien on syyt\u00e4 seurata tarkasti, mink\u00e4laista mets\u00e4politiikkaa puolueet ajavat.<\/p>\n<p>Kokoomuksen l\u00e4ht\u00f6kohta on se, ett\u00e4 yksityinen mets\u00e4nomistus on paras keino huolehtia siit\u00e4, ett\u00e4 suomalaiset mets\u00e4t ovat kunnossa ja kasvavat. Sellaiset toimet, jotka heikent\u00e4v\u00e4t mets\u00e4n omistamisen kiinnostavuutta tai omistaja-arvoa, tekev\u00e4t todenn\u00e4k\u00f6isesti hallaa kaikille mets\u00e4\u00e4n liittyville tavoitteille.<\/p>\n<p>Mets\u00e4politiikan tavoitteita on viime vuosina ajettu j\u00e4rkev\u00e4sti my\u00f6s porkkanan kautta. METSO-ohjelma on ollut erinomainen keino lis\u00e4t\u00e4 Etel\u00e4-Suomen metsien suojelua vapaaehtoisessa yhteisty\u00f6ss\u00e4 maanomistajien kanssa. Valtiontalouden n\u00e4k\u00f6kulmasta pikkiriikkinen taloudellinen panostus on lis\u00e4nnyt suuren m\u00e4\u00e4r\u00e4n arvokkaita suojelukohteita.<\/p>\n<p>Jos Suomi halutaan pit\u00e4\u00e4 j\u00e4rkev\u00e4n mets\u00e4politiikan k\u00e4rkimaana, on nielukysymyksiss\u00e4 k\u00e4ytett\u00e4v\u00e4 erityist\u00e4 harkintaa ja tarkkuutta. Sellaiset keinot, joilla tullaan mestaroimaan, kuinka yksityiset mets\u00e4nomistajat saavat metsi\u00e4\u00e4n hoitaa, tuskin ovat tarkoituksenmukaisia. Mets\u00e4nomistajalla on mets\u00e4nhoitajan arvion pohjalta paras mahdollinen tieto siit\u00e4, mik\u00e4 kullekin mets\u00e4alalle on parasta mets\u00e4nhoitoa.<\/p>\n<p>Aktiivinen ja oikea-aikainen metsien hoito on my\u00f6s paras tapa kasvattaa metsien hiilen sidontaa. Samalla mets\u00e4t pysyv\u00e4t tervein\u00e4. Mets\u00e4tuhot voivat k\u00e4\u00e4nt\u00e4\u00e4 mets\u00e4t hetkess\u00e4 nielusta p\u00e4\u00e4st\u00f6ksi, kuten on k\u00e4ynyt muun muassa Kanadassa.<\/p>\n<div class=\"promo col-large-12 col-medium-12 col-small-12 show-for-medium-up\"><\/div>\n<p>Meid\u00e4n pit\u00e4isi tarkastella keinoja, jotka luovat taloudellisia kannusteita kasvattaa metsien nieluja. On l\u00f6ydett\u00e4v\u00e4 tasapaino mets\u00e4nomistajien toiveiden, mets\u00e4teollisuudelle riitt\u00e4v\u00e4n puuntarjonnan sek\u00e4 kest\u00e4vyystavoitteiden v\u00e4lill\u00e4.<\/p>\n<p>Metsien hoidon rinnalle tulisi kehitt\u00e4\u00e4 uusia palveluita ja tuotteita, jotka auttavat mets\u00e4nomistajia omaisuutensa hoidossa. Palveluiden ja tuotteiden tulee olla sellaisia, ett\u00e4 ne k\u00e4tev\u00e4sti yhdist\u00e4v\u00e4t kest\u00e4v\u00e4n ja luonnon monimuotoisuutta tukevan mets\u00e4nhoidon mets\u00e4nomistajan rahallisiin tavoitteisiin.<\/p>\n<p>Kokoomukselle t\u00e4rkeint\u00e4 mets\u00e4politiikassa on se, ett\u00e4 ei tehd\u00e4 h\u00f6tkyilevi\u00e4 ratkaisuja. Mets\u00e4 on Suomen ja suomalaisten kansallisvarallisuutta, jota pit\u00e4\u00e4 hoitaa tarkasti ja pitk\u00e4j\u00e4nteisesti. On tunnistettava muuttuvan maailman tarpeet, mutta mallin perustaa yksityiseen mets\u00e4nomistukseen perustuvasta pitk\u00e4j\u00e4nteisest\u00e4 j\u00e4rjestelm\u00e4st\u00e4 ei ole syyt\u00e4 muuttaa.<\/p>\n<p><b>Petteri Orpo<\/b>: kansanedustaja (kok.), kokoomuksen puheenjohtaja.<\/p>\n<blockquote><p>Kokoomukselle t\u00e4rkeint\u00e4 mets\u00e4politiikassa on se, ett\u00e4 ei tehd\u00e4 h\u00f6tkyilevi\u00e4 ratkaisuja.<\/p><\/blockquote>","protected":false},"excerpt":{"rendered":"<p>(Julkaistu vieraskolumnina Maaseudun Tulevaisuudessa 15.1.2020) Suomalaiset voivat sanoa selk\u00e4 suorassa, ett\u00e4 suomalainen mets\u00e4politiikka on maailman parasta. Metsien vuosittainen kasvu on kaksinkertaistunut kuluneen 50 vuoden aikana ja samaan aikaan mets\u00e4varamme ovat kasvaneet miljardilla kuutiometrill\u00e4. Yksityiset mets\u00e4nomistajat ovat saaneet j\u00e4rkev\u00e4\u00e4 tuottoa mets\u00e4lle, mets\u00e4teollisuus on tuonut ty\u00f6t\u00e4 ja hyvinvointia koko maahan, ja samaan aikaan on suojeltu t\u00e4rkeit\u00e4 luontokohteita. [&hellip;]<\/p>","protected":false},"author":1,"featured_media":859,"comment_status":"open","ping_status":"open","sticky":false,"template":"","format":"standard","meta":{"footnotes":""},"categories":[6],"tags":[175,152,248,249,250,251],"class_list":["post-858","post","type-post","status-publish","format-standard","has-post-thumbnail","hentry","category-blogi","tag-kolumni","tag-maaseudun-tulevaisuus","tag-metsa","tag-metsapolitiikka","tag-omaisuus","tag-yksityinen-omistus"],"yoast_head":"<!-- This site is optimized with the Yoast SEO plugin v26.0 - https:\/\/yoast.com\/wordpress\/plugins\/seo\/ -->\n<title>Yksityinen omistus on mets\u00e4politiikan kulmakivi - Petteri Orpo<\/title>\n<meta name=\"robots\" content=\"index, follow, max-snippet:-1, max-image-preview:large, max-video-preview:-1\" \/>\n<link rel=\"canonical\" href=\"https:\/\/www.petteriorpo.fi\/sv\/yksityinen-omistus-on-metsapolitiikan-kulmakivi\/\" \/>\n<meta property=\"og:locale\" content=\"sv_SE\" \/>\n<meta property=\"og:type\" content=\"article\" \/>\n<meta property=\"og:title\" content=\"Yksityinen omistus on mets\u00e4politiikan kulmakivi - Petteri Orpo\" \/>\n<meta property=\"og:description\" content=\"(Julkaistu vieraskolumnina Maaseudun Tulevaisuudessa 15.1.2020) Suomalaiset voivat sanoa selk\u00e4 suorassa, ett\u00e4 suomalainen mets\u00e4politiikka on maailman parasta. Metsien vuosittainen kasvu on kaksinkertaistunut kuluneen 50 vuoden aikana ja samaan aikaan mets\u00e4varamme ovat kasvaneet miljardilla kuutiometrill\u00e4. Yksityiset mets\u00e4nomistajat ovat saaneet j\u00e4rkev\u00e4\u00e4 tuottoa mets\u00e4lle, mets\u00e4teollisuus on tuonut ty\u00f6t\u00e4 ja hyvinvointia koko maahan, ja samaan aikaan on suojeltu t\u00e4rkeit\u00e4 luontokohteita. [&hellip;]\" \/>\n<meta property=\"og:url\" content=\"https:\/\/www.petteriorpo.fi\/sv\/yksityinen-omistus-on-metsapolitiikan-kulmakivi\/\" \/>\n<meta property=\"og:site_name\" content=\"Petteri Orpo\" \/>\n<meta property=\"article:published_time\" content=\"2020-06-12T08:48:09+00:00\" \/>\n<meta property=\"article:modified_time\" content=\"2023-02-16T16:48:50+00:00\" \/>\n<meta property=\"og:image\" content=\"https:\/\/www.petteriorpo.fi\/wp-content\/uploads\/2020\/06\/WhatsApp-Image-2020-06-12-at-11.44.23.jpeg\" \/>\n\t<meta property=\"og:image:width\" content=\"1200\" \/>\n\t<meta property=\"og:image:height\" content=\"965\" \/>\n\t<meta property=\"og:image:type\" content=\"image\/jpeg\" \/>\n<meta name=\"author\" content=\"admin\" \/>\n<meta name=\"twitter:card\" content=\"summary_large_image\" \/>\n<meta name=\"twitter:label1\" content=\"Skriven av\" \/>\n\t<meta name=\"twitter:data1\" content=\"admin\" \/>\n\t<meta name=\"twitter:label2\" content=\"Ber\u00e4knad l\u00e4stid\" \/>\n\t<meta name=\"twitter:data2\" content=\"2 minuter\" \/>\n<script type=\"application\/ld+json\" class=\"yoast-schema-graph\">{\"@context\":\"https:\/\/schema.org\",\"@graph\":[{\"@type\":\"Article\",\"@id\":\"https:\/\/www.petteriorpo.fi\/yksityinen-omistus-on-metsapolitiikan-kulmakivi\/#article\",\"isPartOf\":{\"@id\":\"https:\/\/www.petteriorpo.fi\/yksityinen-omistus-on-metsapolitiikan-kulmakivi\/\"},\"author\":{\"name\":\"admin\",\"@id\":\"https:\/\/www.petteriorpo.fi\/#\/schema\/person\/269837cd998a58c819bee3941bc2d2b9\"},\"headline\":\"Yksityinen omistus on mets\u00e4politiikan kulmakivi\",\"datePublished\":\"2020-06-12T08:48:09+00:00\",\"dateModified\":\"2023-02-16T16:48:50+00:00\",\"mainEntityOfPage\":{\"@id\":\"https:\/\/www.petteriorpo.fi\/yksityinen-omistus-on-metsapolitiikan-kulmakivi\/\"},\"wordCount\":504,\"commentCount\":0,\"publisher\":{\"@id\":\"https:\/\/www.petteriorpo.fi\/#organization\"},\"image\":{\"@id\":\"https:\/\/www.petteriorpo.fi\/yksityinen-omistus-on-metsapolitiikan-kulmakivi\/#primaryimage\"},\"thumbnailUrl\":\"https:\/\/www.petteriorpo.fi\/wp-content\/uploads\/2020\/06\/WhatsApp-Image-2020-06-12-at-11.44.23.jpeg\",\"keywords\":[\"kolumni\",\"Maaseudun Tulevaisuus\",\"Mets\u00e4\",\"mets\u00e4politiikka\",\"omaisuus\",\"yksityinen omistus\"],\"articleSection\":[\"Blogi\"],\"inLanguage\":\"sv-SE\",\"potentialAction\":[{\"@type\":\"CommentAction\",\"name\":\"Comment\",\"target\":[\"https:\/\/www.petteriorpo.fi\/yksityinen-omistus-on-metsapolitiikan-kulmakivi\/#respond\"]}]},{\"@type\":\"WebPage\",\"@id\":\"https:\/\/www.petteriorpo.fi\/yksityinen-omistus-on-metsapolitiikan-kulmakivi\/\",\"url\":\"https:\/\/www.petteriorpo.fi\/yksityinen-omistus-on-metsapolitiikan-kulmakivi\/\",\"name\":\"Yksityinen omistus on mets\u00e4politiikan kulmakivi - Petteri Orpo\",\"isPartOf\":{\"@id\":\"https:\/\/www.petteriorpo.fi\/#website\"},\"primaryImageOfPage\":{\"@id\":\"https:\/\/www.petteriorpo.fi\/yksityinen-omistus-on-metsapolitiikan-kulmakivi\/#primaryimage\"},\"image\":{\"@id\":\"https:\/\/www.petteriorpo.fi\/yksityinen-omistus-on-metsapolitiikan-kulmakivi\/#primaryimage\"},\"thumbnailUrl\":\"https:\/\/www.petteriorpo.fi\/wp-content\/uploads\/2020\/06\/WhatsApp-Image-2020-06-12-at-11.44.23.jpeg\",\"datePublished\":\"2020-06-12T08:48:09+00:00\",\"dateModified\":\"2023-02-16T16:48:50+00:00\",\"breadcrumb\":{\"@id\":\"https:\/\/www.petteriorpo.fi\/yksityinen-omistus-on-metsapolitiikan-kulmakivi\/#breadcrumb\"},\"inLanguage\":\"sv-SE\",\"potentialAction\":[{\"@type\":\"ReadAction\",\"target\":[\"https:\/\/www.petteriorpo.fi\/yksityinen-omistus-on-metsapolitiikan-kulmakivi\/\"]}]},{\"@type\":\"ImageObject\",\"inLanguage\":\"sv-SE\",\"@id\":\"https:\/\/www.petteriorpo.fi\/yksityinen-omistus-on-metsapolitiikan-kulmakivi\/#primaryimage\",\"url\":\"https:\/\/www.petteriorpo.fi\/wp-content\/uploads\/2020\/06\/WhatsApp-Image-2020-06-12-at-11.44.23.jpeg\",\"contentUrl\":\"https:\/\/www.petteriorpo.fi\/wp-content\/uploads\/2020\/06\/WhatsApp-Image-2020-06-12-at-11.44.23.jpeg\",\"width\":1200,\"height\":965,\"caption\":\"(c) Alexis Vartiainen 2020\"},{\"@type\":\"BreadcrumbList\",\"@id\":\"https:\/\/www.petteriorpo.fi\/yksityinen-omistus-on-metsapolitiikan-kulmakivi\/#breadcrumb\",\"itemListElement\":[{\"@type\":\"ListItem\",\"position\":1,\"name\":\"Etusivu\",\"item\":\"https:\/\/www.petteriorpo.fi\/\"},{\"@type\":\"ListItem\",\"position\":2,\"name\":\"Yksityinen omistus on mets\u00e4politiikan kulmakivi\"}]},{\"@type\":\"WebSite\",\"@id\":\"https:\/\/www.petteriorpo.fi\/#website\",\"url\":\"https:\/\/www.petteriorpo.fi\/\",\"name\":\"Petteri Orpo\",\"description\":\"Yhdess&auml; tehden eteenp&auml;in\",\"publisher\":{\"@id\":\"https:\/\/www.petteriorpo.fi\/#organization\"},\"potentialAction\":[{\"@type\":\"SearchAction\",\"target\":{\"@type\":\"EntryPoint\",\"urlTemplate\":\"https:\/\/www.petteriorpo.fi\/?s={search_term_string}\"},\"query-input\":{\"@type\":\"PropertyValueSpecification\",\"valueRequired\":true,\"valueName\":\"search_term_string\"}}],\"inLanguage\":\"sv-SE\"},{\"@type\":\"Organization\",\"@id\":\"https:\/\/www.petteriorpo.fi\/#organization\",\"name\":\"Petteri Orpo\",\"url\":\"https:\/\/www.petteriorpo.fi\/\",\"logo\":{\"@type\":\"ImageObject\",\"inLanguage\":\"sv-SE\",\"@id\":\"https:\/\/www.petteriorpo.fi\/#\/schema\/logo\/image\/\",\"url\":\"https:\/\/www.petteriorpo.fi\/wp-content\/uploads\/2022\/08\/logo_orpo.png\",\"contentUrl\":\"https:\/\/www.petteriorpo.fi\/wp-content\/uploads\/2022\/08\/logo_orpo.png\",\"width\":114,\"height\":120,\"caption\":\"Petteri Orpo\"},\"image\":{\"@id\":\"https:\/\/www.petteriorpo.fi\/#\/schema\/logo\/image\/\"}},{\"@type\":\"Person\",\"@id\":\"https:\/\/www.petteriorpo.fi\/#\/schema\/person\/269837cd998a58c819bee3941bc2d2b9\",\"name\":\"admin\",\"image\":{\"@type\":\"ImageObject\",\"inLanguage\":\"sv-SE\",\"@id\":\"https:\/\/www.petteriorpo.fi\/#\/schema\/person\/image\/\",\"url\":\"https:\/\/secure.gravatar.com\/avatar\/e3534ba089e9f56595220762a1371e56?s=96&d=mm&r=g\",\"contentUrl\":\"https:\/\/secure.gravatar.com\/avatar\/e3534ba089e9f56595220762a1371e56?s=96&d=mm&r=g\",\"caption\":\"admin\"},\"sameAs\":[\"https:\/\/www.petteriorpo.fi\"],\"url\":\"https:\/\/www.petteriorpo.fi\/sv\/author\/admin\/\"}]}<\/script>\n<!-- \/ Yoast SEO plugin. -->","yoast_head_json":{"title":"Yksityinen omistus on mets\u00e4politiikan kulmakivi - Petteri Orpo","robots":{"index":"index","follow":"follow","max-snippet":"max-snippet:-1","max-image-preview":"max-image-preview:large","max-video-preview":"max-video-preview:-1"},"canonical":"https:\/\/www.petteriorpo.fi\/sv\/yksityinen-omistus-on-metsapolitiikan-kulmakivi\/","og_locale":"sv_SE","og_type":"article","og_title":"Yksityinen omistus on mets\u00e4politiikan kulmakivi - Petteri Orpo","og_description":"(Julkaistu vieraskolumnina Maaseudun Tulevaisuudessa 15.1.2020) Suomalaiset voivat sanoa selk\u00e4 suorassa, ett\u00e4 suomalainen mets\u00e4politiikka on maailman parasta. Metsien vuosittainen kasvu on kaksinkertaistunut kuluneen 50 vuoden aikana ja samaan aikaan mets\u00e4varamme ovat kasvaneet miljardilla kuutiometrill\u00e4. Yksityiset mets\u00e4nomistajat ovat saaneet j\u00e4rkev\u00e4\u00e4 tuottoa mets\u00e4lle, mets\u00e4teollisuus on tuonut ty\u00f6t\u00e4 ja hyvinvointia koko maahan, ja samaan aikaan on suojeltu t\u00e4rkeit\u00e4 luontokohteita. [&hellip;]","og_url":"https:\/\/www.petteriorpo.fi\/sv\/yksityinen-omistus-on-metsapolitiikan-kulmakivi\/","og_site_name":"Petteri Orpo","article_published_time":"2020-06-12T08:48:09+00:00","article_modified_time":"2023-02-16T16:48:50+00:00","og_image":[{"width":1200,"height":965,"url":"https:\/\/www.petteriorpo.fi\/wp-content\/uploads\/2020\/06\/WhatsApp-Image-2020-06-12-at-11.44.23.jpeg","type":"image\/jpeg"}],"author":"admin","twitter_card":"summary_large_image","twitter_misc":{"Skriven av":"admin","Ber\u00e4knad l\u00e4stid":"2 minuter"},"schema":{"@context":"https:\/\/schema.org","@graph":[{"@type":"Article","@id":"https:\/\/www.petteriorpo.fi\/yksityinen-omistus-on-metsapolitiikan-kulmakivi\/#article","isPartOf":{"@id":"https:\/\/www.petteriorpo.fi\/yksityinen-omistus-on-metsapolitiikan-kulmakivi\/"},"author":{"name":"admin","@id":"https:\/\/www.petteriorpo.fi\/#\/schema\/person\/269837cd998a58c819bee3941bc2d2b9"},"headline":"Yksityinen omistus on mets\u00e4politiikan kulmakivi","datePublished":"2020-06-12T08:48:09+00:00","dateModified":"2023-02-16T16:48:50+00:00","mainEntityOfPage":{"@id":"https:\/\/www.petteriorpo.fi\/yksityinen-omistus-on-metsapolitiikan-kulmakivi\/"},"wordCount":504,"commentCount":0,"publisher":{"@id":"https:\/\/www.petteriorpo.fi\/#organization"},"image":{"@id":"https:\/\/www.petteriorpo.fi\/yksityinen-omistus-on-metsapolitiikan-kulmakivi\/#primaryimage"},"thumbnailUrl":"https:\/\/www.petteriorpo.fi\/wp-content\/uploads\/2020\/06\/WhatsApp-Image-2020-06-12-at-11.44.23.jpeg","keywords":["kolumni","Maaseudun Tulevaisuus","Mets\u00e4","mets\u00e4politiikka","omaisuus","yksityinen omistus"],"articleSection":["Blogi"],"inLanguage":"sv-SE","potentialAction":[{"@type":"CommentAction","name":"Comment","target":["https:\/\/www.petteriorpo.fi\/yksityinen-omistus-on-metsapolitiikan-kulmakivi\/#respond"]}]},{"@type":"WebPage","@id":"https:\/\/www.petteriorpo.fi\/yksityinen-omistus-on-metsapolitiikan-kulmakivi\/","url":"https:\/\/www.petteriorpo.fi\/yksityinen-omistus-on-metsapolitiikan-kulmakivi\/","name":"Yksityinen omistus on mets\u00e4politiikan kulmakivi - Petteri Orpo","isPartOf":{"@id":"https:\/\/www.petteriorpo.fi\/#website"},"primaryImageOfPage":{"@id":"https:\/\/www.petteriorpo.fi\/yksityinen-omistus-on-metsapolitiikan-kulmakivi\/#primaryimage"},"image":{"@id":"https:\/\/www.petteriorpo.fi\/yksityinen-omistus-on-metsapolitiikan-kulmakivi\/#primaryimage"},"thumbnailUrl":"https:\/\/www.petteriorpo.fi\/wp-content\/uploads\/2020\/06\/WhatsApp-Image-2020-06-12-at-11.44.23.jpeg","datePublished":"2020-06-12T08:48:09+00:00","dateModified":"2023-02-16T16:48:50+00:00","breadcrumb":{"@id":"https:\/\/www.petteriorpo.fi\/yksityinen-omistus-on-metsapolitiikan-kulmakivi\/#breadcrumb"},"inLanguage":"sv-SE","potentialAction":[{"@type":"ReadAction","target":["https:\/\/www.petteriorpo.fi\/yksityinen-omistus-on-metsapolitiikan-kulmakivi\/"]}]},{"@type":"ImageObject","inLanguage":"sv-SE","@id":"https:\/\/www.petteriorpo.fi\/yksityinen-omistus-on-metsapolitiikan-kulmakivi\/#primaryimage","url":"https:\/\/www.petteriorpo.fi\/wp-content\/uploads\/2020\/06\/WhatsApp-Image-2020-06-12-at-11.44.23.jpeg","contentUrl":"https:\/\/www.petteriorpo.fi\/wp-content\/uploads\/2020\/06\/WhatsApp-Image-2020-06-12-at-11.44.23.jpeg","width":1200,"height":965,"caption":"(c) Alexis Vartiainen 2020"},{"@type":"BreadcrumbList","@id":"https:\/\/www.petteriorpo.fi\/yksityinen-omistus-on-metsapolitiikan-kulmakivi\/#breadcrumb","itemListElement":[{"@type":"ListItem","position":1,"name":"Etusivu","item":"https:\/\/www.petteriorpo.fi\/"},{"@type":"ListItem","position":2,"name":"Yksityinen omistus on mets\u00e4politiikan kulmakivi"}]},{"@type":"WebSite","@id":"https:\/\/www.petteriorpo.fi\/#website","url":"https:\/\/www.petteriorpo.fi\/","name":"Petteri Orpo","description":"Yhdess&auml; tehden eteenp&auml;in","publisher":{"@id":"https:\/\/www.petteriorpo.fi\/#organization"},"potentialAction":[{"@type":"SearchAction","target":{"@type":"EntryPoint","urlTemplate":"https:\/\/www.petteriorpo.fi\/?s={search_term_string}"},"query-input":{"@type":"PropertyValueSpecification","valueRequired":true,"valueName":"search_term_string"}}],"inLanguage":"sv-SE"},{"@type":"Organization","@id":"https:\/\/www.petteriorpo.fi\/#organization","name":"Petteri Orpo","url":"https:\/\/www.petteriorpo.fi\/","logo":{"@type":"ImageObject","inLanguage":"sv-SE","@id":"https:\/\/www.petteriorpo.fi\/#\/schema\/logo\/image\/","url":"https:\/\/www.petteriorpo.fi\/wp-content\/uploads\/2022\/08\/logo_orpo.png","contentUrl":"https:\/\/www.petteriorpo.fi\/wp-content\/uploads\/2022\/08\/logo_orpo.png","width":114,"height":120,"caption":"Petteri Orpo"},"image":{"@id":"https:\/\/www.petteriorpo.fi\/#\/schema\/logo\/image\/"}},{"@type":"Person","@id":"https:\/\/www.petteriorpo.fi\/#\/schema\/person\/269837cd998a58c819bee3941bc2d2b9","name":"admin","image":{"@type":"ImageObject","inLanguage":"sv-SE","@id":"https:\/\/www.petteriorpo.fi\/#\/schema\/person\/image\/","url":"https:\/\/secure.gravatar.com\/avatar\/e3534ba089e9f56595220762a1371e56?s=96&d=mm&r=g","contentUrl":"https:\/\/secure.gravatar.com\/avatar\/e3534ba089e9f56595220762a1371e56?s=96&d=mm&r=g","caption":"admin"},"sameAs":["https:\/\/www.petteriorpo.fi"],"url":"https:\/\/www.petteriorpo.fi\/sv\/author\/admin\/"}]}},"_links":{"self":[{"href":"https:\/\/www.petteriorpo.fi\/sv\/wp-json\/wp\/v2\/posts\/858","targetHints":{"allow":["GET"]}}],"collection":[{"href":"https:\/\/www.petteriorpo.fi\/sv\/wp-json\/wp\/v2\/posts"}],"about":[{"href":"https:\/\/www.petteriorpo.fi\/sv\/wp-json\/wp\/v2\/types\/post"}],"author":[{"embeddable":true,"href":"https:\/\/www.petteriorpo.fi\/sv\/wp-json\/wp\/v2\/users\/1"}],"replies":[{"embeddable":true,"href":"https:\/\/www.petteriorpo.fi\/sv\/wp-json\/wp\/v2\/comments?post=858"}],"version-history":[{"count":1,"href":"https:\/\/www.petteriorpo.fi\/sv\/wp-json\/wp\/v2\/posts\/858\/revisions"}],"predecessor-version":[{"id":1013,"href":"https:\/\/www.petteriorpo.fi\/sv\/wp-json\/wp\/v2\/posts\/858\/revisions\/1013"}],"wp:featuredmedia":[{"embeddable":true,"href":"https:\/\/www.petteriorpo.fi\/sv\/wp-json\/wp\/v2\/media\/859"}],"wp:attachment":[{"href":"https:\/\/www.petteriorpo.fi\/sv\/wp-json\/wp\/v2\/media?parent=858"}],"wp:term":[{"taxonomy":"category","embeddable":true,"href":"https:\/\/www.petteriorpo.fi\/sv\/wp-json\/wp\/v2\/categories?post=858"},{"taxonomy":"post_tag","embeddable":true,"href":"https:\/\/www.petteriorpo.fi\/sv\/wp-json\/wp\/v2\/tags?post=858"}],"curies":[{"name":"wp","href":"https:\/\/api.w.org\/{rel}","templated":true}]}}