{"id":818,"date":"2019-11-25T20:37:41","date_gmt":"2019-11-25T17:37:41","guid":{"rendered":"https:\/\/www.petteriorpo.fi\/?p=818"},"modified":"2023-02-16T16:48:31","modified_gmt":"2023-02-16T16:48:31","slug":"puhuivatko-paaministeri-rinne-ja-omistajaohjausministeri-paatero-totta-eduskunnan-edessa","status":"publish","type":"post","link":"https:\/\/www.petteriorpo.fi\/sv\/puhuivatko-paaministeri-rinne-ja-omistajaohjausministeri-paatero-totta-eduskunnan-edessa\/","title":{"rendered":"Puhuivatko p\u00e4\u00e4ministeri Rinne ja omistajaohjausministeri Paatero totta eduskunnan edess\u00e4?"},"content":{"rendered":"<p>Viime p\u00e4iv\u00e4t julkisuudessa on k\u00e4yty keskustelua PAU:n ja Posti Oy:n riidasta liittyen ty\u00f6ehtosopimusneuvotteluihin sek\u00e4 liikkeenluovutuksesta, jolla se siirsi 700 pakettilajittelijaa kokonaan omistamaansa Posti Palvelut -tyt\u00e4ryhti\u00f6\u00f6n.<\/p>\n<p>Julkisuuden perusteella Postin tilanne on eritt\u00e4in sekava. Toivomme, ett\u00e4 tilanne rauhoittuu, sill\u00e4 laajentuneet tukilakot ovat vaikuttaneet ja tulevat l\u00e4hip\u00e4ivin\u00e4 mahdollisesti vaikuttamaan hyvin merkitt\u00e4v\u00e4sti suomalaisten arkeen ja suomalaisen elinkeinoel\u00e4m\u00e4n toimintaedellytyksiin. Koska Postin ymp\u00e4rill\u00e4 vallitsevan sekamelskan vaikutukset ovat suuret, on suomalaisten saatava tiet\u00e4\u00e4 totuus tapahtumista.<\/p>\n<p>Hyv\u00e4 p\u00e4\u00e4ministeri Rinne ja omistajaohjausministeri Paatero, milloin saitte tiet\u00e4\u00e4 Postin ty\u00f6ntekij\u00f6iden liikkeenluovutuksesta Posti Palvelut -tyt\u00e4ryhti\u00f6\u00f6n? Mit\u00e4 Postin hallituksen puheenjohtaja Markku Pohjola on teille ennen toteutunutta liikkeenluovutusta kertonut?<\/p>\n<p>Annoitteko tukenne Postin johdon suunnitelmille liikkeenluovutuksesta? Miss\u00e4 tilassa omistajaohjaus on, kun kyse on asiasta, jossa p\u00e4\u00e4ministeri kertoi eduskunnassa hallituksen yksiselitteisesti est\u00e4neen kes\u00e4ll\u00e4 yli 9000 ty\u00f6ntekij\u00e4n siirron Medialiiton ja Teollisuusliiton v\u00e4liseen sopimukseen ja sitten olisikin tehty omistajaohjausministeri Paateron huomaamatta 700 pakettilajittelijan siirto?<\/p>\n<p>Jos olette passiivisesti antaneet tukenne suunnitelmille, miksi tuki vedettiin my\u00f6hemmin pois? Miksi hallitus edelleen 3.9. loi vaikutelman, josta PAU ymm\u00e4rsi, ett\u00e4 asiaan palataan viel\u00e4 TES-neuvottelussa ja miksi t\u00e4m\u00e4n kuvan on annettu el\u00e4\u00e4 koko lokakuu?<\/p>\n<p>Jos Ilta-Sanomien tiedot pit\u00e4v\u00e4t paikkansa, miten voi olla mahdollista, ett\u00e4 p\u00e4\u00e4ministerin s\u00e4hk\u00f6postista on l\u00e4hetetty \u201dnelj\u00e4n viisaan ryhm\u00e4n\u201d kokoonpano, vaikka ministerit vakuuttivat ehdotuksen tulleen kiistan osapuolilta? Kuka t\u00e4ss\u00e4 maassa oikein johtaa omistajapolitiikkaa: omistajaohjausministeri vai p\u00e4\u00e4ministeri? Ja edelleen: miten p\u00e4\u00e4ministeri Rinne voi t\u00e4m\u00e4n j\u00e4lkeen kertoa suomalaisille p\u00e4\u00e4ministerin haastattelutunnilla, ett\u00e4 p\u00e4\u00e4ministerill\u00e4 ei ole roolia Postin ty\u00f6kiistan sovittelussa?<\/p>\n<p>Suomalaisten asioita ei voi hoitaa n\u00e4in. Valtion omistajapolitiikka on jo nyt k\u00e4rsinyt mittavan kolauksen, sill\u00e4 valtion vakauteen ja johdonmukaisuuteen ei julkisuudessa esill\u00e4 olevien tietojen mukaan voi en\u00e4\u00e4 luottaa. Valtion teht\u00e4v\u00e4 on johtaa omistamiaan strategisesti ja suuntaa n\u00e4ytt\u00e4en, mutta nyt n\u00e4ytt\u00e4\u00e4 silt\u00e4, ett\u00e4 ministerit ovat sekaantuneet yhti\u00f6iden operatiiviseen toimintaan. Miten t\u00e4m\u00e4n kaiken j\u00e4lkeen varmistetaan se, ett\u00e4 esimerkiksi p\u00f6rssilistatut valtionyhti\u00f6t voivat luottaa siihen, ettei vastaava sekoilu toistu heid\u00e4n kohdallaan?<\/p>\n<p>Viimeisimp\u00e4n\u00e4, mutta samalla vakavimpana kysymyksen\u00e4 asianomaisille on minun pakko kysy\u00e4: ovatko ministerit puhuneet totta eduskunnan edess\u00e4?<\/p>\n<p>Viime torstain kyselytunnilla ministeri Paatero vastasi kysymykseen Postin liikkeenluovutuksesta: \u201d\u2026Mutta p\u00e4\u00e4t\u00f6ksen on tehnyt tietenkin Postin hallitus ja siit\u00e4 on informoitu, my\u00f6skin t\u00e4m\u00e4n siirron ajankohdasta, vasta j\u00e4lkik\u00e4teen, ja t\u00e4ss\u00e4 kohtaa ei ollut mahdollista sitten tehd\u00e4 tietenk\u00e4\u00e4n mit\u00e4\u00e4n.\u201d<\/p>\n<p>Hetki t\u00e4m\u00e4n j\u00e4lkeen p\u00e4\u00e4ministeri Rinne jatkoi, ett\u00e4 p\u00e4\u00e4t\u00f6ksest\u00e4: \u201d\u2026Ja ilman, ett\u00e4 hallitus tiesi siit\u00e4 konkreettisesta p\u00e4\u00e4t\u00f6ksest\u00e4, 700 ihmist\u00e4 siirrettiin toisen ty\u00f6ehtosopimuksen piiriin.\u201d<\/p>\n<p>Jos n\u00e4m\u00e4 v\u00e4itteet eiv\u00e4t ole totta, on kokoomuksen harkittava vakavasti luottamus\u00e4\u00e4nestyst\u00e4 ministerien asemasta.<\/p>","protected":false},"excerpt":{"rendered":"<p>Viime p\u00e4iv\u00e4t julkisuudessa on k\u00e4yty keskustelua PAU:n ja Posti Oy:n riidasta liittyen ty\u00f6ehtosopimusneuvotteluihin sek\u00e4 liikkeenluovutuksesta, jolla se siirsi 700 pakettilajittelijaa kokonaan omistamaansa Posti Palvelut -tyt\u00e4ryhti\u00f6\u00f6n. Julkisuuden perusteella Postin tilanne on eritt\u00e4in sekava. Toivomme, ett\u00e4 tilanne rauhoittuu, sill\u00e4 laajentuneet tukilakot ovat vaikuttaneet ja tulevat l\u00e4hip\u00e4ivin\u00e4 mahdollisesti vaikuttamaan hyvin merkitt\u00e4v\u00e4sti suomalaisten arkeen ja suomalaisen elinkeinoel\u00e4m\u00e4n toimintaedellytyksiin. Koska [&hellip;]<\/p>","protected":false},"author":1,"featured_media":1121,"comment_status":"open","ping_status":"open","sticky":false,"template":"","format":"standard","meta":{"footnotes":""},"categories":[6],"tags":[168,239,240,241,30],"class_list":["post-818","post","type-post","status-publish","format-standard","has-post-thumbnail","hentry","category-blogi","tag-hallitus","tag-lakko","tag-omistajaohjaus","tag-posti","tag-tyomarkkinat"],"yoast_head":"<!-- This site is optimized with the Yoast SEO plugin v26.0 - https:\/\/yoast.com\/wordpress\/plugins\/seo\/ -->\n<title>Puhuivatko p\u00e4\u00e4ministeri Rinne ja omistajaohjausministeri Paatero totta eduskunnan edess\u00e4? - Petteri Orpo<\/title>\n<meta name=\"robots\" content=\"index, follow, max-snippet:-1, max-image-preview:large, max-video-preview:-1\" \/>\n<link rel=\"canonical\" href=\"https:\/\/www.petteriorpo.fi\/sv\/puhuivatko-paaministeri-rinne-ja-omistajaohjausministeri-paatero-totta-eduskunnan-edessa\/\" \/>\n<meta property=\"og:locale\" content=\"sv_SE\" \/>\n<meta property=\"og:type\" content=\"article\" \/>\n<meta property=\"og:title\" content=\"Puhuivatko p\u00e4\u00e4ministeri Rinne ja omistajaohjausministeri Paatero totta eduskunnan edess\u00e4? - Petteri Orpo\" \/>\n<meta property=\"og:description\" content=\"Viime p\u00e4iv\u00e4t julkisuudessa on k\u00e4yty keskustelua PAU:n ja Posti Oy:n riidasta liittyen ty\u00f6ehtosopimusneuvotteluihin sek\u00e4 liikkeenluovutuksesta, jolla se siirsi 700 pakettilajittelijaa kokonaan omistamaansa Posti Palvelut -tyt\u00e4ryhti\u00f6\u00f6n. Julkisuuden perusteella Postin tilanne on eritt\u00e4in sekava. Toivomme, ett\u00e4 tilanne rauhoittuu, sill\u00e4 laajentuneet tukilakot ovat vaikuttaneet ja tulevat l\u00e4hip\u00e4ivin\u00e4 mahdollisesti vaikuttamaan hyvin merkitt\u00e4v\u00e4sti suomalaisten arkeen ja suomalaisen elinkeinoel\u00e4m\u00e4n toimintaedellytyksiin. Koska [&hellip;]\" \/>\n<meta property=\"og:url\" content=\"https:\/\/www.petteriorpo.fi\/sv\/puhuivatko-paaministeri-rinne-ja-omistajaohjausministeri-paatero-totta-eduskunnan-edessa\/\" \/>\n<meta property=\"og:site_name\" content=\"Petteri Orpo\" \/>\n<meta property=\"article:published_time\" content=\"2019-11-25T17:37:41+00:00\" \/>\n<meta property=\"article:modified_time\" content=\"2023-02-16T16:48:31+00:00\" \/>\n<meta property=\"og:image\" content=\"https:\/\/www.petteriorpo.fi\/wp-content\/uploads\/2018\/11\/PetteriOrpo_KOK1903.jpg\" \/>\n\t<meta property=\"og:image:width\" content=\"2048\" \/>\n\t<meta property=\"og:image:height\" content=\"1367\" \/>\n\t<meta property=\"og:image:type\" content=\"image\/jpeg\" \/>\n<meta name=\"author\" content=\"admin\" \/>\n<meta name=\"twitter:card\" content=\"summary_large_image\" \/>\n<meta name=\"twitter:label1\" content=\"Skriven av\" \/>\n\t<meta name=\"twitter:data1\" content=\"admin\" \/>\n\t<meta name=\"twitter:label2\" content=\"Ber\u00e4knad l\u00e4stid\" \/>\n\t<meta name=\"twitter:data2\" content=\"2 minuter\" \/>\n<script type=\"application\/ld+json\" class=\"yoast-schema-graph\">{\"@context\":\"https:\/\/schema.org\",\"@graph\":[{\"@type\":\"Article\",\"@id\":\"https:\/\/www.petteriorpo.fi\/puhuivatko-paaministeri-rinne-ja-omistajaohjausministeri-paatero-totta-eduskunnan-edessa\/#article\",\"isPartOf\":{\"@id\":\"https:\/\/www.petteriorpo.fi\/puhuivatko-paaministeri-rinne-ja-omistajaohjausministeri-paatero-totta-eduskunnan-edessa\/\"},\"author\":{\"name\":\"admin\",\"@id\":\"https:\/\/www.petteriorpo.fi\/#\/schema\/person\/269837cd998a58c819bee3941bc2d2b9\"},\"headline\":\"Puhuivatko p\u00e4\u00e4ministeri Rinne ja omistajaohjausministeri Paatero totta eduskunnan edess\u00e4?\",\"datePublished\":\"2019-11-25T17:37:41+00:00\",\"dateModified\":\"2023-02-16T16:48:31+00:00\",\"mainEntityOfPage\":{\"@id\":\"https:\/\/www.petteriorpo.fi\/puhuivatko-paaministeri-rinne-ja-omistajaohjausministeri-paatero-totta-eduskunnan-edessa\/\"},\"wordCount\":468,\"commentCount\":2,\"publisher\":{\"@id\":\"https:\/\/www.petteriorpo.fi\/#organization\"},\"image\":{\"@id\":\"https:\/\/www.petteriorpo.fi\/puhuivatko-paaministeri-rinne-ja-omistajaohjausministeri-paatero-totta-eduskunnan-edessa\/#primaryimage\"},\"thumbnailUrl\":\"https:\/\/www.petteriorpo.fi\/wp-content\/uploads\/2018\/11\/PetteriOrpo_KOK1903.jpg\",\"keywords\":[\"hallitus\",\"lakko\",\"omistajaohjaus\",\"posti\",\"ty\u00f6markkinat\"],\"articleSection\":[\"Blogi\"],\"inLanguage\":\"sv-SE\",\"potentialAction\":[{\"@type\":\"CommentAction\",\"name\":\"Comment\",\"target\":[\"https:\/\/www.petteriorpo.fi\/puhuivatko-paaministeri-rinne-ja-omistajaohjausministeri-paatero-totta-eduskunnan-edessa\/#respond\"]}]},{\"@type\":\"WebPage\",\"@id\":\"https:\/\/www.petteriorpo.fi\/puhuivatko-paaministeri-rinne-ja-omistajaohjausministeri-paatero-totta-eduskunnan-edessa\/\",\"url\":\"https:\/\/www.petteriorpo.fi\/puhuivatko-paaministeri-rinne-ja-omistajaohjausministeri-paatero-totta-eduskunnan-edessa\/\",\"name\":\"Puhuivatko p\u00e4\u00e4ministeri Rinne ja omistajaohjausministeri Paatero totta eduskunnan edess\u00e4? - Petteri Orpo\",\"isPartOf\":{\"@id\":\"https:\/\/www.petteriorpo.fi\/#website\"},\"primaryImageOfPage\":{\"@id\":\"https:\/\/www.petteriorpo.fi\/puhuivatko-paaministeri-rinne-ja-omistajaohjausministeri-paatero-totta-eduskunnan-edessa\/#primaryimage\"},\"image\":{\"@id\":\"https:\/\/www.petteriorpo.fi\/puhuivatko-paaministeri-rinne-ja-omistajaohjausministeri-paatero-totta-eduskunnan-edessa\/#primaryimage\"},\"thumbnailUrl\":\"https:\/\/www.petteriorpo.fi\/wp-content\/uploads\/2018\/11\/PetteriOrpo_KOK1903.jpg\",\"datePublished\":\"2019-11-25T17:37:41+00:00\",\"dateModified\":\"2023-02-16T16:48:31+00:00\",\"breadcrumb\":{\"@id\":\"https:\/\/www.petteriorpo.fi\/puhuivatko-paaministeri-rinne-ja-omistajaohjausministeri-paatero-totta-eduskunnan-edessa\/#breadcrumb\"},\"inLanguage\":\"sv-SE\",\"potentialAction\":[{\"@type\":\"ReadAction\",\"target\":[\"https:\/\/www.petteriorpo.fi\/puhuivatko-paaministeri-rinne-ja-omistajaohjausministeri-paatero-totta-eduskunnan-edessa\/\"]}]},{\"@type\":\"ImageObject\",\"inLanguage\":\"sv-SE\",\"@id\":\"https:\/\/www.petteriorpo.fi\/puhuivatko-paaministeri-rinne-ja-omistajaohjausministeri-paatero-totta-eduskunnan-edessa\/#primaryimage\",\"url\":\"https:\/\/www.petteriorpo.fi\/wp-content\/uploads\/2018\/11\/PetteriOrpo_KOK1903.jpg\",\"contentUrl\":\"https:\/\/www.petteriorpo.fi\/wp-content\/uploads\/2018\/11\/PetteriOrpo_KOK1903.jpg\",\"width\":2048,\"height\":1367,\"caption\":\"Kuva: Kansallinen kokoomus rp.\"},{\"@type\":\"BreadcrumbList\",\"@id\":\"https:\/\/www.petteriorpo.fi\/puhuivatko-paaministeri-rinne-ja-omistajaohjausministeri-paatero-totta-eduskunnan-edessa\/#breadcrumb\",\"itemListElement\":[{\"@type\":\"ListItem\",\"position\":1,\"name\":\"Etusivu\",\"item\":\"https:\/\/www.petteriorpo.fi\/\"},{\"@type\":\"ListItem\",\"position\":2,\"name\":\"Puhuivatko p\u00e4\u00e4ministeri Rinne ja omistajaohjausministeri Paatero totta eduskunnan edess\u00e4?\"}]},{\"@type\":\"WebSite\",\"@id\":\"https:\/\/www.petteriorpo.fi\/#website\",\"url\":\"https:\/\/www.petteriorpo.fi\/\",\"name\":\"Petteri Orpo\",\"description\":\"Yhdess&auml; tehden eteenp&auml;in\",\"publisher\":{\"@id\":\"https:\/\/www.petteriorpo.fi\/#organization\"},\"potentialAction\":[{\"@type\":\"SearchAction\",\"target\":{\"@type\":\"EntryPoint\",\"urlTemplate\":\"https:\/\/www.petteriorpo.fi\/?s={search_term_string}\"},\"query-input\":{\"@type\":\"PropertyValueSpecification\",\"valueRequired\":true,\"valueName\":\"search_term_string\"}}],\"inLanguage\":\"sv-SE\"},{\"@type\":\"Organization\",\"@id\":\"https:\/\/www.petteriorpo.fi\/#organization\",\"name\":\"Petteri Orpo\",\"url\":\"https:\/\/www.petteriorpo.fi\/\",\"logo\":{\"@type\":\"ImageObject\",\"inLanguage\":\"sv-SE\",\"@id\":\"https:\/\/www.petteriorpo.fi\/#\/schema\/logo\/image\/\",\"url\":\"https:\/\/www.petteriorpo.fi\/wp-content\/uploads\/2022\/08\/logo_orpo.png\",\"contentUrl\":\"https:\/\/www.petteriorpo.fi\/wp-content\/uploads\/2022\/08\/logo_orpo.png\",\"width\":114,\"height\":120,\"caption\":\"Petteri Orpo\"},\"image\":{\"@id\":\"https:\/\/www.petteriorpo.fi\/#\/schema\/logo\/image\/\"}},{\"@type\":\"Person\",\"@id\":\"https:\/\/www.petteriorpo.fi\/#\/schema\/person\/269837cd998a58c819bee3941bc2d2b9\",\"name\":\"admin\",\"image\":{\"@type\":\"ImageObject\",\"inLanguage\":\"sv-SE\",\"@id\":\"https:\/\/www.petteriorpo.fi\/#\/schema\/person\/image\/\",\"url\":\"https:\/\/secure.gravatar.com\/avatar\/e3534ba089e9f56595220762a1371e56?s=96&d=mm&r=g\",\"contentUrl\":\"https:\/\/secure.gravatar.com\/avatar\/e3534ba089e9f56595220762a1371e56?s=96&d=mm&r=g\",\"caption\":\"admin\"},\"sameAs\":[\"https:\/\/www.petteriorpo.fi\"],\"url\":\"https:\/\/www.petteriorpo.fi\/sv\/author\/admin\/\"}]}<\/script>\n<!-- \/ Yoast SEO plugin. -->","yoast_head_json":{"title":"Puhuivatko p\u00e4\u00e4ministeri Rinne ja omistajaohjausministeri Paatero totta eduskunnan edess\u00e4? - Petteri Orpo","robots":{"index":"index","follow":"follow","max-snippet":"max-snippet:-1","max-image-preview":"max-image-preview:large","max-video-preview":"max-video-preview:-1"},"canonical":"https:\/\/www.petteriorpo.fi\/sv\/puhuivatko-paaministeri-rinne-ja-omistajaohjausministeri-paatero-totta-eduskunnan-edessa\/","og_locale":"sv_SE","og_type":"article","og_title":"Puhuivatko p\u00e4\u00e4ministeri Rinne ja omistajaohjausministeri Paatero totta eduskunnan edess\u00e4? - Petteri Orpo","og_description":"Viime p\u00e4iv\u00e4t julkisuudessa on k\u00e4yty keskustelua PAU:n ja Posti Oy:n riidasta liittyen ty\u00f6ehtosopimusneuvotteluihin sek\u00e4 liikkeenluovutuksesta, jolla se siirsi 700 pakettilajittelijaa kokonaan omistamaansa Posti Palvelut -tyt\u00e4ryhti\u00f6\u00f6n. Julkisuuden perusteella Postin tilanne on eritt\u00e4in sekava. Toivomme, ett\u00e4 tilanne rauhoittuu, sill\u00e4 laajentuneet tukilakot ovat vaikuttaneet ja tulevat l\u00e4hip\u00e4ivin\u00e4 mahdollisesti vaikuttamaan hyvin merkitt\u00e4v\u00e4sti suomalaisten arkeen ja suomalaisen elinkeinoel\u00e4m\u00e4n toimintaedellytyksiin. Koska [&hellip;]","og_url":"https:\/\/www.petteriorpo.fi\/sv\/puhuivatko-paaministeri-rinne-ja-omistajaohjausministeri-paatero-totta-eduskunnan-edessa\/","og_site_name":"Petteri Orpo","article_published_time":"2019-11-25T17:37:41+00:00","article_modified_time":"2023-02-16T16:48:31+00:00","og_image":[{"width":2048,"height":1367,"url":"https:\/\/www.petteriorpo.fi\/wp-content\/uploads\/2018\/11\/PetteriOrpo_KOK1903.jpg","type":"image\/jpeg"}],"author":"admin","twitter_card":"summary_large_image","twitter_misc":{"Skriven av":"admin","Ber\u00e4knad l\u00e4stid":"2 minuter"},"schema":{"@context":"https:\/\/schema.org","@graph":[{"@type":"Article","@id":"https:\/\/www.petteriorpo.fi\/puhuivatko-paaministeri-rinne-ja-omistajaohjausministeri-paatero-totta-eduskunnan-edessa\/#article","isPartOf":{"@id":"https:\/\/www.petteriorpo.fi\/puhuivatko-paaministeri-rinne-ja-omistajaohjausministeri-paatero-totta-eduskunnan-edessa\/"},"author":{"name":"admin","@id":"https:\/\/www.petteriorpo.fi\/#\/schema\/person\/269837cd998a58c819bee3941bc2d2b9"},"headline":"Puhuivatko p\u00e4\u00e4ministeri Rinne ja omistajaohjausministeri Paatero totta eduskunnan edess\u00e4?","datePublished":"2019-11-25T17:37:41+00:00","dateModified":"2023-02-16T16:48:31+00:00","mainEntityOfPage":{"@id":"https:\/\/www.petteriorpo.fi\/puhuivatko-paaministeri-rinne-ja-omistajaohjausministeri-paatero-totta-eduskunnan-edessa\/"},"wordCount":468,"commentCount":2,"publisher":{"@id":"https:\/\/www.petteriorpo.fi\/#organization"},"image":{"@id":"https:\/\/www.petteriorpo.fi\/puhuivatko-paaministeri-rinne-ja-omistajaohjausministeri-paatero-totta-eduskunnan-edessa\/#primaryimage"},"thumbnailUrl":"https:\/\/www.petteriorpo.fi\/wp-content\/uploads\/2018\/11\/PetteriOrpo_KOK1903.jpg","keywords":["hallitus","lakko","omistajaohjaus","posti","ty\u00f6markkinat"],"articleSection":["Blogi"],"inLanguage":"sv-SE","potentialAction":[{"@type":"CommentAction","name":"Comment","target":["https:\/\/www.petteriorpo.fi\/puhuivatko-paaministeri-rinne-ja-omistajaohjausministeri-paatero-totta-eduskunnan-edessa\/#respond"]}]},{"@type":"WebPage","@id":"https:\/\/www.petteriorpo.fi\/puhuivatko-paaministeri-rinne-ja-omistajaohjausministeri-paatero-totta-eduskunnan-edessa\/","url":"https:\/\/www.petteriorpo.fi\/puhuivatko-paaministeri-rinne-ja-omistajaohjausministeri-paatero-totta-eduskunnan-edessa\/","name":"Puhuivatko p\u00e4\u00e4ministeri Rinne ja omistajaohjausministeri Paatero totta eduskunnan edess\u00e4? - Petteri Orpo","isPartOf":{"@id":"https:\/\/www.petteriorpo.fi\/#website"},"primaryImageOfPage":{"@id":"https:\/\/www.petteriorpo.fi\/puhuivatko-paaministeri-rinne-ja-omistajaohjausministeri-paatero-totta-eduskunnan-edessa\/#primaryimage"},"image":{"@id":"https:\/\/www.petteriorpo.fi\/puhuivatko-paaministeri-rinne-ja-omistajaohjausministeri-paatero-totta-eduskunnan-edessa\/#primaryimage"},"thumbnailUrl":"https:\/\/www.petteriorpo.fi\/wp-content\/uploads\/2018\/11\/PetteriOrpo_KOK1903.jpg","datePublished":"2019-11-25T17:37:41+00:00","dateModified":"2023-02-16T16:48:31+00:00","breadcrumb":{"@id":"https:\/\/www.petteriorpo.fi\/puhuivatko-paaministeri-rinne-ja-omistajaohjausministeri-paatero-totta-eduskunnan-edessa\/#breadcrumb"},"inLanguage":"sv-SE","potentialAction":[{"@type":"ReadAction","target":["https:\/\/www.petteriorpo.fi\/puhuivatko-paaministeri-rinne-ja-omistajaohjausministeri-paatero-totta-eduskunnan-edessa\/"]}]},{"@type":"ImageObject","inLanguage":"sv-SE","@id":"https:\/\/www.petteriorpo.fi\/puhuivatko-paaministeri-rinne-ja-omistajaohjausministeri-paatero-totta-eduskunnan-edessa\/#primaryimage","url":"https:\/\/www.petteriorpo.fi\/wp-content\/uploads\/2018\/11\/PetteriOrpo_KOK1903.jpg","contentUrl":"https:\/\/www.petteriorpo.fi\/wp-content\/uploads\/2018\/11\/PetteriOrpo_KOK1903.jpg","width":2048,"height":1367,"caption":"Kuva: Kansallinen kokoomus rp."},{"@type":"BreadcrumbList","@id":"https:\/\/www.petteriorpo.fi\/puhuivatko-paaministeri-rinne-ja-omistajaohjausministeri-paatero-totta-eduskunnan-edessa\/#breadcrumb","itemListElement":[{"@type":"ListItem","position":1,"name":"Etusivu","item":"https:\/\/www.petteriorpo.fi\/"},{"@type":"ListItem","position":2,"name":"Puhuivatko p\u00e4\u00e4ministeri Rinne ja omistajaohjausministeri Paatero totta eduskunnan edess\u00e4?"}]},{"@type":"WebSite","@id":"https:\/\/www.petteriorpo.fi\/#website","url":"https:\/\/www.petteriorpo.fi\/","name":"Petteri Orpo","description":"Yhdess&auml; tehden eteenp&auml;in","publisher":{"@id":"https:\/\/www.petteriorpo.fi\/#organization"},"potentialAction":[{"@type":"SearchAction","target":{"@type":"EntryPoint","urlTemplate":"https:\/\/www.petteriorpo.fi\/?s={search_term_string}"},"query-input":{"@type":"PropertyValueSpecification","valueRequired":true,"valueName":"search_term_string"}}],"inLanguage":"sv-SE"},{"@type":"Organization","@id":"https:\/\/www.petteriorpo.fi\/#organization","name":"Petteri Orpo","url":"https:\/\/www.petteriorpo.fi\/","logo":{"@type":"ImageObject","inLanguage":"sv-SE","@id":"https:\/\/www.petteriorpo.fi\/#\/schema\/logo\/image\/","url":"https:\/\/www.petteriorpo.fi\/wp-content\/uploads\/2022\/08\/logo_orpo.png","contentUrl":"https:\/\/www.petteriorpo.fi\/wp-content\/uploads\/2022\/08\/logo_orpo.png","width":114,"height":120,"caption":"Petteri Orpo"},"image":{"@id":"https:\/\/www.petteriorpo.fi\/#\/schema\/logo\/image\/"}},{"@type":"Person","@id":"https:\/\/www.petteriorpo.fi\/#\/schema\/person\/269837cd998a58c819bee3941bc2d2b9","name":"admin","image":{"@type":"ImageObject","inLanguage":"sv-SE","@id":"https:\/\/www.petteriorpo.fi\/#\/schema\/person\/image\/","url":"https:\/\/secure.gravatar.com\/avatar\/e3534ba089e9f56595220762a1371e56?s=96&d=mm&r=g","contentUrl":"https:\/\/secure.gravatar.com\/avatar\/e3534ba089e9f56595220762a1371e56?s=96&d=mm&r=g","caption":"admin"},"sameAs":["https:\/\/www.petteriorpo.fi"],"url":"https:\/\/www.petteriorpo.fi\/sv\/author\/admin\/"}]}},"_links":{"self":[{"href":"https:\/\/www.petteriorpo.fi\/sv\/wp-json\/wp\/v2\/posts\/818","targetHints":{"allow":["GET"]}}],"collection":[{"href":"https:\/\/www.petteriorpo.fi\/sv\/wp-json\/wp\/v2\/posts"}],"about":[{"href":"https:\/\/www.petteriorpo.fi\/sv\/wp-json\/wp\/v2\/types\/post"}],"author":[{"embeddable":true,"href":"https:\/\/www.petteriorpo.fi\/sv\/wp-json\/wp\/v2\/users\/1"}],"replies":[{"embeddable":true,"href":"https:\/\/www.petteriorpo.fi\/sv\/wp-json\/wp\/v2\/comments?post=818"}],"version-history":[{"count":1,"href":"https:\/\/www.petteriorpo.fi\/sv\/wp-json\/wp\/v2\/posts\/818\/revisions"}],"predecessor-version":[{"id":1017,"href":"https:\/\/www.petteriorpo.fi\/sv\/wp-json\/wp\/v2\/posts\/818\/revisions\/1017"}],"wp:featuredmedia":[{"embeddable":true,"href":"https:\/\/www.petteriorpo.fi\/sv\/wp-json\/wp\/v2\/media\/1121"}],"wp:attachment":[{"href":"https:\/\/www.petteriorpo.fi\/sv\/wp-json\/wp\/v2\/media?parent=818"}],"wp:term":[{"taxonomy":"category","embeddable":true,"href":"https:\/\/www.petteriorpo.fi\/sv\/wp-json\/wp\/v2\/categories?post=818"},{"taxonomy":"post_tag","embeddable":true,"href":"https:\/\/www.petteriorpo.fi\/sv\/wp-json\/wp\/v2\/tags?post=818"}],"curies":[{"name":"wp","href":"https:\/\/api.w.org\/{rel}","templated":true}]}}