{"id":794,"date":"2017-06-01T14:42:11","date_gmt":"2017-06-01T12:42:11","guid":{"rendered":"http:\/\/www.petteriorpo.fi\/?p=411"},"modified":"2023-02-16T16:50:47","modified_gmt":"2023-02-16T16:50:47","slug":"suomen-ei-tule-eksya-emussa-sivuraiteelle","status":"publish","type":"post","link":"https:\/\/www.petteriorpo.fi\/sv\/suomen-ei-tule-eksya-emussa-sivuraiteelle\/","title":{"rendered":"Suomen ei tule eksy\u00e4 EMU:ssa sivuraiteelle"},"content":{"rendered":"<div>\n<p>Brexitist\u00e4 ja muista haasteista huolimatta, Euroopan unionin tulevaisuudesta on keskusteltu t\u00e4n\u00e4 vuonna enemm\u00e4n kuin pitk\u00e4\u00e4n aikaan. Ensi viikolla aiheena on talous- ja rahaliiton eli EMU:n tulevaisuus, josta komissio julkaisee keskustelupaperin. Paperi on osa keskustelunavausten sarjaa, joka alkoi koko Euroopan unionin viiden tulevaisuusskenaarion hahmottelulla maaliskuussa.<\/p>\n<\/div>\n<div class=\"editorial\">\n<div>\n<div>\n<p>Odotettavissa on erilaisia malleja EMU:n kehitt\u00e4misest\u00e4, mik\u00e4 on minusta j\u00e4rkev\u00e4 tapa luoda keskustelua. Syyt\u00e4 kuitenkin muistaa, ett\u00e4 komissio ei ole se, joka m\u00e4\u00e4rittelee EU:n tai EMU:n tulevaisuuden, vaan EU:n j\u00e4senmaat. EMU:n tulevaisuutta koskevassa keskustelussa on ollut havaittavissa uudenlaista pontta nimenomaan j\u00e4senmaiden suunnalta.<\/p>\n<\/div>\n<div>\n<p>Ranskan uusi presidentti <span class=\"person\">Emmanuel<\/span>\u00a0<span class=\"person\">Macron<\/span> on osoittanut innokkuutensa EMU:n kehitt\u00e4miseen ja ehdottanut euroalueelle yhteist\u00e4 budjettia, parlamenttia ja valtiovarainministeri\u00e4. Yhteisen euroalueen budjetin lis\u00e4ksi Espanja on esitt\u00e4nyt eurobondeja ja yhteist\u00e4 ty\u00f6tt\u00f6myysturvaa. Saksan valtiovarainministeri <span class=\"person\">Wolfgang<\/span>\u00a0<span class=\"person\">Sch\u00e4uble<\/span> taas on tuonut uudestaan esiin jo aiemmin esitt\u00e4m\u00e4ns\u00e4 idean Euroopan valuuttarahastosta.<\/p>\n<div>\n<div>\n<p>Ranskan, Espanjan ja Saksan ehdotukset vaatisivat perussopimusten muuttamista, mik\u00e4 ei taas minusta ole juuri nyt ajankohtaista. Juuri nyt EMU:n kehitt\u00e4misess\u00e4 tulisi keskitty\u00e4 jo sovittujen uudistusten toimeenpanoon sek\u00e4 uudistuksiin jotka voidaan tehd\u00e4 ilman perussopimusmuutoksia.<\/p>\n<\/div>\n<div>\n<p>Pankkiunionin viimeistely on meille prioriteetti, ja siin\u00e4 pit\u00e4\u00e4 ensin keskitty\u00e4 riskien pienent\u00e4miseen. Yleisesti ottaen jokaisen j\u00e4senvaltion tulisi kantaa vastuu omasta talouspolitiikastaan ja vastata itse veloistaan. Suomi ei kannata j\u00e4senvaltioiden ty\u00f6llisyys- ja sosiaalipoliittisten rakenteiden harmonisointia ja on suhtautunut varauksellisesti uusien tulonsiirtomekanismien luomiseen EU-maiden v\u00e4lille.<\/p>\n<\/div>\n<div>\n<p>Toistaiseksi Ranskan, Saksan ja Espanjan ehdotukset eiv\u00e4t ole saaneet laajaa vastakaikua. Tilanne voi kuitenkin muuttua hyvinkin nopeasti. Joukko j\u00e4senmaita voi l\u00f6yt\u00e4\u00e4 yhteisymm\u00e4rryksen ja tuoda p\u00f6yt\u00e4\u00e4n esityksi\u00e4, jotka pakottavat meid\u00e4t valitsemaan, olemmeko niiss\u00e4 mukana vai emme.<\/p>\n<\/div>\n<div>\n<p>Me emme saa j\u00e4\u00e4d\u00e4 odottelemaan, vaan meid\u00e4n on oma-aloitteisesti valmistauduttava keskustelemaan erilaisista kehitt\u00e4misehdotuksista. Meid\u00e4n on oltava hereill\u00e4.<\/p>\n<p>Minulle ja kokoomukselle on selv\u00e4\u00e4, ett\u00e4 puutteistaan huolimatta EU on Suomelle ja Euroopalle niin merkitt\u00e4v\u00e4 yhteis\u00f6, ettei Suomen paikka voi olla muualla kuin niiss\u00e4 p\u00f6ydiss\u00e4, joissa tehd\u00e4\u00e4n p\u00e4\u00e4t\u00f6ksi\u00e4 eurooppalaisen projektin uusista muodoista. Odottelevalla asenteella voi k\u00e4yd\u00e4 niin, ett\u00e4 j\u00e4\u00e4mme seisoskelemaan eteiseen sill\u00e4 aikaa, kun muut tekev\u00e4t p\u00e4\u00e4t\u00f6kset puolestamme. T\u00e4t\u00e4 Saksan valtionvarainministeri Sch\u00e4uble jo hieman v\u00e4l\u00e4ytteli. Suomen etu ei ole eksy\u00e4 EMU:ssa sivuraiteelle, vaan olla osa sit\u00e4 joukkoa, joka vie t\u00e4t\u00e4 projektia eteenp\u00e4in meid\u00e4n ehdoillamme, ei meist\u00e4 huolimatta.Minulle ja kokoomukselle on selv\u00e4\u00e4, ett\u00e4 puutteistaan huolimatta EU on Suomelle ja Euroopalle niin merkitt\u00e4v\u00e4 yhteis\u00f6, ettei Suomen paikka voi olla muualla kuin niiss\u00e4 p\u00f6ydiss\u00e4, joissa tehd\u00e4\u00e4n p\u00e4\u00e4t\u00f6ksi\u00e4 eurooppalaisen projektin uusista muodoista. Odottelevalla asenteella voi k\u00e4yd\u00e4 niin, ett\u00e4 j\u00e4\u00e4mme seisoskelemaan eteiseen sill\u00e4 aikaa, kun muut tekev\u00e4t p\u00e4\u00e4t\u00f6kset puolestamme. T\u00e4t\u00e4 Saksan valtionvarainministeri Sch\u00e4uble jo hieman v\u00e4l\u00e4ytteli. Suomen etu ei ole eksy\u00e4 EMU:ssa sivuraiteelle, vaan olla osa sit\u00e4 joukkoa, joka vie t\u00e4t\u00e4 projektia eteenp\u00e4in meid\u00e4n ehdoillamme, ei meist\u00e4 huolimatta.<\/p>\n<p>Petteri Orpo<\/p>\n<p><em>Kirjoitus on julkaistu MTV:n Nettivieras-kolumnipalstalla 26.5.2017. \u00a0<\/em><\/p>\n<\/div>\n<\/div>\n<\/div>\n<p>&nbsp;<\/p>\n<p><span style=\"font-size: 12.0pt; line-height: 115%; font-family: 'Arial',sans-serif;\"><span style=\"color: #000000;\">\u00a0<\/span><\/span><\/p>\n<p>&nbsp;<\/p>\n<div>\n<p><b>\u00a0<\/b><\/p>\n<\/div>\n<\/div>\n<\/div>","protected":false},"excerpt":{"rendered":"<p>Brexitist\u00e4 ja muista haasteista huolimatta, Euroopan unionin tulevaisuudesta on keskusteltu t\u00e4n\u00e4 vuonna enemm\u00e4n kuin pitk\u00e4\u00e4n aikaan. Ensi viikolla aiheena on talous- ja rahaliiton eli EMU:n tulevaisuus, josta komissio julkaisee keskustelupaperin. Paperi on osa keskustelunavausten sarjaa, joka alkoi koko Euroopan unionin viiden tulevaisuusskenaarion hahmottelulla maaliskuussa. Odotettavissa on erilaisia malleja EMU:n kehitt\u00e4misest\u00e4, mik\u00e4 on minusta j\u00e4rkev\u00e4 tapa [&hellip;]<\/p>","protected":false},"author":1,"featured_media":1103,"comment_status":"open","ping_status":"open","sticky":false,"template":"","format":"standard","meta":{"footnotes":""},"categories":[6],"tags":[46,47,10,48,49],"class_list":["post-794","post","type-post","status-publish","format-standard","has-post-thumbnail","hentry","category-blogi","tag-brexit","tag-emu","tag-eu","tag-pankkiunioni","tag-tulevaisuus"],"yoast_head":"<!-- This site is optimized with the Yoast SEO plugin v26.0 - https:\/\/yoast.com\/wordpress\/plugins\/seo\/ -->\n<title>Suomen ei tule eksy\u00e4 EMU:ssa sivuraiteelle - Petteri Orpo<\/title>\n<meta name=\"robots\" content=\"index, follow, max-snippet:-1, max-image-preview:large, max-video-preview:-1\" \/>\n<link rel=\"canonical\" href=\"https:\/\/www.petteriorpo.fi\/sv\/suomen-ei-tule-eksya-emussa-sivuraiteelle\/\" \/>\n<meta property=\"og:locale\" content=\"sv_SE\" \/>\n<meta property=\"og:type\" content=\"article\" \/>\n<meta property=\"og:title\" content=\"Suomen ei tule eksy\u00e4 EMU:ssa sivuraiteelle - Petteri Orpo\" \/>\n<meta property=\"og:description\" content=\"Brexitist\u00e4 ja muista haasteista huolimatta, Euroopan unionin tulevaisuudesta on keskusteltu t\u00e4n\u00e4 vuonna enemm\u00e4n kuin pitk\u00e4\u00e4n aikaan. Ensi viikolla aiheena on talous- ja rahaliiton eli EMU:n tulevaisuus, josta komissio julkaisee keskustelupaperin. Paperi on osa keskustelunavausten sarjaa, joka alkoi koko Euroopan unionin viiden tulevaisuusskenaarion hahmottelulla maaliskuussa. Odotettavissa on erilaisia malleja EMU:n kehitt\u00e4misest\u00e4, mik\u00e4 on minusta j\u00e4rkev\u00e4 tapa [&hellip;]\" \/>\n<meta property=\"og:url\" content=\"https:\/\/www.petteriorpo.fi\/sv\/suomen-ei-tule-eksya-emussa-sivuraiteelle\/\" \/>\n<meta property=\"og:site_name\" content=\"Petteri Orpo\" \/>\n<meta property=\"article:published_time\" content=\"2017-06-01T12:42:11+00:00\" \/>\n<meta property=\"article:modified_time\" content=\"2023-02-16T16:50:47+00:00\" \/>\n<meta property=\"og:image\" content=\"https:\/\/www.petteriorpo.fi\/wp-content\/uploads\/2016\/11\/cropped-cropped-petteri_etusivu.jpg\" \/>\n\t<meta property=\"og:image:width\" content=\"2048\" \/>\n\t<meta property=\"og:image:height\" content=\"1289\" \/>\n\t<meta property=\"og:image:type\" content=\"image\/jpeg\" \/>\n<meta name=\"author\" content=\"admin\" \/>\n<meta name=\"twitter:card\" content=\"summary_large_image\" \/>\n<meta name=\"twitter:label1\" content=\"Skriven av\" \/>\n\t<meta name=\"twitter:data1\" content=\"admin\" \/>\n\t<meta name=\"twitter:label2\" content=\"Ber\u00e4knad l\u00e4stid\" \/>\n\t<meta name=\"twitter:data2\" content=\"2 minuter\" \/>\n<script type=\"application\/ld+json\" class=\"yoast-schema-graph\">{\"@context\":\"https:\/\/schema.org\",\"@graph\":[{\"@type\":\"Article\",\"@id\":\"https:\/\/www.petteriorpo.fi\/suomen-ei-tule-eksya-emussa-sivuraiteelle\/#article\",\"isPartOf\":{\"@id\":\"https:\/\/www.petteriorpo.fi\/suomen-ei-tule-eksya-emussa-sivuraiteelle\/\"},\"author\":{\"name\":\"admin\",\"@id\":\"https:\/\/www.petteriorpo.fi\/#\/schema\/person\/269837cd998a58c819bee3941bc2d2b9\"},\"headline\":\"Suomen ei tule eksy\u00e4 EMU:ssa sivuraiteelle\",\"datePublished\":\"2017-06-01T12:42:11+00:00\",\"dateModified\":\"2023-02-16T16:50:47+00:00\",\"mainEntityOfPage\":{\"@id\":\"https:\/\/www.petteriorpo.fi\/suomen-ei-tule-eksya-emussa-sivuraiteelle\/\"},\"wordCount\":506,\"commentCount\":0,\"publisher\":{\"@id\":\"https:\/\/www.petteriorpo.fi\/#organization\"},\"image\":{\"@id\":\"https:\/\/www.petteriorpo.fi\/suomen-ei-tule-eksya-emussa-sivuraiteelle\/#primaryimage\"},\"thumbnailUrl\":\"https:\/\/www.petteriorpo.fi\/wp-content\/uploads\/2016\/11\/cropped-cropped-petteri_etusivu.jpg\",\"keywords\":[\"Brexit\",\"EMU\",\"EU\",\"pankkiunioni\",\"tulevaisuus\"],\"articleSection\":[\"Blogi\"],\"inLanguage\":\"sv-SE\",\"potentialAction\":[{\"@type\":\"CommentAction\",\"name\":\"Comment\",\"target\":[\"https:\/\/www.petteriorpo.fi\/suomen-ei-tule-eksya-emussa-sivuraiteelle\/#respond\"]}]},{\"@type\":\"WebPage\",\"@id\":\"https:\/\/www.petteriorpo.fi\/suomen-ei-tule-eksya-emussa-sivuraiteelle\/\",\"url\":\"https:\/\/www.petteriorpo.fi\/suomen-ei-tule-eksya-emussa-sivuraiteelle\/\",\"name\":\"Suomen ei tule eksy\u00e4 EMU:ssa sivuraiteelle - Petteri Orpo\",\"isPartOf\":{\"@id\":\"https:\/\/www.petteriorpo.fi\/#website\"},\"primaryImageOfPage\":{\"@id\":\"https:\/\/www.petteriorpo.fi\/suomen-ei-tule-eksya-emussa-sivuraiteelle\/#primaryimage\"},\"image\":{\"@id\":\"https:\/\/www.petteriorpo.fi\/suomen-ei-tule-eksya-emussa-sivuraiteelle\/#primaryimage\"},\"thumbnailUrl\":\"https:\/\/www.petteriorpo.fi\/wp-content\/uploads\/2016\/11\/cropped-cropped-petteri_etusivu.jpg\",\"datePublished\":\"2017-06-01T12:42:11+00:00\",\"dateModified\":\"2023-02-16T16:50:47+00:00\",\"breadcrumb\":{\"@id\":\"https:\/\/www.petteriorpo.fi\/suomen-ei-tule-eksya-emussa-sivuraiteelle\/#breadcrumb\"},\"inLanguage\":\"sv-SE\",\"potentialAction\":[{\"@type\":\"ReadAction\",\"target\":[\"https:\/\/www.petteriorpo.fi\/suomen-ei-tule-eksya-emussa-sivuraiteelle\/\"]}]},{\"@type\":\"ImageObject\",\"inLanguage\":\"sv-SE\",\"@id\":\"https:\/\/www.petteriorpo.fi\/suomen-ei-tule-eksya-emussa-sivuraiteelle\/#primaryimage\",\"url\":\"https:\/\/www.petteriorpo.fi\/wp-content\/uploads\/2016\/11\/cropped-cropped-petteri_etusivu.jpg\",\"contentUrl\":\"https:\/\/www.petteriorpo.fi\/wp-content\/uploads\/2016\/11\/cropped-cropped-petteri_etusivu.jpg\",\"width\":2048,\"height\":1289},{\"@type\":\"BreadcrumbList\",\"@id\":\"https:\/\/www.petteriorpo.fi\/suomen-ei-tule-eksya-emussa-sivuraiteelle\/#breadcrumb\",\"itemListElement\":[{\"@type\":\"ListItem\",\"position\":1,\"name\":\"Etusivu\",\"item\":\"https:\/\/www.petteriorpo.fi\/\"},{\"@type\":\"ListItem\",\"position\":2,\"name\":\"Suomen ei tule eksy\u00e4 EMU:ssa sivuraiteelle\"}]},{\"@type\":\"WebSite\",\"@id\":\"https:\/\/www.petteriorpo.fi\/#website\",\"url\":\"https:\/\/www.petteriorpo.fi\/\",\"name\":\"Petteri Orpo\",\"description\":\"Yhdess&auml; tehden eteenp&auml;in\",\"publisher\":{\"@id\":\"https:\/\/www.petteriorpo.fi\/#organization\"},\"potentialAction\":[{\"@type\":\"SearchAction\",\"target\":{\"@type\":\"EntryPoint\",\"urlTemplate\":\"https:\/\/www.petteriorpo.fi\/?s={search_term_string}\"},\"query-input\":{\"@type\":\"PropertyValueSpecification\",\"valueRequired\":true,\"valueName\":\"search_term_string\"}}],\"inLanguage\":\"sv-SE\"},{\"@type\":\"Organization\",\"@id\":\"https:\/\/www.petteriorpo.fi\/#organization\",\"name\":\"Petteri Orpo\",\"url\":\"https:\/\/www.petteriorpo.fi\/\",\"logo\":{\"@type\":\"ImageObject\",\"inLanguage\":\"sv-SE\",\"@id\":\"https:\/\/www.petteriorpo.fi\/#\/schema\/logo\/image\/\",\"url\":\"https:\/\/www.petteriorpo.fi\/wp-content\/uploads\/2022\/08\/logo_orpo.png\",\"contentUrl\":\"https:\/\/www.petteriorpo.fi\/wp-content\/uploads\/2022\/08\/logo_orpo.png\",\"width\":114,\"height\":120,\"caption\":\"Petteri Orpo\"},\"image\":{\"@id\":\"https:\/\/www.petteriorpo.fi\/#\/schema\/logo\/image\/\"}},{\"@type\":\"Person\",\"@id\":\"https:\/\/www.petteriorpo.fi\/#\/schema\/person\/269837cd998a58c819bee3941bc2d2b9\",\"name\":\"admin\",\"image\":{\"@type\":\"ImageObject\",\"inLanguage\":\"sv-SE\",\"@id\":\"https:\/\/www.petteriorpo.fi\/#\/schema\/person\/image\/\",\"url\":\"https:\/\/secure.gravatar.com\/avatar\/e3534ba089e9f56595220762a1371e56?s=96&d=mm&r=g\",\"contentUrl\":\"https:\/\/secure.gravatar.com\/avatar\/e3534ba089e9f56595220762a1371e56?s=96&d=mm&r=g\",\"caption\":\"admin\"},\"sameAs\":[\"https:\/\/www.petteriorpo.fi\"],\"url\":\"https:\/\/www.petteriorpo.fi\/sv\/author\/admin\/\"}]}<\/script>\n<!-- \/ Yoast SEO plugin. -->","yoast_head_json":{"title":"Suomen ei tule eksy\u00e4 EMU:ssa sivuraiteelle - Petteri Orpo","robots":{"index":"index","follow":"follow","max-snippet":"max-snippet:-1","max-image-preview":"max-image-preview:large","max-video-preview":"max-video-preview:-1"},"canonical":"https:\/\/www.petteriorpo.fi\/sv\/suomen-ei-tule-eksya-emussa-sivuraiteelle\/","og_locale":"sv_SE","og_type":"article","og_title":"Suomen ei tule eksy\u00e4 EMU:ssa sivuraiteelle - Petteri Orpo","og_description":"Brexitist\u00e4 ja muista haasteista huolimatta, Euroopan unionin tulevaisuudesta on keskusteltu t\u00e4n\u00e4 vuonna enemm\u00e4n kuin pitk\u00e4\u00e4n aikaan. Ensi viikolla aiheena on talous- ja rahaliiton eli EMU:n tulevaisuus, josta komissio julkaisee keskustelupaperin. Paperi on osa keskustelunavausten sarjaa, joka alkoi koko Euroopan unionin viiden tulevaisuusskenaarion hahmottelulla maaliskuussa. Odotettavissa on erilaisia malleja EMU:n kehitt\u00e4misest\u00e4, mik\u00e4 on minusta j\u00e4rkev\u00e4 tapa [&hellip;]","og_url":"https:\/\/www.petteriorpo.fi\/sv\/suomen-ei-tule-eksya-emussa-sivuraiteelle\/","og_site_name":"Petteri Orpo","article_published_time":"2017-06-01T12:42:11+00:00","article_modified_time":"2023-02-16T16:50:47+00:00","og_image":[{"width":2048,"height":1289,"url":"https:\/\/www.petteriorpo.fi\/wp-content\/uploads\/2016\/11\/cropped-cropped-petteri_etusivu.jpg","type":"image\/jpeg"}],"author":"admin","twitter_card":"summary_large_image","twitter_misc":{"Skriven av":"admin","Ber\u00e4knad l\u00e4stid":"2 minuter"},"schema":{"@context":"https:\/\/schema.org","@graph":[{"@type":"Article","@id":"https:\/\/www.petteriorpo.fi\/suomen-ei-tule-eksya-emussa-sivuraiteelle\/#article","isPartOf":{"@id":"https:\/\/www.petteriorpo.fi\/suomen-ei-tule-eksya-emussa-sivuraiteelle\/"},"author":{"name":"admin","@id":"https:\/\/www.petteriorpo.fi\/#\/schema\/person\/269837cd998a58c819bee3941bc2d2b9"},"headline":"Suomen ei tule eksy\u00e4 EMU:ssa sivuraiteelle","datePublished":"2017-06-01T12:42:11+00:00","dateModified":"2023-02-16T16:50:47+00:00","mainEntityOfPage":{"@id":"https:\/\/www.petteriorpo.fi\/suomen-ei-tule-eksya-emussa-sivuraiteelle\/"},"wordCount":506,"commentCount":0,"publisher":{"@id":"https:\/\/www.petteriorpo.fi\/#organization"},"image":{"@id":"https:\/\/www.petteriorpo.fi\/suomen-ei-tule-eksya-emussa-sivuraiteelle\/#primaryimage"},"thumbnailUrl":"https:\/\/www.petteriorpo.fi\/wp-content\/uploads\/2016\/11\/cropped-cropped-petteri_etusivu.jpg","keywords":["Brexit","EMU","EU","pankkiunioni","tulevaisuus"],"articleSection":["Blogi"],"inLanguage":"sv-SE","potentialAction":[{"@type":"CommentAction","name":"Comment","target":["https:\/\/www.petteriorpo.fi\/suomen-ei-tule-eksya-emussa-sivuraiteelle\/#respond"]}]},{"@type":"WebPage","@id":"https:\/\/www.petteriorpo.fi\/suomen-ei-tule-eksya-emussa-sivuraiteelle\/","url":"https:\/\/www.petteriorpo.fi\/suomen-ei-tule-eksya-emussa-sivuraiteelle\/","name":"Suomen ei tule eksy\u00e4 EMU:ssa sivuraiteelle - Petteri Orpo","isPartOf":{"@id":"https:\/\/www.petteriorpo.fi\/#website"},"primaryImageOfPage":{"@id":"https:\/\/www.petteriorpo.fi\/suomen-ei-tule-eksya-emussa-sivuraiteelle\/#primaryimage"},"image":{"@id":"https:\/\/www.petteriorpo.fi\/suomen-ei-tule-eksya-emussa-sivuraiteelle\/#primaryimage"},"thumbnailUrl":"https:\/\/www.petteriorpo.fi\/wp-content\/uploads\/2016\/11\/cropped-cropped-petteri_etusivu.jpg","datePublished":"2017-06-01T12:42:11+00:00","dateModified":"2023-02-16T16:50:47+00:00","breadcrumb":{"@id":"https:\/\/www.petteriorpo.fi\/suomen-ei-tule-eksya-emussa-sivuraiteelle\/#breadcrumb"},"inLanguage":"sv-SE","potentialAction":[{"@type":"ReadAction","target":["https:\/\/www.petteriorpo.fi\/suomen-ei-tule-eksya-emussa-sivuraiteelle\/"]}]},{"@type":"ImageObject","inLanguage":"sv-SE","@id":"https:\/\/www.petteriorpo.fi\/suomen-ei-tule-eksya-emussa-sivuraiteelle\/#primaryimage","url":"https:\/\/www.petteriorpo.fi\/wp-content\/uploads\/2016\/11\/cropped-cropped-petteri_etusivu.jpg","contentUrl":"https:\/\/www.petteriorpo.fi\/wp-content\/uploads\/2016\/11\/cropped-cropped-petteri_etusivu.jpg","width":2048,"height":1289},{"@type":"BreadcrumbList","@id":"https:\/\/www.petteriorpo.fi\/suomen-ei-tule-eksya-emussa-sivuraiteelle\/#breadcrumb","itemListElement":[{"@type":"ListItem","position":1,"name":"Etusivu","item":"https:\/\/www.petteriorpo.fi\/"},{"@type":"ListItem","position":2,"name":"Suomen ei tule eksy\u00e4 EMU:ssa sivuraiteelle"}]},{"@type":"WebSite","@id":"https:\/\/www.petteriorpo.fi\/#website","url":"https:\/\/www.petteriorpo.fi\/","name":"Petteri Orpo","description":"Yhdess&auml; tehden eteenp&auml;in","publisher":{"@id":"https:\/\/www.petteriorpo.fi\/#organization"},"potentialAction":[{"@type":"SearchAction","target":{"@type":"EntryPoint","urlTemplate":"https:\/\/www.petteriorpo.fi\/?s={search_term_string}"},"query-input":{"@type":"PropertyValueSpecification","valueRequired":true,"valueName":"search_term_string"}}],"inLanguage":"sv-SE"},{"@type":"Organization","@id":"https:\/\/www.petteriorpo.fi\/#organization","name":"Petteri Orpo","url":"https:\/\/www.petteriorpo.fi\/","logo":{"@type":"ImageObject","inLanguage":"sv-SE","@id":"https:\/\/www.petteriorpo.fi\/#\/schema\/logo\/image\/","url":"https:\/\/www.petteriorpo.fi\/wp-content\/uploads\/2022\/08\/logo_orpo.png","contentUrl":"https:\/\/www.petteriorpo.fi\/wp-content\/uploads\/2022\/08\/logo_orpo.png","width":114,"height":120,"caption":"Petteri Orpo"},"image":{"@id":"https:\/\/www.petteriorpo.fi\/#\/schema\/logo\/image\/"}},{"@type":"Person","@id":"https:\/\/www.petteriorpo.fi\/#\/schema\/person\/269837cd998a58c819bee3941bc2d2b9","name":"admin","image":{"@type":"ImageObject","inLanguage":"sv-SE","@id":"https:\/\/www.petteriorpo.fi\/#\/schema\/person\/image\/","url":"https:\/\/secure.gravatar.com\/avatar\/e3534ba089e9f56595220762a1371e56?s=96&d=mm&r=g","contentUrl":"https:\/\/secure.gravatar.com\/avatar\/e3534ba089e9f56595220762a1371e56?s=96&d=mm&r=g","caption":"admin"},"sameAs":["https:\/\/www.petteriorpo.fi"],"url":"https:\/\/www.petteriorpo.fi\/sv\/author\/admin\/"}]}},"_links":{"self":[{"href":"https:\/\/www.petteriorpo.fi\/sv\/wp-json\/wp\/v2\/posts\/794","targetHints":{"allow":["GET"]}}],"collection":[{"href":"https:\/\/www.petteriorpo.fi\/sv\/wp-json\/wp\/v2\/posts"}],"about":[{"href":"https:\/\/www.petteriorpo.fi\/sv\/wp-json\/wp\/v2\/types\/post"}],"author":[{"embeddable":true,"href":"https:\/\/www.petteriorpo.fi\/sv\/wp-json\/wp\/v2\/users\/1"}],"replies":[{"embeddable":true,"href":"https:\/\/www.petteriorpo.fi\/sv\/wp-json\/wp\/v2\/comments?post=794"}],"version-history":[{"count":1,"href":"https:\/\/www.petteriorpo.fi\/sv\/wp-json\/wp\/v2\/posts\/794\/revisions"}],"predecessor-version":[{"id":1082,"href":"https:\/\/www.petteriorpo.fi\/sv\/wp-json\/wp\/v2\/posts\/794\/revisions\/1082"}],"wp:featuredmedia":[{"embeddable":true,"href":"https:\/\/www.petteriorpo.fi\/sv\/wp-json\/wp\/v2\/media\/1103"}],"wp:attachment":[{"href":"https:\/\/www.petteriorpo.fi\/sv\/wp-json\/wp\/v2\/media?parent=794"}],"wp:term":[{"taxonomy":"category","embeddable":true,"href":"https:\/\/www.petteriorpo.fi\/sv\/wp-json\/wp\/v2\/categories?post=794"},{"taxonomy":"post_tag","embeddable":true,"href":"https:\/\/www.petteriorpo.fi\/sv\/wp-json\/wp\/v2\/tags?post=794"}],"curies":[{"name":"wp","href":"https:\/\/api.w.org\/{rel}","templated":true}]}}