{"id":344,"date":"2017-02-06T13:33:39","date_gmt":"2017-02-06T11:33:39","guid":{"rendered":"http:\/\/www.petteriorpo.fi\/?p=344"},"modified":"2023-02-16T16:50:47","modified_gmt":"2023-02-16T16:50:47","slug":"varhaiskasvatus-on-paras-laake-syrjaytymiseen","status":"publish","type":"post","link":"https:\/\/www.petteriorpo.fi\/sv\/varhaiskasvatus-on-paras-laake-syrjaytymiseen\/","title":{"rendered":"Varhaiskasvatus on paras l\u00e4\u00e4ke syrj\u00e4ytymiseen"},"content":{"rendered":"<p>Syrj\u00e4ytyminen on paitsi suuri inhimillinen tragedia, my\u00f6s tappio koko yhteiskunnalle. Erityist\u00e4 huolta kannan niist\u00e4 nuorista, jotka eiv\u00e4t ole opiskelemassa tai t\u00f6iss\u00e4. Nuoren syrj\u00e4ytyminen merkitsee luottamuksen menett\u00e4mist\u00e4 omaan l\u00e4hiyhteis\u00f6\u00f6n, muihin nuoriin ja yhteiskuntaan.<\/p>\n<div class=\"code-block code-block-4 ai-viewport-1\"><!-- responsive2 --> <ins class=\"adsbygoogle\" data-adsbygoogle-status=\"done\" data-ad-client=\"ca-pub-9333680077505676\" data-ad-slot=\"6938147149\" data-ad-format=\"auto\"><ins id=\"aswift_0_expand\"><ins id=\"aswift_0_anchor\"><\/ins><\/ins><\/ins><\/div>\n<div class=\"code-block code-block-2 ai-viewport-2 ai-viewport-3\"><!-- responsive2 --> <ins class=\"adsbygoogle\" data-adsbygoogle-status=\"done\" data-ad-client=\"ca-pub-9333680077505676\" data-ad-slot=\"6938147149\" data-ad-format=\"auto\"><\/ins><\/div>\n<p>Varhaiskasvatuksen kehitt\u00e4minen ja osallistumisasteen nostaminen on parasta syrj\u00e4ytymisen ehk\u00e4isy\u00e4. Tuoreessa tutkimuksessa arvioitiin kotihoidon ja varhaiskasvatuksen pitk\u00e4aikaisia vaikutuksia. Tutkimusaineisto osoitti, ett\u00e4 alle 3-vuotiaana varhaiskasvatuksessa olleet jatkavat toiseen asteen koulutukseen, meneva\u0308tlukioon ja opiskelevat korkeakoulussa useammin kuin lapset, jotka eiv\u00e4t ole osallistuneet varhaiskasvatukseen. Yhteys oli sama matalasti ja korkeasti koulutettujen vanhempien lapsilla.<\/p>\n<p>Suomessa vain 74 prosenttia 4-vuotiaista lapsista osallistuu varhaiskasvatukseen, kun muissa pohjoismaissa l\u00e4hes kaikki osallistuvat. Erityisen ongelmallista on se, ett\u00e4 Suomessa varhaiskasvatukseen osallistuvat v\u00e4hiten ne lapset, jotka hy\u00f6tyisiv\u00e4t siit\u00e4 eniten. Tukemalla vanhempia ja vanhemmuutta heid\u00e4n kasvatusteht\u00e4v\u00e4ss\u00e4\u00e4n, voidaan my\u00f6s lis\u00e4t\u00e4 lasten ja koko perheen hyvinvointia.<\/p>\n<p>Mit\u00e4 hallitus sitten on tehnyt asialle? Hallitus laskee pienituloisten perheiden varhaiskasvatusmaksuja yli 700 eurolla vuodessa 1.3. alkaen. T\u00e4ll\u00e4 me puutumme eriarvoistumiseen.<\/p>\n<p>Maksujen alentamisella on my\u00f6s suora yhteys ty\u00f6el\u00e4m\u00e4\u00e4n. Tavoitteena on, ett\u00e4 yh\u00e4 useammalle lapselle olisi mahdollista osallistua varhaiskasvatukseen ja ett\u00e4 yh\u00e4 useammalla vanhemmalla, erityisesti yksinhuoltajilla, olisi mahdollisuus ottaa ty\u00f6t\u00e4 vastaan.<\/p>\n<p>Panostukset joustavaan ja laadukkaaseen varhaiskasvatukseen maksavat itsens\u00e4 takaisin. Alennetut maksut kannustavat ottamaan ty\u00f6t\u00e4 vastaan, edist\u00e4v\u00e4t tasa-arvoa ja ehk\u00e4isev\u00e4t syrj\u00e4ytymist\u00e4. Kokoomus on asettanut pitk\u00e4n aikav\u00e4lin tavoitteeksi maksuttoman osa-aikaisen varhaiskasvatuksen, johon osallistuisi koko ik\u00e4luokka. Nyt tehty maksujen alentaminen on askel sit\u00e4 tavoitetta kohti.<\/p>\n<p>Petteri Orpo<\/p>\n<p><em>Kirjoitus on alunperin\u00a0julkaistu verkkouutiset.fi:n blogissa 28.1.2017.<\/em><\/p>","protected":false},"excerpt":{"rendered":"<p>Syrj\u00e4ytyminen on paitsi suuri inhimillinen tragedia, my\u00f6s tappio koko yhteiskunnalle. Erityist\u00e4 huolta kannan niist\u00e4 nuorista, jotka eiv\u00e4t ole opiskelemassa tai t\u00f6iss\u00e4. Nuoren syrj\u00e4ytyminen merkitsee luottamuksen menett\u00e4mist\u00e4 omaan l\u00e4hiyhteis\u00f6\u00f6n, muihin nuoriin ja yhteiskuntaan. Varhaiskasvatuksen kehitt\u00e4minen ja osallistumisasteen nostaminen on parasta syrj\u00e4ytymisen ehk\u00e4isy\u00e4. Tuoreessa tutkimuksessa arvioitiin kotihoidon ja varhaiskasvatuksen pitk\u00e4aikaisia vaikutuksia. Tutkimusaineisto osoitti, ett\u00e4 alle 3-vuotiaana varhaiskasvatuksessa [&hellip;]<\/p>","protected":false},"author":1,"featured_media":293,"comment_status":"open","ping_status":"open","sticky":false,"template":"","format":"standard","meta":{"footnotes":""},"categories":[6],"tags":[18,19,20,21,22,23],"class_list":["post-344","post","type-post","status-publish","format-standard","has-post-thumbnail","hentry","category-blogi","tag-eriarvoisuus","tag-nuoret","tag-perhe","tag-syrjaytyminen","tag-tyoelama","tag-varhaiskasvatus"],"yoast_head":"<!-- This site is optimized with the Yoast SEO plugin v26.0 - https:\/\/yoast.com\/wordpress\/plugins\/seo\/ -->\n<title>Varhaiskasvatus on paras l\u00e4\u00e4ke syrj\u00e4ytymiseen - Petteri Orpo<\/title>\n<meta name=\"robots\" content=\"index, follow, max-snippet:-1, max-image-preview:large, max-video-preview:-1\" \/>\n<link rel=\"canonical\" href=\"https:\/\/www.petteriorpo.fi\/sv\/varhaiskasvatus-on-paras-laake-syrjaytymiseen\/\" \/>\n<meta property=\"og:locale\" content=\"sv_SE\" \/>\n<meta property=\"og:type\" content=\"article\" \/>\n<meta property=\"og:title\" content=\"Varhaiskasvatus on paras l\u00e4\u00e4ke syrj\u00e4ytymiseen - Petteri Orpo\" \/>\n<meta property=\"og:description\" content=\"Syrj\u00e4ytyminen on paitsi suuri inhimillinen tragedia, my\u00f6s tappio koko yhteiskunnalle. Erityist\u00e4 huolta kannan niist\u00e4 nuorista, jotka eiv\u00e4t ole opiskelemassa tai t\u00f6iss\u00e4. Nuoren syrj\u00e4ytyminen merkitsee luottamuksen menett\u00e4mist\u00e4 omaan l\u00e4hiyhteis\u00f6\u00f6n, muihin nuoriin ja yhteiskuntaan. Varhaiskasvatuksen kehitt\u00e4minen ja osallistumisasteen nostaminen on parasta syrj\u00e4ytymisen ehk\u00e4isy\u00e4. Tuoreessa tutkimuksessa arvioitiin kotihoidon ja varhaiskasvatuksen pitk\u00e4aikaisia vaikutuksia. Tutkimusaineisto osoitti, ett\u00e4 alle 3-vuotiaana varhaiskasvatuksessa [&hellip;]\" \/>\n<meta property=\"og:url\" content=\"https:\/\/www.petteriorpo.fi\/sv\/varhaiskasvatus-on-paras-laake-syrjaytymiseen\/\" \/>\n<meta property=\"og:site_name\" content=\"Petteri Orpo\" \/>\n<meta property=\"article:published_time\" content=\"2017-02-06T11:33:39+00:00\" \/>\n<meta property=\"article:modified_time\" content=\"2023-02-16T16:50:47+00:00\" \/>\n<meta property=\"og:image\" content=\"https:\/\/www.petteriorpo.fi\/wp-content\/uploads\/2016\/11\/Petteri_fb.jpg\" \/>\n\t<meta property=\"og:image:width\" content=\"1219\" \/>\n\t<meta property=\"og:image:height\" content=\"630\" \/>\n\t<meta property=\"og:image:type\" content=\"image\/jpeg\" \/>\n<meta name=\"author\" content=\"admin\" \/>\n<meta name=\"twitter:card\" content=\"summary_large_image\" \/>\n<meta name=\"twitter:label1\" content=\"Skriven av\" \/>\n\t<meta name=\"twitter:data1\" content=\"admin\" \/>\n\t<meta name=\"twitter:label2\" content=\"Ber\u00e4knad l\u00e4stid\" \/>\n\t<meta name=\"twitter:data2\" content=\"1 minut\" \/>\n<script type=\"application\/ld+json\" class=\"yoast-schema-graph\">{\"@context\":\"https:\/\/schema.org\",\"@graph\":[{\"@type\":\"Article\",\"@id\":\"https:\/\/www.petteriorpo.fi\/varhaiskasvatus-on-paras-laake-syrjaytymiseen\/#article\",\"isPartOf\":{\"@id\":\"https:\/\/www.petteriorpo.fi\/varhaiskasvatus-on-paras-laake-syrjaytymiseen\/\"},\"author\":{\"name\":\"admin\",\"@id\":\"https:\/\/www.petteriorpo.fi\/#\/schema\/person\/269837cd998a58c819bee3941bc2d2b9\"},\"headline\":\"Varhaiskasvatus on paras l\u00e4\u00e4ke syrj\u00e4ytymiseen\",\"datePublished\":\"2017-02-06T11:33:39+00:00\",\"dateModified\":\"2023-02-16T16:50:47+00:00\",\"mainEntityOfPage\":{\"@id\":\"https:\/\/www.petteriorpo.fi\/varhaiskasvatus-on-paras-laake-syrjaytymiseen\/\"},\"wordCount\":268,\"commentCount\":0,\"publisher\":{\"@id\":\"https:\/\/www.petteriorpo.fi\/#organization\"},\"image\":{\"@id\":\"https:\/\/www.petteriorpo.fi\/varhaiskasvatus-on-paras-laake-syrjaytymiseen\/#primaryimage\"},\"thumbnailUrl\":\"https:\/\/www.petteriorpo.fi\/wp-content\/uploads\/2016\/11\/Petteri_fb.jpg\",\"keywords\":[\"eriarvoisuus\",\"nuoret\",\"perhe\",\"syrj\u00e4ytyminen\",\"ty\u00f6el\u00e4m\u00e4\",\"varhaiskasvatus\"],\"articleSection\":[\"Blogi\"],\"inLanguage\":\"sv-SE\",\"potentialAction\":[{\"@type\":\"CommentAction\",\"name\":\"Comment\",\"target\":[\"https:\/\/www.petteriorpo.fi\/varhaiskasvatus-on-paras-laake-syrjaytymiseen\/#respond\"]}]},{\"@type\":\"WebPage\",\"@id\":\"https:\/\/www.petteriorpo.fi\/varhaiskasvatus-on-paras-laake-syrjaytymiseen\/\",\"url\":\"https:\/\/www.petteriorpo.fi\/varhaiskasvatus-on-paras-laake-syrjaytymiseen\/\",\"name\":\"Varhaiskasvatus on paras l\u00e4\u00e4ke syrj\u00e4ytymiseen - Petteri Orpo\",\"isPartOf\":{\"@id\":\"https:\/\/www.petteriorpo.fi\/#website\"},\"primaryImageOfPage\":{\"@id\":\"https:\/\/www.petteriorpo.fi\/varhaiskasvatus-on-paras-laake-syrjaytymiseen\/#primaryimage\"},\"image\":{\"@id\":\"https:\/\/www.petteriorpo.fi\/varhaiskasvatus-on-paras-laake-syrjaytymiseen\/#primaryimage\"},\"thumbnailUrl\":\"https:\/\/www.petteriorpo.fi\/wp-content\/uploads\/2016\/11\/Petteri_fb.jpg\",\"datePublished\":\"2017-02-06T11:33:39+00:00\",\"dateModified\":\"2023-02-16T16:50:47+00:00\",\"breadcrumb\":{\"@id\":\"https:\/\/www.petteriorpo.fi\/varhaiskasvatus-on-paras-laake-syrjaytymiseen\/#breadcrumb\"},\"inLanguage\":\"sv-SE\",\"potentialAction\":[{\"@type\":\"ReadAction\",\"target\":[\"https:\/\/www.petteriorpo.fi\/varhaiskasvatus-on-paras-laake-syrjaytymiseen\/\"]}]},{\"@type\":\"ImageObject\",\"inLanguage\":\"sv-SE\",\"@id\":\"https:\/\/www.petteriorpo.fi\/varhaiskasvatus-on-paras-laake-syrjaytymiseen\/#primaryimage\",\"url\":\"https:\/\/www.petteriorpo.fi\/wp-content\/uploads\/2016\/11\/Petteri_fb.jpg\",\"contentUrl\":\"https:\/\/www.petteriorpo.fi\/wp-content\/uploads\/2016\/11\/Petteri_fb.jpg\",\"width\":1219,\"height\":630},{\"@type\":\"BreadcrumbList\",\"@id\":\"https:\/\/www.petteriorpo.fi\/varhaiskasvatus-on-paras-laake-syrjaytymiseen\/#breadcrumb\",\"itemListElement\":[{\"@type\":\"ListItem\",\"position\":1,\"name\":\"Etusivu\",\"item\":\"https:\/\/www.petteriorpo.fi\/\"},{\"@type\":\"ListItem\",\"position\":2,\"name\":\"Varhaiskasvatus on paras l\u00e4\u00e4ke syrj\u00e4ytymiseen\"}]},{\"@type\":\"WebSite\",\"@id\":\"https:\/\/www.petteriorpo.fi\/#website\",\"url\":\"https:\/\/www.petteriorpo.fi\/\",\"name\":\"Petteri Orpo\",\"description\":\"Yhdess&auml; tehden eteenp&auml;in\",\"publisher\":{\"@id\":\"https:\/\/www.petteriorpo.fi\/#organization\"},\"potentialAction\":[{\"@type\":\"SearchAction\",\"target\":{\"@type\":\"EntryPoint\",\"urlTemplate\":\"https:\/\/www.petteriorpo.fi\/?s={search_term_string}\"},\"query-input\":{\"@type\":\"PropertyValueSpecification\",\"valueRequired\":true,\"valueName\":\"search_term_string\"}}],\"inLanguage\":\"sv-SE\"},{\"@type\":\"Organization\",\"@id\":\"https:\/\/www.petteriorpo.fi\/#organization\",\"name\":\"Petteri Orpo\",\"url\":\"https:\/\/www.petteriorpo.fi\/\",\"logo\":{\"@type\":\"ImageObject\",\"inLanguage\":\"sv-SE\",\"@id\":\"https:\/\/www.petteriorpo.fi\/#\/schema\/logo\/image\/\",\"url\":\"https:\/\/www.petteriorpo.fi\/wp-content\/uploads\/2022\/08\/logo_orpo.png\",\"contentUrl\":\"https:\/\/www.petteriorpo.fi\/wp-content\/uploads\/2022\/08\/logo_orpo.png\",\"width\":114,\"height\":120,\"caption\":\"Petteri Orpo\"},\"image\":{\"@id\":\"https:\/\/www.petteriorpo.fi\/#\/schema\/logo\/image\/\"}},{\"@type\":\"Person\",\"@id\":\"https:\/\/www.petteriorpo.fi\/#\/schema\/person\/269837cd998a58c819bee3941bc2d2b9\",\"name\":\"admin\",\"image\":{\"@type\":\"ImageObject\",\"inLanguage\":\"sv-SE\",\"@id\":\"https:\/\/www.petteriorpo.fi\/#\/schema\/person\/image\/\",\"url\":\"https:\/\/secure.gravatar.com\/avatar\/e3534ba089e9f56595220762a1371e56?s=96&d=mm&r=g\",\"contentUrl\":\"https:\/\/secure.gravatar.com\/avatar\/e3534ba089e9f56595220762a1371e56?s=96&d=mm&r=g\",\"caption\":\"admin\"},\"sameAs\":[\"https:\/\/www.petteriorpo.fi\"],\"url\":\"https:\/\/www.petteriorpo.fi\/sv\/author\/admin\/\"}]}<\/script>\n<!-- \/ Yoast SEO plugin. -->","yoast_head_json":{"title":"Varhaiskasvatus on paras l\u00e4\u00e4ke syrj\u00e4ytymiseen - Petteri Orpo","robots":{"index":"index","follow":"follow","max-snippet":"max-snippet:-1","max-image-preview":"max-image-preview:large","max-video-preview":"max-video-preview:-1"},"canonical":"https:\/\/www.petteriorpo.fi\/sv\/varhaiskasvatus-on-paras-laake-syrjaytymiseen\/","og_locale":"sv_SE","og_type":"article","og_title":"Varhaiskasvatus on paras l\u00e4\u00e4ke syrj\u00e4ytymiseen - Petteri Orpo","og_description":"Syrj\u00e4ytyminen on paitsi suuri inhimillinen tragedia, my\u00f6s tappio koko yhteiskunnalle. Erityist\u00e4 huolta kannan niist\u00e4 nuorista, jotka eiv\u00e4t ole opiskelemassa tai t\u00f6iss\u00e4. Nuoren syrj\u00e4ytyminen merkitsee luottamuksen menett\u00e4mist\u00e4 omaan l\u00e4hiyhteis\u00f6\u00f6n, muihin nuoriin ja yhteiskuntaan. Varhaiskasvatuksen kehitt\u00e4minen ja osallistumisasteen nostaminen on parasta syrj\u00e4ytymisen ehk\u00e4isy\u00e4. Tuoreessa tutkimuksessa arvioitiin kotihoidon ja varhaiskasvatuksen pitk\u00e4aikaisia vaikutuksia. Tutkimusaineisto osoitti, ett\u00e4 alle 3-vuotiaana varhaiskasvatuksessa [&hellip;]","og_url":"https:\/\/www.petteriorpo.fi\/sv\/varhaiskasvatus-on-paras-laake-syrjaytymiseen\/","og_site_name":"Petteri Orpo","article_published_time":"2017-02-06T11:33:39+00:00","article_modified_time":"2023-02-16T16:50:47+00:00","og_image":[{"width":1219,"height":630,"url":"https:\/\/www.petteriorpo.fi\/wp-content\/uploads\/2016\/11\/Petteri_fb.jpg","type":"image\/jpeg"}],"author":"admin","twitter_card":"summary_large_image","twitter_misc":{"Skriven av":"admin","Ber\u00e4knad l\u00e4stid":"1 minut"},"schema":{"@context":"https:\/\/schema.org","@graph":[{"@type":"Article","@id":"https:\/\/www.petteriorpo.fi\/varhaiskasvatus-on-paras-laake-syrjaytymiseen\/#article","isPartOf":{"@id":"https:\/\/www.petteriorpo.fi\/varhaiskasvatus-on-paras-laake-syrjaytymiseen\/"},"author":{"name":"admin","@id":"https:\/\/www.petteriorpo.fi\/#\/schema\/person\/269837cd998a58c819bee3941bc2d2b9"},"headline":"Varhaiskasvatus on paras l\u00e4\u00e4ke syrj\u00e4ytymiseen","datePublished":"2017-02-06T11:33:39+00:00","dateModified":"2023-02-16T16:50:47+00:00","mainEntityOfPage":{"@id":"https:\/\/www.petteriorpo.fi\/varhaiskasvatus-on-paras-laake-syrjaytymiseen\/"},"wordCount":268,"commentCount":0,"publisher":{"@id":"https:\/\/www.petteriorpo.fi\/#organization"},"image":{"@id":"https:\/\/www.petteriorpo.fi\/varhaiskasvatus-on-paras-laake-syrjaytymiseen\/#primaryimage"},"thumbnailUrl":"https:\/\/www.petteriorpo.fi\/wp-content\/uploads\/2016\/11\/Petteri_fb.jpg","keywords":["eriarvoisuus","nuoret","perhe","syrj\u00e4ytyminen","ty\u00f6el\u00e4m\u00e4","varhaiskasvatus"],"articleSection":["Blogi"],"inLanguage":"sv-SE","potentialAction":[{"@type":"CommentAction","name":"Comment","target":["https:\/\/www.petteriorpo.fi\/varhaiskasvatus-on-paras-laake-syrjaytymiseen\/#respond"]}]},{"@type":"WebPage","@id":"https:\/\/www.petteriorpo.fi\/varhaiskasvatus-on-paras-laake-syrjaytymiseen\/","url":"https:\/\/www.petteriorpo.fi\/varhaiskasvatus-on-paras-laake-syrjaytymiseen\/","name":"Varhaiskasvatus on paras l\u00e4\u00e4ke syrj\u00e4ytymiseen - Petteri Orpo","isPartOf":{"@id":"https:\/\/www.petteriorpo.fi\/#website"},"primaryImageOfPage":{"@id":"https:\/\/www.petteriorpo.fi\/varhaiskasvatus-on-paras-laake-syrjaytymiseen\/#primaryimage"},"image":{"@id":"https:\/\/www.petteriorpo.fi\/varhaiskasvatus-on-paras-laake-syrjaytymiseen\/#primaryimage"},"thumbnailUrl":"https:\/\/www.petteriorpo.fi\/wp-content\/uploads\/2016\/11\/Petteri_fb.jpg","datePublished":"2017-02-06T11:33:39+00:00","dateModified":"2023-02-16T16:50:47+00:00","breadcrumb":{"@id":"https:\/\/www.petteriorpo.fi\/varhaiskasvatus-on-paras-laake-syrjaytymiseen\/#breadcrumb"},"inLanguage":"sv-SE","potentialAction":[{"@type":"ReadAction","target":["https:\/\/www.petteriorpo.fi\/varhaiskasvatus-on-paras-laake-syrjaytymiseen\/"]}]},{"@type":"ImageObject","inLanguage":"sv-SE","@id":"https:\/\/www.petteriorpo.fi\/varhaiskasvatus-on-paras-laake-syrjaytymiseen\/#primaryimage","url":"https:\/\/www.petteriorpo.fi\/wp-content\/uploads\/2016\/11\/Petteri_fb.jpg","contentUrl":"https:\/\/www.petteriorpo.fi\/wp-content\/uploads\/2016\/11\/Petteri_fb.jpg","width":1219,"height":630},{"@type":"BreadcrumbList","@id":"https:\/\/www.petteriorpo.fi\/varhaiskasvatus-on-paras-laake-syrjaytymiseen\/#breadcrumb","itemListElement":[{"@type":"ListItem","position":1,"name":"Etusivu","item":"https:\/\/www.petteriorpo.fi\/"},{"@type":"ListItem","position":2,"name":"Varhaiskasvatus on paras l\u00e4\u00e4ke syrj\u00e4ytymiseen"}]},{"@type":"WebSite","@id":"https:\/\/www.petteriorpo.fi\/#website","url":"https:\/\/www.petteriorpo.fi\/","name":"Petteri Orpo","description":"Yhdess&auml; tehden eteenp&auml;in","publisher":{"@id":"https:\/\/www.petteriorpo.fi\/#organization"},"potentialAction":[{"@type":"SearchAction","target":{"@type":"EntryPoint","urlTemplate":"https:\/\/www.petteriorpo.fi\/?s={search_term_string}"},"query-input":{"@type":"PropertyValueSpecification","valueRequired":true,"valueName":"search_term_string"}}],"inLanguage":"sv-SE"},{"@type":"Organization","@id":"https:\/\/www.petteriorpo.fi\/#organization","name":"Petteri Orpo","url":"https:\/\/www.petteriorpo.fi\/","logo":{"@type":"ImageObject","inLanguage":"sv-SE","@id":"https:\/\/www.petteriorpo.fi\/#\/schema\/logo\/image\/","url":"https:\/\/www.petteriorpo.fi\/wp-content\/uploads\/2022\/08\/logo_orpo.png","contentUrl":"https:\/\/www.petteriorpo.fi\/wp-content\/uploads\/2022\/08\/logo_orpo.png","width":114,"height":120,"caption":"Petteri Orpo"},"image":{"@id":"https:\/\/www.petteriorpo.fi\/#\/schema\/logo\/image\/"}},{"@type":"Person","@id":"https:\/\/www.petteriorpo.fi\/#\/schema\/person\/269837cd998a58c819bee3941bc2d2b9","name":"admin","image":{"@type":"ImageObject","inLanguage":"sv-SE","@id":"https:\/\/www.petteriorpo.fi\/#\/schema\/person\/image\/","url":"https:\/\/secure.gravatar.com\/avatar\/e3534ba089e9f56595220762a1371e56?s=96&d=mm&r=g","contentUrl":"https:\/\/secure.gravatar.com\/avatar\/e3534ba089e9f56595220762a1371e56?s=96&d=mm&r=g","caption":"admin"},"sameAs":["https:\/\/www.petteriorpo.fi"],"url":"https:\/\/www.petteriorpo.fi\/sv\/author\/admin\/"}]}},"_links":{"self":[{"href":"https:\/\/www.petteriorpo.fi\/sv\/wp-json\/wp\/v2\/posts\/344","targetHints":{"allow":["GET"]}}],"collection":[{"href":"https:\/\/www.petteriorpo.fi\/sv\/wp-json\/wp\/v2\/posts"}],"about":[{"href":"https:\/\/www.petteriorpo.fi\/sv\/wp-json\/wp\/v2\/types\/post"}],"author":[{"embeddable":true,"href":"https:\/\/www.petteriorpo.fi\/sv\/wp-json\/wp\/v2\/users\/1"}],"replies":[{"embeddable":true,"href":"https:\/\/www.petteriorpo.fi\/sv\/wp-json\/wp\/v2\/comments?post=344"}],"version-history":[{"count":1,"href":"https:\/\/www.petteriorpo.fi\/sv\/wp-json\/wp\/v2\/posts\/344\/revisions"}],"predecessor-version":[{"id":1091,"href":"https:\/\/www.petteriorpo.fi\/sv\/wp-json\/wp\/v2\/posts\/344\/revisions\/1091"}],"wp:featuredmedia":[{"embeddable":true,"href":"https:\/\/www.petteriorpo.fi\/sv\/wp-json\/wp\/v2\/media\/293"}],"wp:attachment":[{"href":"https:\/\/www.petteriorpo.fi\/sv\/wp-json\/wp\/v2\/media?parent=344"}],"wp:term":[{"taxonomy":"category","embeddable":true,"href":"https:\/\/www.petteriorpo.fi\/sv\/wp-json\/wp\/v2\/categories?post=344"},{"taxonomy":"post_tag","embeddable":true,"href":"https:\/\/www.petteriorpo.fi\/sv\/wp-json\/wp\/v2\/tags?post=344"}],"curies":[{"name":"wp","href":"https:\/\/api.w.org\/{rel}","templated":true}]}}