{"id":992,"date":"2021-12-22T17:17:46","date_gmt":"2021-12-22T17:17:46","guid":{"rendered":"https:\/\/www.petteriorpo.fi\/?p=957"},"modified":"2023-02-16T16:53:49","modified_gmt":"2023-02-16T16:53:49","slug":"viikkoni-tet-harjoittelijana-eduskunnassa-2","status":"publish","type":"post","link":"https:\/\/www.petteriorpo.fi\/en\/viikkoni-tet-harjoittelijana-eduskunnassa-2\/","title":{"rendered":"Viikkoni TET-harjoittelijana eduskunnassa"},"content":{"rendered":"<p><em>(Benjamin oli Petterin TET-harjoittelijana eduskunnassa marraskuun 2021 lopulla. H\u00e4n kirjoitti oheisen blogin kokemuksestaan)<\/em><\/p>\n<p>Saanen esitell\u00e4 itseni n\u00e4in alkuun: nimeni on Benjamin Vaneeckhout ja kotona It\u00e4-Oulussa minut tunnetaan aktiivisena nuorisovaikuttajana. Minulla oli kunnia toimia puheenjohtaja Petteri Orpon TET-harjoittelijana Eduskuntatalossa 22.-26. marraskuuta.<\/p>\n<p>Ysiluokkalaiselle on luonnollisesti silmi\u00e4 avaava ja mullistava kokemus p\u00e4\u00e4st\u00e4 seuraamaan k\u00e4sivarren mitan (tai aikamme mukaisesti pikemminkin <em>turvav\u00e4lin<\/em>) p\u00e4\u00e4st\u00e4 eduskuntamme toimintaa. Moni kysyi heti matkastani kuullessaan, ett\u00e4 tapaatkohan esim. ministerej\u00e4, ik\u00e4\u00e4n kuin he olisivat tavallista ihmist\u00e4 ylemp\u00e4n\u00e4. Sanoisin kuitenkin, ett\u00e4 tarkkailtuani menoa eduskunnan kuppilassa ja jaariteltuani uuden lempipoliitikkoni (eth\u00e4n pahastu Petteri!) <em>Ben Zyskowiczin<\/em> kanssa nimiemme heprealaisesta alkuper\u00e4st\u00e4, voin todeta, ett\u00e4 kyll\u00e4 hekin aivan tavallisia ihmisi\u00e4 ovat. Olisittepa kuulleet Markus Lohen puujalkavitsej\u00e4, niin uskoisitte! Todettaneen, todettu.<\/p>\n<p>Maanantaina edustajat kiersiv\u00e4t kotimaakuntiaan tekem\u00e4ss\u00e4 paikallista vaikuttajaty\u00f6t\u00e4. Sill\u00e4 v\u00e4lin kiersimme avustaja Alexis Vartiaisen kanssa eduskuntatalossa, ja opin aiheesta ja eduskunnan historiasta enemm\u00e4n kuin kaikista koulukirjoista yhteens\u00e4!<\/p>\n<p>Tiistaina aloitimme p\u00e4iv\u00e4n Suomen Yritt\u00e4jien paneelikeskustelulla. Niinkin tyls\u00e4st\u00e4 aiheesta kuin SOTE saatiin melko kiivasta keskustelua Petterin ja muiden kansanedustajien v\u00e4lill\u00e4. Lopun p\u00e4iv\u00e4\u00e4 kuluikin toimistolla.<\/p>\n<p>Keskiviikkona ty\u00f6sarkaa oli v\u00e4hemm\u00e4n, ja toimistoty\u00f6n ohella alustin av. Vartiaisen ty\u00f6huoneen muuttoa. Iltap\u00e4iv\u00e4ll\u00e4 oppositio esitti v\u00e4likysymyksen Valko-Ven\u00e4j\u00e4n hybriditilanteeseen liittyen. Kokoomuksen Antti H\u00e4kk\u00e4nen puhui juristin elkein, hallituksen edustaja sis\u00e4ministeri Krista Mikkonen (vihr.) sanoi vastaan, Matti Vanhanen (kesk.) my\u00f6t\u00e4ili tapansa mukaan kaikkia muita puhujia ja edustaja Saramo (vas.) puolustautui kiihke\u00e4sti. Tavallinen istunto siis! T\u00e4t\u00e4 kirjoittaessani hallituksen luottamuksesta ei ole viel\u00e4 \u00e4\u00e4nestetty, mutta olisi ihme, mik\u00e4li enemmist\u00f6hallitus ei onnistuisi saamaan eduskunnan enemmist\u00f6\u00e4 taakseen.<\/p>\n<p>Ai niin, keskiviikkona suhailimme my\u00f6s eduskunnan legendaarisella Pater Noster- hissill\u00e4. Benill\u00e4 oli siit\u00e4 hyvi\u00e4 \u201dkauhutarinoita\u201d eduskunnan vieraille, mutta en l\u00e4hde niit\u00e4 t\u00e4ss\u00e4 siteeraamaan.<\/p>\n<p>Torstaina tapahtuikin paljon. Alkuun lounastimme Petterin kanssa, mink\u00e4 j\u00e4lkeen pidimme mediaseurantaistunnon eli luimme maakunnan tuoreimpia lehti\u00e4. T\u00e4m\u00e4n j\u00e4lkeen avustimme Petteri\u00e4 ja Heikki Auttoa Lapin Kokoomusnaisten 60-vuotisjuhlatervehdyksen kuvaamisessa. Iltap\u00e4iv\u00e4ll\u00e4 tutustuimme eduskunnan kuuluisan kuppilan el\u00e4m\u00e4\u00e4n, muutimme Alexiksen ty\u00f6huoneen toiseen kerrokseen ja seurasimme hallituksen kyselytuntia.<\/p>\n<p>T\u00e4m\u00e4 teksti on t\u00e4lt\u00e4 er\u00e4\u00e4 viimeinen teht\u00e4v\u00e4ni eduskunnan TET-harjoittelussa. Olen kuitenkin p\u00e4\u00e4tt\u00e4nyt vakaasti, ett\u00e4 viimeist\u00e4\u00e4n kymmenen vuoden p\u00e4\u00e4st\u00e4 olen vakituisessa ty\u00f6ss\u00e4 talolla. Viikon aikana kasvoi sellainen fiilis, ett\u00e4 t\u00e4t\u00e4 varten olen t\u00e4\u00e4ll\u00e4, enk\u00e4 muuta en\u00e4\u00e4 haluaisikaan tehd\u00e4. Kansanedustajia kehotan pit\u00e4m\u00e4\u00e4n nimeni muistissa &#8211; minusta kuullaan viel\u00e4! \u00a0\ud83d\ude09<\/p>\n<p><em>-Benjamin<\/em><\/p>\n<p>&nbsp;<\/p>","protected":false},"excerpt":{"rendered":"<p>(Benjamin oli Petterin TET-harjoittelijana eduskunnassa marraskuun 2021 lopulla. H\u00e4n kirjoitti oheisen blogin kokemuksestaan) Saanen esitell\u00e4 itseni n\u00e4in alkuun: nimeni on Benjamin Vaneeckhout ja kotona It\u00e4-Oulussa minut tunnetaan aktiivisena nuorisovaikuttajana. Minulla oli kunnia toimia puheenjohtaja Petteri Orpon TET-harjoittelijana Eduskuntatalossa 22.-26. marraskuuta. Ysiluokkalaiselle on luonnollisesti silmi\u00e4 avaava ja mullistava kokemus p\u00e4\u00e4st\u00e4 seuraamaan k\u00e4sivarren mitan (tai aikamme mukaisesti [&hellip;]<\/p>","protected":false},"author":1,"featured_media":1127,"comment_status":"open","ping_status":"open","sticky":false,"template":"","format":"standard","meta":{"footnotes":""},"categories":[6],"tags":[314,315],"class_list":["post-992","post","type-post","status-publish","format-standard","has-post-thumbnail","hentry","category-blogi","tag-tet","tag-tet-harjoittelu"],"yoast_head":"<!-- This site is optimized with the Yoast SEO plugin v26.0 - https:\/\/yoast.com\/wordpress\/plugins\/seo\/ -->\n<title>Viikkoni TET-harjoittelijana eduskunnassa - Petteri Orpo<\/title>\n<meta name=\"robots\" content=\"index, follow, max-snippet:-1, max-image-preview:large, max-video-preview:-1\" \/>\n<link rel=\"canonical\" href=\"https:\/\/www.petteriorpo.fi\/en\/viikkoni-tet-harjoittelijana-eduskunnassa-2\/\" \/>\n<meta property=\"og:locale\" content=\"en_GB\" \/>\n<meta property=\"og:type\" content=\"article\" \/>\n<meta property=\"og:title\" content=\"Viikkoni TET-harjoittelijana eduskunnassa - Petteri Orpo\" \/>\n<meta property=\"og:description\" content=\"(Benjamin oli Petterin TET-harjoittelijana eduskunnassa marraskuun 2021 lopulla. H\u00e4n kirjoitti oheisen blogin kokemuksestaan) Saanen esitell\u00e4 itseni n\u00e4in alkuun: nimeni on Benjamin Vaneeckhout ja kotona It\u00e4-Oulussa minut tunnetaan aktiivisena nuorisovaikuttajana. Minulla oli kunnia toimia puheenjohtaja Petteri Orpon TET-harjoittelijana Eduskuntatalossa 22.-26. marraskuuta. Ysiluokkalaiselle on luonnollisesti silmi\u00e4 avaava ja mullistava kokemus p\u00e4\u00e4st\u00e4 seuraamaan k\u00e4sivarren mitan (tai aikamme mukaisesti [&hellip;]\" \/>\n<meta property=\"og:url\" content=\"https:\/\/www.petteriorpo.fi\/en\/viikkoni-tet-harjoittelijana-eduskunnassa-2\/\" \/>\n<meta property=\"og:site_name\" content=\"Petteri Orpo\" \/>\n<meta property=\"article:published_time\" content=\"2021-12-22T17:17:46+00:00\" \/>\n<meta property=\"article:modified_time\" content=\"2023-02-16T16:53:49+00:00\" \/>\n<meta property=\"og:image\" content=\"https:\/\/www.petteriorpo.fi\/wp-content\/uploads\/2021\/12\/Benjamin-PO-kuva-scaled-1.jpg\" \/>\n\t<meta property=\"og:image:width\" content=\"2048\" \/>\n\t<meta property=\"og:image:height\" content=\"1536\" \/>\n\t<meta property=\"og:image:type\" content=\"image\/jpeg\" \/>\n<meta name=\"author\" content=\"admin\" \/>\n<meta name=\"twitter:card\" content=\"summary_large_image\" \/>\n<meta name=\"twitter:label1\" content=\"Written by\" \/>\n\t<meta name=\"twitter:data1\" content=\"admin\" \/>\n\t<meta name=\"twitter:label2\" content=\"Estimated reading time\" \/>\n\t<meta name=\"twitter:data2\" content=\"2 minutes\" \/>\n<script type=\"application\/ld+json\" class=\"yoast-schema-graph\">{\"@context\":\"https:\/\/schema.org\",\"@graph\":[{\"@type\":\"Article\",\"@id\":\"https:\/\/www.petteriorpo.fi\/en\/viikkoni-tet-harjoittelijana-eduskunnassa-2\/#article\",\"isPartOf\":{\"@id\":\"https:\/\/www.petteriorpo.fi\/en\/viikkoni-tet-harjoittelijana-eduskunnassa-2\/\"},\"author\":{\"name\":\"admin\",\"@id\":\"https:\/\/www.petteriorpo.fi\/#\/schema\/person\/269837cd998a58c819bee3941bc2d2b9\"},\"headline\":\"Viikkoni TET-harjoittelijana eduskunnassa\",\"datePublished\":\"2021-12-22T17:17:46+00:00\",\"dateModified\":\"2023-02-16T16:53:49+00:00\",\"mainEntityOfPage\":{\"@id\":\"https:\/\/www.petteriorpo.fi\/en\/viikkoni-tet-harjoittelijana-eduskunnassa-2\/\"},\"wordCount\":415,\"commentCount\":0,\"publisher\":{\"@id\":\"https:\/\/www.petteriorpo.fi\/#organization\"},\"image\":{\"@id\":\"https:\/\/www.petteriorpo.fi\/en\/viikkoni-tet-harjoittelijana-eduskunnassa-2\/#primaryimage\"},\"thumbnailUrl\":\"https:\/\/www.petteriorpo.fi\/wp-content\/uploads\/2021\/12\/Benjamin-PO-kuva-scaled-1.jpg\",\"keywords\":[\"TET\",\"TET-harjoittelu\"],\"articleSection\":[\"Blogi\"],\"inLanguage\":\"en-GB\",\"potentialAction\":[{\"@type\":\"CommentAction\",\"name\":\"Comment\",\"target\":[\"https:\/\/www.petteriorpo.fi\/en\/viikkoni-tet-harjoittelijana-eduskunnassa-2\/#respond\"]}]},{\"@type\":\"WebPage\",\"@id\":\"https:\/\/www.petteriorpo.fi\/en\/viikkoni-tet-harjoittelijana-eduskunnassa-2\/\",\"url\":\"https:\/\/www.petteriorpo.fi\/en\/viikkoni-tet-harjoittelijana-eduskunnassa-2\/\",\"name\":\"Viikkoni TET-harjoittelijana eduskunnassa - Petteri Orpo\",\"isPartOf\":{\"@id\":\"https:\/\/www.petteriorpo.fi\/#website\"},\"primaryImageOfPage\":{\"@id\":\"https:\/\/www.petteriorpo.fi\/en\/viikkoni-tet-harjoittelijana-eduskunnassa-2\/#primaryimage\"},\"image\":{\"@id\":\"https:\/\/www.petteriorpo.fi\/en\/viikkoni-tet-harjoittelijana-eduskunnassa-2\/#primaryimage\"},\"thumbnailUrl\":\"https:\/\/www.petteriorpo.fi\/wp-content\/uploads\/2021\/12\/Benjamin-PO-kuva-scaled-1.jpg\",\"datePublished\":\"2021-12-22T17:17:46+00:00\",\"dateModified\":\"2023-02-16T16:53:49+00:00\",\"breadcrumb\":{\"@id\":\"https:\/\/www.petteriorpo.fi\/en\/viikkoni-tet-harjoittelijana-eduskunnassa-2\/#breadcrumb\"},\"inLanguage\":\"en-GB\",\"potentialAction\":[{\"@type\":\"ReadAction\",\"target\":[\"https:\/\/www.petteriorpo.fi\/en\/viikkoni-tet-harjoittelijana-eduskunnassa-2\/\"]}]},{\"@type\":\"ImageObject\",\"inLanguage\":\"en-GB\",\"@id\":\"https:\/\/www.petteriorpo.fi\/en\/viikkoni-tet-harjoittelijana-eduskunnassa-2\/#primaryimage\",\"url\":\"https:\/\/www.petteriorpo.fi\/wp-content\/uploads\/2021\/12\/Benjamin-PO-kuva-scaled-1.jpg\",\"contentUrl\":\"https:\/\/www.petteriorpo.fi\/wp-content\/uploads\/2021\/12\/Benjamin-PO-kuva-scaled-1.jpg\",\"width\":2048,\"height\":1536,\"caption\":\"Benjamin PO TET\"},{\"@type\":\"BreadcrumbList\",\"@id\":\"https:\/\/www.petteriorpo.fi\/en\/viikkoni-tet-harjoittelijana-eduskunnassa-2\/#breadcrumb\",\"itemListElement\":[{\"@type\":\"ListItem\",\"position\":1,\"name\":\"Etusivu\",\"item\":\"https:\/\/www.petteriorpo.fi\/\"},{\"@type\":\"ListItem\",\"position\":2,\"name\":\"Viikkoni TET-harjoittelijana eduskunnassa\"}]},{\"@type\":\"WebSite\",\"@id\":\"https:\/\/www.petteriorpo.fi\/#website\",\"url\":\"https:\/\/www.petteriorpo.fi\/\",\"name\":\"Petteri Orpo\",\"description\":\"Yhdess&auml; tehden eteenp&auml;in\",\"publisher\":{\"@id\":\"https:\/\/www.petteriorpo.fi\/#organization\"},\"potentialAction\":[{\"@type\":\"SearchAction\",\"target\":{\"@type\":\"EntryPoint\",\"urlTemplate\":\"https:\/\/www.petteriorpo.fi\/?s={search_term_string}\"},\"query-input\":{\"@type\":\"PropertyValueSpecification\",\"valueRequired\":true,\"valueName\":\"search_term_string\"}}],\"inLanguage\":\"en-GB\"},{\"@type\":\"Organization\",\"@id\":\"https:\/\/www.petteriorpo.fi\/#organization\",\"name\":\"Petteri Orpo\",\"url\":\"https:\/\/www.petteriorpo.fi\/\",\"logo\":{\"@type\":\"ImageObject\",\"inLanguage\":\"en-GB\",\"@id\":\"https:\/\/www.petteriorpo.fi\/#\/schema\/logo\/image\/\",\"url\":\"https:\/\/www.petteriorpo.fi\/wp-content\/uploads\/2022\/08\/logo_orpo.png\",\"contentUrl\":\"https:\/\/www.petteriorpo.fi\/wp-content\/uploads\/2022\/08\/logo_orpo.png\",\"width\":114,\"height\":120,\"caption\":\"Petteri Orpo\"},\"image\":{\"@id\":\"https:\/\/www.petteriorpo.fi\/#\/schema\/logo\/image\/\"}},{\"@type\":\"Person\",\"@id\":\"https:\/\/www.petteriorpo.fi\/#\/schema\/person\/269837cd998a58c819bee3941bc2d2b9\",\"name\":\"admin\",\"image\":{\"@type\":\"ImageObject\",\"inLanguage\":\"en-GB\",\"@id\":\"https:\/\/www.petteriorpo.fi\/#\/schema\/person\/image\/\",\"url\":\"https:\/\/secure.gravatar.com\/avatar\/e3534ba089e9f56595220762a1371e56?s=96&d=mm&r=g\",\"contentUrl\":\"https:\/\/secure.gravatar.com\/avatar\/e3534ba089e9f56595220762a1371e56?s=96&d=mm&r=g\",\"caption\":\"admin\"},\"sameAs\":[\"https:\/\/www.petteriorpo.fi\"],\"url\":\"https:\/\/www.petteriorpo.fi\/en\/author\/admin\/\"}]}<\/script>\n<!-- \/ Yoast SEO plugin. -->","yoast_head_json":{"title":"Viikkoni TET-harjoittelijana eduskunnassa - Petteri Orpo","robots":{"index":"index","follow":"follow","max-snippet":"max-snippet:-1","max-image-preview":"max-image-preview:large","max-video-preview":"max-video-preview:-1"},"canonical":"https:\/\/www.petteriorpo.fi\/en\/viikkoni-tet-harjoittelijana-eduskunnassa-2\/","og_locale":"en_GB","og_type":"article","og_title":"Viikkoni TET-harjoittelijana eduskunnassa - Petteri Orpo","og_description":"(Benjamin oli Petterin TET-harjoittelijana eduskunnassa marraskuun 2021 lopulla. H\u00e4n kirjoitti oheisen blogin kokemuksestaan) Saanen esitell\u00e4 itseni n\u00e4in alkuun: nimeni on Benjamin Vaneeckhout ja kotona It\u00e4-Oulussa minut tunnetaan aktiivisena nuorisovaikuttajana. Minulla oli kunnia toimia puheenjohtaja Petteri Orpon TET-harjoittelijana Eduskuntatalossa 22.-26. marraskuuta. Ysiluokkalaiselle on luonnollisesti silmi\u00e4 avaava ja mullistava kokemus p\u00e4\u00e4st\u00e4 seuraamaan k\u00e4sivarren mitan (tai aikamme mukaisesti [&hellip;]","og_url":"https:\/\/www.petteriorpo.fi\/en\/viikkoni-tet-harjoittelijana-eduskunnassa-2\/","og_site_name":"Petteri Orpo","article_published_time":"2021-12-22T17:17:46+00:00","article_modified_time":"2023-02-16T16:53:49+00:00","og_image":[{"width":2048,"height":1536,"url":"https:\/\/www.petteriorpo.fi\/wp-content\/uploads\/2021\/12\/Benjamin-PO-kuva-scaled-1.jpg","type":"image\/jpeg"}],"author":"admin","twitter_card":"summary_large_image","twitter_misc":{"Written by":"admin","Estimated reading time":"2 minutes"},"schema":{"@context":"https:\/\/schema.org","@graph":[{"@type":"Article","@id":"https:\/\/www.petteriorpo.fi\/en\/viikkoni-tet-harjoittelijana-eduskunnassa-2\/#article","isPartOf":{"@id":"https:\/\/www.petteriorpo.fi\/en\/viikkoni-tet-harjoittelijana-eduskunnassa-2\/"},"author":{"name":"admin","@id":"https:\/\/www.petteriorpo.fi\/#\/schema\/person\/269837cd998a58c819bee3941bc2d2b9"},"headline":"Viikkoni TET-harjoittelijana eduskunnassa","datePublished":"2021-12-22T17:17:46+00:00","dateModified":"2023-02-16T16:53:49+00:00","mainEntityOfPage":{"@id":"https:\/\/www.petteriorpo.fi\/en\/viikkoni-tet-harjoittelijana-eduskunnassa-2\/"},"wordCount":415,"commentCount":0,"publisher":{"@id":"https:\/\/www.petteriorpo.fi\/#organization"},"image":{"@id":"https:\/\/www.petteriorpo.fi\/en\/viikkoni-tet-harjoittelijana-eduskunnassa-2\/#primaryimage"},"thumbnailUrl":"https:\/\/www.petteriorpo.fi\/wp-content\/uploads\/2021\/12\/Benjamin-PO-kuva-scaled-1.jpg","keywords":["TET","TET-harjoittelu"],"articleSection":["Blogi"],"inLanguage":"en-GB","potentialAction":[{"@type":"CommentAction","name":"Comment","target":["https:\/\/www.petteriorpo.fi\/en\/viikkoni-tet-harjoittelijana-eduskunnassa-2\/#respond"]}]},{"@type":"WebPage","@id":"https:\/\/www.petteriorpo.fi\/en\/viikkoni-tet-harjoittelijana-eduskunnassa-2\/","url":"https:\/\/www.petteriorpo.fi\/en\/viikkoni-tet-harjoittelijana-eduskunnassa-2\/","name":"Viikkoni TET-harjoittelijana eduskunnassa - Petteri Orpo","isPartOf":{"@id":"https:\/\/www.petteriorpo.fi\/#website"},"primaryImageOfPage":{"@id":"https:\/\/www.petteriorpo.fi\/en\/viikkoni-tet-harjoittelijana-eduskunnassa-2\/#primaryimage"},"image":{"@id":"https:\/\/www.petteriorpo.fi\/en\/viikkoni-tet-harjoittelijana-eduskunnassa-2\/#primaryimage"},"thumbnailUrl":"https:\/\/www.petteriorpo.fi\/wp-content\/uploads\/2021\/12\/Benjamin-PO-kuva-scaled-1.jpg","datePublished":"2021-12-22T17:17:46+00:00","dateModified":"2023-02-16T16:53:49+00:00","breadcrumb":{"@id":"https:\/\/www.petteriorpo.fi\/en\/viikkoni-tet-harjoittelijana-eduskunnassa-2\/#breadcrumb"},"inLanguage":"en-GB","potentialAction":[{"@type":"ReadAction","target":["https:\/\/www.petteriorpo.fi\/en\/viikkoni-tet-harjoittelijana-eduskunnassa-2\/"]}]},{"@type":"ImageObject","inLanguage":"en-GB","@id":"https:\/\/www.petteriorpo.fi\/en\/viikkoni-tet-harjoittelijana-eduskunnassa-2\/#primaryimage","url":"https:\/\/www.petteriorpo.fi\/wp-content\/uploads\/2021\/12\/Benjamin-PO-kuva-scaled-1.jpg","contentUrl":"https:\/\/www.petteriorpo.fi\/wp-content\/uploads\/2021\/12\/Benjamin-PO-kuva-scaled-1.jpg","width":2048,"height":1536,"caption":"Benjamin PO TET"},{"@type":"BreadcrumbList","@id":"https:\/\/www.petteriorpo.fi\/en\/viikkoni-tet-harjoittelijana-eduskunnassa-2\/#breadcrumb","itemListElement":[{"@type":"ListItem","position":1,"name":"Etusivu","item":"https:\/\/www.petteriorpo.fi\/"},{"@type":"ListItem","position":2,"name":"Viikkoni TET-harjoittelijana eduskunnassa"}]},{"@type":"WebSite","@id":"https:\/\/www.petteriorpo.fi\/#website","url":"https:\/\/www.petteriorpo.fi\/","name":"Petteri Orpo","description":"Yhdess&auml; tehden eteenp&auml;in","publisher":{"@id":"https:\/\/www.petteriorpo.fi\/#organization"},"potentialAction":[{"@type":"SearchAction","target":{"@type":"EntryPoint","urlTemplate":"https:\/\/www.petteriorpo.fi\/?s={search_term_string}"},"query-input":{"@type":"PropertyValueSpecification","valueRequired":true,"valueName":"search_term_string"}}],"inLanguage":"en-GB"},{"@type":"Organization","@id":"https:\/\/www.petteriorpo.fi\/#organization","name":"Petteri Orpo","url":"https:\/\/www.petteriorpo.fi\/","logo":{"@type":"ImageObject","inLanguage":"en-GB","@id":"https:\/\/www.petteriorpo.fi\/#\/schema\/logo\/image\/","url":"https:\/\/www.petteriorpo.fi\/wp-content\/uploads\/2022\/08\/logo_orpo.png","contentUrl":"https:\/\/www.petteriorpo.fi\/wp-content\/uploads\/2022\/08\/logo_orpo.png","width":114,"height":120,"caption":"Petteri Orpo"},"image":{"@id":"https:\/\/www.petteriorpo.fi\/#\/schema\/logo\/image\/"}},{"@type":"Person","@id":"https:\/\/www.petteriorpo.fi\/#\/schema\/person\/269837cd998a58c819bee3941bc2d2b9","name":"admin","image":{"@type":"ImageObject","inLanguage":"en-GB","@id":"https:\/\/www.petteriorpo.fi\/#\/schema\/person\/image\/","url":"https:\/\/secure.gravatar.com\/avatar\/e3534ba089e9f56595220762a1371e56?s=96&d=mm&r=g","contentUrl":"https:\/\/secure.gravatar.com\/avatar\/e3534ba089e9f56595220762a1371e56?s=96&d=mm&r=g","caption":"admin"},"sameAs":["https:\/\/www.petteriorpo.fi"],"url":"https:\/\/www.petteriorpo.fi\/en\/author\/admin\/"}]}},"_links":{"self":[{"href":"https:\/\/www.petteriorpo.fi\/en\/wp-json\/wp\/v2\/posts\/992","targetHints":{"allow":["GET"]}}],"collection":[{"href":"https:\/\/www.petteriorpo.fi\/en\/wp-json\/wp\/v2\/posts"}],"about":[{"href":"https:\/\/www.petteriorpo.fi\/en\/wp-json\/wp\/v2\/types\/post"}],"author":[{"embeddable":true,"href":"https:\/\/www.petteriorpo.fi\/en\/wp-json\/wp\/v2\/users\/1"}],"replies":[{"embeddable":true,"href":"https:\/\/www.petteriorpo.fi\/en\/wp-json\/wp\/v2\/comments?post=992"}],"version-history":[{"count":1,"href":"https:\/\/www.petteriorpo.fi\/en\/wp-json\/wp\/v2\/posts\/992\/revisions"}],"predecessor-version":[{"id":996,"href":"https:\/\/www.petteriorpo.fi\/en\/wp-json\/wp\/v2\/posts\/992\/revisions\/996"}],"wp:featuredmedia":[{"embeddable":true,"href":"https:\/\/www.petteriorpo.fi\/en\/wp-json\/wp\/v2\/media\/1127"}],"wp:attachment":[{"href":"https:\/\/www.petteriorpo.fi\/en\/wp-json\/wp\/v2\/media?parent=992"}],"wp:term":[{"taxonomy":"category","embeddable":true,"href":"https:\/\/www.petteriorpo.fi\/en\/wp-json\/wp\/v2\/categories?post=992"},{"taxonomy":"post_tag","embeddable":true,"href":"https:\/\/www.petteriorpo.fi\/en\/wp-json\/wp\/v2\/tags?post=992"}],"curies":[{"name":"wp","href":"https:\/\/api.w.org\/{rel}","templated":true}]}}