{"id":988,"date":"2021-02-01T08:51:16","date_gmt":"2021-02-01T06:51:16","guid":{"rendered":"https:\/\/www.petteriorpo.fi\/?p=933"},"modified":"2023-02-16T16:48:50","modified_gmt":"2023-02-16T16:48:50","slug":"metsanomistajan-on-saatava-valita","status":"publish","type":"post","link":"https:\/\/www.petteriorpo.fi\/en\/metsanomistajan-on-saatava-valita\/","title":{"rendered":"Mets\u00e4nomistajan on saatava valita"},"content":{"rendered":"<div class=\"layout__article-area__top-content layout__article-area__top-content--editorial\">\n<div class=\"editorial-text-container\">\n<div class=\"editorial-heading\">\n<h1 class=\"article__h1\"><span class=\"article__meta-row__category\" style=\"font-size: 16px;\">(Julkaistu Maaseudun Tulevaisuuden kolumnina<\/span><span style=\"font-size: 16px;\">\u00a0<\/span><span class=\"article__meta-row__date\" style=\"font-size: 16px;\">18.11.2020)<\/span><\/h1>\n<\/div>\n<\/div>\n<\/div>\n<div id=\"article_content\" class=\"layout__article-area__text-content\">\n<p>Olen p\u00e4\u00e4ssyt omistamaan v\u00e4lillisesti mets\u00e4\u00e4 vaimoni suvun mailla Kainuussa. Kulkiessani eri kasvuvaiheessa olevilla mets\u00e4lohkoilla, keskell\u00e4 hirvien ja majavien tekemi\u00e4 tuhoja, minulle on k\u00e4ynyt selv\u00e4ksi, miten mets\u00e4nomistajat joutuvat tekem\u00e4\u00e4n omaisuuttaan koskevia p\u00e4\u00e4t\u00f6ksi\u00e4 paikallisten olosuhteiden ehdoilla.<\/p>\n<p>Mets\u00e4nomistajan on saatava valita mets\u00e4nhoitomenetelm\u00e4ns\u00e4.<\/p>\n<p>&nbsp;<\/p>\n<p>Olen ihmetellyt keskustelua kokoomuksen mets\u00e4politiikan linjasta. Siin\u00e4 ei ole mit\u00e4\u00e4n ep\u00e4selv\u00e4\u00e4. Kokoomus kannattaa metsien monipuolista k\u00e4ytt\u00f6\u00e4. Metsien k\u00e4ytt\u00f6\u00f6n, hoitoon ja suojeluun liittyv\u00e4t tavoitteet ovat kaikki yhteen sovitettavissa.<\/p>\n<p>Vuonna 2014 maa- ja mets\u00e4talousministerin\u00e4 esittelem\u00e4ni mets\u00e4laki mahdollistaa metsien kasvatusmenetelm\u00e4n valinnan vapaasti.<\/p>\n<p>Suomen mets\u00e4t ovat satojen tuhansien yksityisten mets\u00e4nomistajien omaisuutta. Jokaisella mets\u00e4nomistajalla on omat mieltymyksens\u00e4 ja arvionsa hyv\u00e4st\u00e4 mets\u00e4nhoidosta. Puunmyynti on merkitt\u00e4v\u00e4 tulonl\u00e4hde, mutta my\u00f6s luontoarvot ja virkistysmahdollisuudet ovat t\u00e4rkeit\u00e4.<\/p>\n<p>Kyse on kokonaisuudesta, jossa valitaan kohteeseen ja mets\u00e4nomistajan tavoitteisiin sopiva ratkaisu.<\/p>\n<div class=\"promo ads__banner--responsive col-large-12 col-medium-12 col-small-12 show-for-small-up\"><\/div>\n<p>Vuonna 2014 hyv\u00e4ksytyss\u00e4 mets\u00e4laissa yhdistyv\u00e4t kest\u00e4v\u00e4 mets\u00e4nhoito, mets\u00e4nomistajan vapaus ja vastuu, kansantalouden tarpeet sek\u00e4 luonnon monimuotoisuuden suojelu. Laki oli edistyksellinen ja ministeri\u00f6 valmisteli sit\u00e4 laajasti sidosryhmien kanssa. Kokoomuksen rooli oli keskeinen lain sis\u00e4lt\u00f6linjauksissa, sill\u00e4 sen valmistelun oli aloittanut oivallinen edelt\u00e4j\u00e4ni Jari Koskinen.<\/p>\n<p>Mets\u00e4laki antoi mets\u00e4nomistajille vapautta metsiens\u00e4 k\u00e4sittelyyn. Joillekin mets\u00e4nomistajille ja kasvupaikoille sopii paremmin jatkuva kasvatus ja joillekin avohakkuu. Avohakkuita tehd\u00e4\u00e4n kohdennetusti alle yhdelle prosentille mets\u00e4pinta-alasta. Tilalle kasvatetaan uusi mets\u00e4.<\/p>\n<div class=\"article__spacer\"><\/div>\n<p>Jatkuva kasvatus on ollut sallittua muutaman vuoden. Se t\u00e4ydent\u00e4\u00e4 valikoimaa ja voi olla joskus sopiva menetelm\u00e4, ainoana toimintamallina se ei mielest\u00e4ni ole perusteltu. Mets\u00e4nomistajan pit\u00e4\u00e4 saada valita, ja sen esittelem\u00e4ni mets\u00e4laki mahdollistaa.<\/p>\n<p>Talousmetsien monimuotoisuus turvataan lains\u00e4\u00e4d\u00e4nn\u00f6ll\u00e4 ja noudattamalla hyv\u00e4n mets\u00e4nhoidon suosituksia ja mets\u00e4sertifioinnin kriteerej\u00e4.<\/p>\n<p>Kaikissa mets\u00e4nk\u00e4sittelymuodoissa pit\u00e4\u00e4 varmistaa, ett\u00e4 monimuotoisuuden kannalta t\u00e4rke\u00e4\u00e4 lahopuuta j\u00e4tet\u00e4\u00e4n mets\u00e4\u00e4n riitt\u00e4v\u00e4sti, ja ett\u00e4 sekakasvustoja suositaan nykyist\u00e4 enemm\u00e4n, kuten tutkijat suosittelevat.<\/p>\n<div class=\"article__spacer\"><\/div>\n<p>Hyv\u00e4 tavoite tietenkin on, ett\u00e4 puut saisivat j\u00e4reyty\u00e4 muutaman vuoden nykyist\u00e4 pidemp\u00e4\u00e4n. Mets\u00e4nomistajan lompakko ja ilmasto kiitt\u00e4isiv\u00e4t.<\/p>\n<p>Sertifikaattien lis\u00e4ksi tarvitaan uusia palveluita ja tuotteita, jotka k\u00e4tev\u00e4sti yhdist\u00e4v\u00e4t kest\u00e4v\u00e4n ja luonnon monimuotoisuutta tukevan mets\u00e4nhoidon mets\u00e4nomistajan rahallisiin tavoitteisiin.<\/p>\n<p>Suomi on edell\u00e4k\u00e4vij\u00e4 metsien kest\u00e4v\u00e4ss\u00e4 ja vastuullisessa k\u00e4yt\u00f6ss\u00e4, joka on avainasemassa my\u00f6s kest\u00e4v\u00e4n kehityksen tavoitteiden saavuttamisessa.<\/p>\n<p>Kokoomus tukee Etel\u00e4-Suomen metsien monimuotoisuuden toimintaohjelmaa eli Metso-ohjelmaa. Me uskomme mets\u00e4nomistajan vastuunkantoon luonnon monimuotoisuuden turvaamisessa.<\/p>\n<p>Kest\u00e4v\u00e4ss\u00e4 mets\u00e4nhoidossa luontoarvot ja puuntuotanto ovat tasapainossa. Suomalainen mets\u00e4nhoito on maailman parasta, ja Suomen mets\u00e4t kasvavat paremmin kuin koskaan. Meid\u00e4n mets\u00e4varatietoihin sek\u00e4 metsien ja puutuotteiden hiilivirtoihin liittyv\u00e4 osaamisemme voi edesauttaa soveltuvien ohjauskeinojen k\u00e4ytt\u00f6\u00f6nottoa maailmanlaajuisesti.<\/p>\n<p>Kaikki n\u00e4m\u00e4 linjaukset on hyv\u00e4ksytty puoluekokouksessa ja muissa kokoomuksen p\u00e4\u00e4t\u00f6ksentekoelimiss\u00e4. T\u00e4llaista mets\u00e4politiikkaa me ajamme.<\/p>\n<div class=\"promo col-large-12 col-medium-12 col-small-12 show-for-medium-up\"><\/div>\n<p><i>Kirjoittaja on kokoomuksen puheenjohtaja ja kansanedustaja.<\/i><\/p>\n<\/div>","protected":false},"excerpt":{"rendered":"<p>(Julkaistu Maaseudun Tulevaisuuden kolumnina\u00a018.11.2020) Olen p\u00e4\u00e4ssyt omistamaan v\u00e4lillisesti mets\u00e4\u00e4 vaimoni suvun mailla Kainuussa. Kulkiessani eri kasvuvaiheessa olevilla mets\u00e4lohkoilla, keskell\u00e4 hirvien ja majavien tekemi\u00e4 tuhoja, minulle on k\u00e4ynyt selv\u00e4ksi, miten mets\u00e4nomistajat joutuvat tekem\u00e4\u00e4n omaisuuttaan koskevia p\u00e4\u00e4t\u00f6ksi\u00e4 paikallisten olosuhteiden ehdoilla. Mets\u00e4nomistajan on saatava valita mets\u00e4nhoitomenetelm\u00e4ns\u00e4. &nbsp; Olen ihmetellyt keskustelua kokoomuksen mets\u00e4politiikan linjasta. Siin\u00e4 ei ole mit\u00e4\u00e4n ep\u00e4selv\u00e4\u00e4. [&hellip;]<\/p>","protected":false},"author":1,"featured_media":888,"comment_status":"open","ping_status":"open","sticky":false,"template":"","format":"standard","meta":{"footnotes":""},"categories":[6],"tags":[300,152,301,302,249,212,176],"class_list":["post-988","post","type-post","status-publish","format-standard","has-post-thumbnail","hentry","category-blogi","tag-maa-ja-metsatalousministeri","tag-maaseudun-tulevaisuus","tag-metsalaki","tag-metsanhoito","tag-metsapolitiikka","tag-mmm","tag-mt"],"yoast_head":"<!-- This site is optimized with the Yoast SEO plugin v26.0 - https:\/\/yoast.com\/wordpress\/plugins\/seo\/ -->\n<title>Mets\u00e4nomistajan on saatava valita - Petteri Orpo<\/title>\n<meta name=\"robots\" content=\"index, follow, max-snippet:-1, max-image-preview:large, max-video-preview:-1\" \/>\n<link rel=\"canonical\" href=\"https:\/\/www.petteriorpo.fi\/en\/metsanomistajan-on-saatava-valita\/\" \/>\n<meta property=\"og:locale\" content=\"en_GB\" \/>\n<meta property=\"og:type\" content=\"article\" \/>\n<meta property=\"og:title\" content=\"Mets\u00e4nomistajan on saatava valita - Petteri Orpo\" \/>\n<meta property=\"og:description\" content=\"(Julkaistu Maaseudun Tulevaisuuden kolumnina\u00a018.11.2020) Olen p\u00e4\u00e4ssyt omistamaan v\u00e4lillisesti mets\u00e4\u00e4 vaimoni suvun mailla Kainuussa. Kulkiessani eri kasvuvaiheessa olevilla mets\u00e4lohkoilla, keskell\u00e4 hirvien ja majavien tekemi\u00e4 tuhoja, minulle on k\u00e4ynyt selv\u00e4ksi, miten mets\u00e4nomistajat joutuvat tekem\u00e4\u00e4n omaisuuttaan koskevia p\u00e4\u00e4t\u00f6ksi\u00e4 paikallisten olosuhteiden ehdoilla. Mets\u00e4nomistajan on saatava valita mets\u00e4nhoitomenetelm\u00e4ns\u00e4. &nbsp; Olen ihmetellyt keskustelua kokoomuksen mets\u00e4politiikan linjasta. Siin\u00e4 ei ole mit\u00e4\u00e4n ep\u00e4selv\u00e4\u00e4. [&hellip;]\" \/>\n<meta property=\"og:url\" content=\"https:\/\/www.petteriorpo.fi\/en\/metsanomistajan-on-saatava-valita\/\" \/>\n<meta property=\"og:site_name\" content=\"Petteri Orpo\" \/>\n<meta property=\"article:published_time\" content=\"2021-02-01T06:51:16+00:00\" \/>\n<meta property=\"article:modified_time\" content=\"2023-02-16T16:48:50+00:00\" \/>\n<meta property=\"og:image\" content=\"https:\/\/www.petteriorpo.fi\/wp-content\/uploads\/2020\/06\/WhatsApp-Image-2020-06-12-at-13.30.13-1.jpeg\" \/>\n\t<meta property=\"og:image:width\" content=\"1598\" \/>\n\t<meta property=\"og:image:height\" content=\"1200\" \/>\n\t<meta property=\"og:image:type\" content=\"image\/jpeg\" \/>\n<meta name=\"author\" content=\"admin\" \/>\n<meta name=\"twitter:card\" content=\"summary_large_image\" \/>\n<meta name=\"twitter:label1\" content=\"Written by\" \/>\n\t<meta name=\"twitter:data1\" content=\"admin\" \/>\n\t<meta name=\"twitter:label2\" content=\"Estimated reading time\" \/>\n\t<meta name=\"twitter:data2\" content=\"2 minutes\" \/>\n<script type=\"application\/ld+json\" class=\"yoast-schema-graph\">{\"@context\":\"https:\/\/schema.org\",\"@graph\":[{\"@type\":\"Article\",\"@id\":\"https:\/\/www.petteriorpo.fi\/sv\/metsanomistajan-on-saatava-valita\/#article\",\"isPartOf\":{\"@id\":\"https:\/\/www.petteriorpo.fi\/sv\/metsanomistajan-on-saatava-valita\/\"},\"author\":{\"name\":\"admin\",\"@id\":\"https:\/\/www.petteriorpo.fi\/#\/schema\/person\/269837cd998a58c819bee3941bc2d2b9\"},\"headline\":\"Mets\u00e4nomistajan on saatava valita\",\"datePublished\":\"2021-02-01T06:51:16+00:00\",\"dateModified\":\"2023-02-16T16:48:50+00:00\",\"mainEntityOfPage\":{\"@id\":\"https:\/\/www.petteriorpo.fi\/sv\/metsanomistajan-on-saatava-valita\/\"},\"wordCount\":490,\"commentCount\":0,\"publisher\":{\"@id\":\"https:\/\/www.petteriorpo.fi\/#organization\"},\"image\":{\"@id\":\"https:\/\/www.petteriorpo.fi\/sv\/metsanomistajan-on-saatava-valita\/#primaryimage\"},\"thumbnailUrl\":\"https:\/\/www.petteriorpo.fi\/wp-content\/uploads\/2020\/06\/WhatsApp-Image-2020-06-12-at-13.30.13-1.jpeg\",\"keywords\":[\"maa- ja mets\u00e4talousministeri\",\"Maaseudun Tulevaisuus\",\"mets\u00e4laki\",\"mets\u00e4nhoito\",\"mets\u00e4politiikka\",\"MMM\",\"MT\"],\"articleSection\":[\"Blogi\"],\"inLanguage\":\"en-GB\",\"potentialAction\":[{\"@type\":\"CommentAction\",\"name\":\"Comment\",\"target\":[\"https:\/\/www.petteriorpo.fi\/sv\/metsanomistajan-on-saatava-valita\/#respond\"]}]},{\"@type\":\"WebPage\",\"@id\":\"https:\/\/www.petteriorpo.fi\/sv\/metsanomistajan-on-saatava-valita\/\",\"url\":\"https:\/\/www.petteriorpo.fi\/sv\/metsanomistajan-on-saatava-valita\/\",\"name\":\"Mets\u00e4nomistajan on saatava valita - Petteri Orpo\",\"isPartOf\":{\"@id\":\"https:\/\/www.petteriorpo.fi\/#website\"},\"primaryImageOfPage\":{\"@id\":\"https:\/\/www.petteriorpo.fi\/sv\/metsanomistajan-on-saatava-valita\/#primaryimage\"},\"image\":{\"@id\":\"https:\/\/www.petteriorpo.fi\/sv\/metsanomistajan-on-saatava-valita\/#primaryimage\"},\"thumbnailUrl\":\"https:\/\/www.petteriorpo.fi\/wp-content\/uploads\/2020\/06\/WhatsApp-Image-2020-06-12-at-13.30.13-1.jpeg\",\"datePublished\":\"2021-02-01T06:51:16+00:00\",\"dateModified\":\"2023-02-16T16:48:50+00:00\",\"breadcrumb\":{\"@id\":\"https:\/\/www.petteriorpo.fi\/sv\/metsanomistajan-on-saatava-valita\/#breadcrumb\"},\"inLanguage\":\"en-GB\",\"potentialAction\":[{\"@type\":\"ReadAction\",\"target\":[\"https:\/\/www.petteriorpo.fi\/sv\/metsanomistajan-on-saatava-valita\/\"]}]},{\"@type\":\"ImageObject\",\"inLanguage\":\"en-GB\",\"@id\":\"https:\/\/www.petteriorpo.fi\/sv\/metsanomistajan-on-saatava-valita\/#primaryimage\",\"url\":\"https:\/\/www.petteriorpo.fi\/wp-content\/uploads\/2020\/06\/WhatsApp-Image-2020-06-12-at-13.30.13-1.jpeg\",\"contentUrl\":\"https:\/\/www.petteriorpo.fi\/wp-content\/uploads\/2020\/06\/WhatsApp-Image-2020-06-12-at-13.30.13-1.jpeg\",\"width\":1598,\"height\":1200},{\"@type\":\"BreadcrumbList\",\"@id\":\"https:\/\/www.petteriorpo.fi\/sv\/metsanomistajan-on-saatava-valita\/#breadcrumb\",\"itemListElement\":[{\"@type\":\"ListItem\",\"position\":1,\"name\":\"Etusivu\",\"item\":\"https:\/\/www.petteriorpo.fi\/\"},{\"@type\":\"ListItem\",\"position\":2,\"name\":\"Mets\u00e4nomistajan on saatava valita\"}]},{\"@type\":\"WebSite\",\"@id\":\"https:\/\/www.petteriorpo.fi\/#website\",\"url\":\"https:\/\/www.petteriorpo.fi\/\",\"name\":\"Petteri Orpo\",\"description\":\"Yhdess&auml; tehden eteenp&auml;in\",\"publisher\":{\"@id\":\"https:\/\/www.petteriorpo.fi\/#organization\"},\"potentialAction\":[{\"@type\":\"SearchAction\",\"target\":{\"@type\":\"EntryPoint\",\"urlTemplate\":\"https:\/\/www.petteriorpo.fi\/?s={search_term_string}\"},\"query-input\":{\"@type\":\"PropertyValueSpecification\",\"valueRequired\":true,\"valueName\":\"search_term_string\"}}],\"inLanguage\":\"en-GB\"},{\"@type\":\"Organization\",\"@id\":\"https:\/\/www.petteriorpo.fi\/#organization\",\"name\":\"Petteri Orpo\",\"url\":\"https:\/\/www.petteriorpo.fi\/\",\"logo\":{\"@type\":\"ImageObject\",\"inLanguage\":\"en-GB\",\"@id\":\"https:\/\/www.petteriorpo.fi\/#\/schema\/logo\/image\/\",\"url\":\"https:\/\/www.petteriorpo.fi\/wp-content\/uploads\/2022\/08\/logo_orpo.png\",\"contentUrl\":\"https:\/\/www.petteriorpo.fi\/wp-content\/uploads\/2022\/08\/logo_orpo.png\",\"width\":114,\"height\":120,\"caption\":\"Petteri Orpo\"},\"image\":{\"@id\":\"https:\/\/www.petteriorpo.fi\/#\/schema\/logo\/image\/\"}},{\"@type\":\"Person\",\"@id\":\"https:\/\/www.petteriorpo.fi\/#\/schema\/person\/269837cd998a58c819bee3941bc2d2b9\",\"name\":\"admin\",\"image\":{\"@type\":\"ImageObject\",\"inLanguage\":\"en-GB\",\"@id\":\"https:\/\/www.petteriorpo.fi\/#\/schema\/person\/image\/\",\"url\":\"https:\/\/secure.gravatar.com\/avatar\/e3534ba089e9f56595220762a1371e56?s=96&d=mm&r=g\",\"contentUrl\":\"https:\/\/secure.gravatar.com\/avatar\/e3534ba089e9f56595220762a1371e56?s=96&d=mm&r=g\",\"caption\":\"admin\"},\"sameAs\":[\"https:\/\/www.petteriorpo.fi\"],\"url\":\"https:\/\/www.petteriorpo.fi\/en\/author\/admin\/\"}]}<\/script>\n<!-- \/ Yoast SEO plugin. -->","yoast_head_json":{"title":"Mets\u00e4nomistajan on saatava valita - Petteri Orpo","robots":{"index":"index","follow":"follow","max-snippet":"max-snippet:-1","max-image-preview":"max-image-preview:large","max-video-preview":"max-video-preview:-1"},"canonical":"https:\/\/www.petteriorpo.fi\/en\/metsanomistajan-on-saatava-valita\/","og_locale":"en_GB","og_type":"article","og_title":"Mets\u00e4nomistajan on saatava valita - Petteri Orpo","og_description":"(Julkaistu Maaseudun Tulevaisuuden kolumnina\u00a018.11.2020) Olen p\u00e4\u00e4ssyt omistamaan v\u00e4lillisesti mets\u00e4\u00e4 vaimoni suvun mailla Kainuussa. Kulkiessani eri kasvuvaiheessa olevilla mets\u00e4lohkoilla, keskell\u00e4 hirvien ja majavien tekemi\u00e4 tuhoja, minulle on k\u00e4ynyt selv\u00e4ksi, miten mets\u00e4nomistajat joutuvat tekem\u00e4\u00e4n omaisuuttaan koskevia p\u00e4\u00e4t\u00f6ksi\u00e4 paikallisten olosuhteiden ehdoilla. Mets\u00e4nomistajan on saatava valita mets\u00e4nhoitomenetelm\u00e4ns\u00e4. &nbsp; Olen ihmetellyt keskustelua kokoomuksen mets\u00e4politiikan linjasta. Siin\u00e4 ei ole mit\u00e4\u00e4n ep\u00e4selv\u00e4\u00e4. [&hellip;]","og_url":"https:\/\/www.petteriorpo.fi\/en\/metsanomistajan-on-saatava-valita\/","og_site_name":"Petteri Orpo","article_published_time":"2021-02-01T06:51:16+00:00","article_modified_time":"2023-02-16T16:48:50+00:00","og_image":[{"width":1598,"height":1200,"url":"https:\/\/www.petteriorpo.fi\/wp-content\/uploads\/2020\/06\/WhatsApp-Image-2020-06-12-at-13.30.13-1.jpeg","type":"image\/jpeg"}],"author":"admin","twitter_card":"summary_large_image","twitter_misc":{"Written by":"admin","Estimated reading time":"2 minutes"},"schema":{"@context":"https:\/\/schema.org","@graph":[{"@type":"Article","@id":"https:\/\/www.petteriorpo.fi\/sv\/metsanomistajan-on-saatava-valita\/#article","isPartOf":{"@id":"https:\/\/www.petteriorpo.fi\/sv\/metsanomistajan-on-saatava-valita\/"},"author":{"name":"admin","@id":"https:\/\/www.petteriorpo.fi\/#\/schema\/person\/269837cd998a58c819bee3941bc2d2b9"},"headline":"Mets\u00e4nomistajan on saatava valita","datePublished":"2021-02-01T06:51:16+00:00","dateModified":"2023-02-16T16:48:50+00:00","mainEntityOfPage":{"@id":"https:\/\/www.petteriorpo.fi\/sv\/metsanomistajan-on-saatava-valita\/"},"wordCount":490,"commentCount":0,"publisher":{"@id":"https:\/\/www.petteriorpo.fi\/#organization"},"image":{"@id":"https:\/\/www.petteriorpo.fi\/sv\/metsanomistajan-on-saatava-valita\/#primaryimage"},"thumbnailUrl":"https:\/\/www.petteriorpo.fi\/wp-content\/uploads\/2020\/06\/WhatsApp-Image-2020-06-12-at-13.30.13-1.jpeg","keywords":["maa- ja mets\u00e4talousministeri","Maaseudun Tulevaisuus","mets\u00e4laki","mets\u00e4nhoito","mets\u00e4politiikka","MMM","MT"],"articleSection":["Blogi"],"inLanguage":"en-GB","potentialAction":[{"@type":"CommentAction","name":"Comment","target":["https:\/\/www.petteriorpo.fi\/sv\/metsanomistajan-on-saatava-valita\/#respond"]}]},{"@type":"WebPage","@id":"https:\/\/www.petteriorpo.fi\/sv\/metsanomistajan-on-saatava-valita\/","url":"https:\/\/www.petteriorpo.fi\/sv\/metsanomistajan-on-saatava-valita\/","name":"Mets\u00e4nomistajan on saatava valita - Petteri Orpo","isPartOf":{"@id":"https:\/\/www.petteriorpo.fi\/#website"},"primaryImageOfPage":{"@id":"https:\/\/www.petteriorpo.fi\/sv\/metsanomistajan-on-saatava-valita\/#primaryimage"},"image":{"@id":"https:\/\/www.petteriorpo.fi\/sv\/metsanomistajan-on-saatava-valita\/#primaryimage"},"thumbnailUrl":"https:\/\/www.petteriorpo.fi\/wp-content\/uploads\/2020\/06\/WhatsApp-Image-2020-06-12-at-13.30.13-1.jpeg","datePublished":"2021-02-01T06:51:16+00:00","dateModified":"2023-02-16T16:48:50+00:00","breadcrumb":{"@id":"https:\/\/www.petteriorpo.fi\/sv\/metsanomistajan-on-saatava-valita\/#breadcrumb"},"inLanguage":"en-GB","potentialAction":[{"@type":"ReadAction","target":["https:\/\/www.petteriorpo.fi\/sv\/metsanomistajan-on-saatava-valita\/"]}]},{"@type":"ImageObject","inLanguage":"en-GB","@id":"https:\/\/www.petteriorpo.fi\/sv\/metsanomistajan-on-saatava-valita\/#primaryimage","url":"https:\/\/www.petteriorpo.fi\/wp-content\/uploads\/2020\/06\/WhatsApp-Image-2020-06-12-at-13.30.13-1.jpeg","contentUrl":"https:\/\/www.petteriorpo.fi\/wp-content\/uploads\/2020\/06\/WhatsApp-Image-2020-06-12-at-13.30.13-1.jpeg","width":1598,"height":1200},{"@type":"BreadcrumbList","@id":"https:\/\/www.petteriorpo.fi\/sv\/metsanomistajan-on-saatava-valita\/#breadcrumb","itemListElement":[{"@type":"ListItem","position":1,"name":"Etusivu","item":"https:\/\/www.petteriorpo.fi\/"},{"@type":"ListItem","position":2,"name":"Mets\u00e4nomistajan on saatava valita"}]},{"@type":"WebSite","@id":"https:\/\/www.petteriorpo.fi\/#website","url":"https:\/\/www.petteriorpo.fi\/","name":"Petteri Orpo","description":"Yhdess&auml; tehden eteenp&auml;in","publisher":{"@id":"https:\/\/www.petteriorpo.fi\/#organization"},"potentialAction":[{"@type":"SearchAction","target":{"@type":"EntryPoint","urlTemplate":"https:\/\/www.petteriorpo.fi\/?s={search_term_string}"},"query-input":{"@type":"PropertyValueSpecification","valueRequired":true,"valueName":"search_term_string"}}],"inLanguage":"en-GB"},{"@type":"Organization","@id":"https:\/\/www.petteriorpo.fi\/#organization","name":"Petteri Orpo","url":"https:\/\/www.petteriorpo.fi\/","logo":{"@type":"ImageObject","inLanguage":"en-GB","@id":"https:\/\/www.petteriorpo.fi\/#\/schema\/logo\/image\/","url":"https:\/\/www.petteriorpo.fi\/wp-content\/uploads\/2022\/08\/logo_orpo.png","contentUrl":"https:\/\/www.petteriorpo.fi\/wp-content\/uploads\/2022\/08\/logo_orpo.png","width":114,"height":120,"caption":"Petteri Orpo"},"image":{"@id":"https:\/\/www.petteriorpo.fi\/#\/schema\/logo\/image\/"}},{"@type":"Person","@id":"https:\/\/www.petteriorpo.fi\/#\/schema\/person\/269837cd998a58c819bee3941bc2d2b9","name":"admin","image":{"@type":"ImageObject","inLanguage":"en-GB","@id":"https:\/\/www.petteriorpo.fi\/#\/schema\/person\/image\/","url":"https:\/\/secure.gravatar.com\/avatar\/e3534ba089e9f56595220762a1371e56?s=96&d=mm&r=g","contentUrl":"https:\/\/secure.gravatar.com\/avatar\/e3534ba089e9f56595220762a1371e56?s=96&d=mm&r=g","caption":"admin"},"sameAs":["https:\/\/www.petteriorpo.fi"],"url":"https:\/\/www.petteriorpo.fi\/en\/author\/admin\/"}]}},"_links":{"self":[{"href":"https:\/\/www.petteriorpo.fi\/en\/wp-json\/wp\/v2\/posts\/988","targetHints":{"allow":["GET"]}}],"collection":[{"href":"https:\/\/www.petteriorpo.fi\/en\/wp-json\/wp\/v2\/posts"}],"about":[{"href":"https:\/\/www.petteriorpo.fi\/en\/wp-json\/wp\/v2\/types\/post"}],"author":[{"embeddable":true,"href":"https:\/\/www.petteriorpo.fi\/en\/wp-json\/wp\/v2\/users\/1"}],"replies":[{"embeddable":true,"href":"https:\/\/www.petteriorpo.fi\/en\/wp-json\/wp\/v2\/comments?post=988"}],"version-history":[{"count":1,"href":"https:\/\/www.petteriorpo.fi\/en\/wp-json\/wp\/v2\/posts\/988\/revisions"}],"predecessor-version":[{"id":1000,"href":"https:\/\/www.petteriorpo.fi\/en\/wp-json\/wp\/v2\/posts\/988\/revisions\/1000"}],"wp:featuredmedia":[{"embeddable":true,"href":"https:\/\/www.petteriorpo.fi\/en\/wp-json\/wp\/v2\/media\/888"}],"wp:attachment":[{"href":"https:\/\/www.petteriorpo.fi\/en\/wp-json\/wp\/v2\/media?parent=988"}],"wp:term":[{"taxonomy":"category","embeddable":true,"href":"https:\/\/www.petteriorpo.fi\/en\/wp-json\/wp\/v2\/categories?post=988"},{"taxonomy":"post_tag","embeddable":true,"href":"https:\/\/www.petteriorpo.fi\/en\/wp-json\/wp\/v2\/tags?post=988"}],"curies":[{"name":"wp","href":"https:\/\/api.w.org\/{rel}","templated":true}]}}