{"id":961,"date":"2018-06-09T15:30:40","date_gmt":"2018-06-09T12:30:40","guid":{"rendered":"https:\/\/www.petteriorpo.fi\/?p=594"},"modified":"2023-02-16T16:50:48","modified_gmt":"2023-02-16T16:50:48","slug":"linjapuhe-puoluekokouksessa-2018","status":"publish","type":"post","link":"https:\/\/www.petteriorpo.fi\/en\/linjapuhe-puoluekokouksessa-2018\/","title":{"rendered":"Linjapuhe puoluekokouksessa 2018"},"content":{"rendered":"<p><em>Kokoomuksen puheenjohtajan, Petteri Orpon linjapuhe puoluekokouksessa 2018<\/em><\/p>\n<p>&nbsp;<\/p>\n<p>&nbsp;<\/p>\n<p>Rakkaat yst\u00e4v\u00e4t, kokoomuslaiset<\/p>\n<p>K\u00e4ra v\u00e4nner, samlingspartister<\/p>\n<p>&nbsp;<\/p>\n<p>On hetki\u00e4, jolloin tunteita on vaikea vangita sanoiksi. Luottamus, jonka teilt\u00e4 saan, antaa voimaa. Se antaa p\u00e4\u00e4tt\u00e4v\u00e4isyytt\u00e4. Se saa n\u00f6yr\u00e4ksi ja kiitolliseksi. Kiitos teille! Tack f\u00f6r er!<\/p>\n<p>Erityisesti haluan kiitt\u00e4\u00e4 vaimoani Niinaa ja lapsiani. Te tied\u00e4tte, miten paljon minulle merkitsette. Niina, ilman sinun tukea t\u00e4m\u00e4 kaikki ei olisi mill\u00e4\u00e4n mahdollista.<\/p>\n<p>Kiitos my\u00f6s kasvattajajoukkueelle, is\u00e4lle ja \u00e4idille.<\/p>\n<p>&nbsp;<\/p>\n<p>***<\/p>\n<p>&nbsp;<\/p>\n<p>Olen saanut olla t\u00e4m\u00e4n upean joukkueen johdossa kaksi vuotta. Te olette minun porukkani. Parasta on se, miten yhdess\u00e4 teemme ja viemme eteenp\u00e4in kokoomuksen arvojen mukaista politiikkaa. Parasta on tavata teit\u00e4, yst\u00e4v\u00e4t ja uudet tuttavat, eri puolella Suomea, ty\u00f6reissuilla ja erilaisissa tapahtumissa.<\/p>\n<p>T\u00e4ss\u00e4 meid\u00e4n porukassa on syd\u00e4nt\u00e4, innostusta ja osaamista. Kaiken, mit\u00e4 saamme aikaan, teemme yhdess\u00e4.<\/p>\n<p>&nbsp;<\/p>\n<p>***<\/p>\n<p>&nbsp;<\/p>\n<p>Yksi t\u00e4m\u00e4n kev\u00e4\u00e4n hienoimmista kokoomustapahtumista oli Tulevaisuusp\u00e4iv\u00e4t maaliskuussa. Meit\u00e4 oli Tampereella satam\u00e4\u00e4rin pohtimassa niin kokoomuksen, Suomen kuin maailman tulevaisuutta.<\/p>\n<p><strong>Maailma muuttuu hurjaa vauhtia.<\/strong> Megatrendit \u2013 teknologian kehitys, v\u00e4est\u00f6nkasvu, muuttoliike, kaupungistuminen, ilmastomuutos \u2013 haastavat my\u00f6s meit\u00e4. Meill\u00e4 on oltava n\u00e4kemys, miten luotsaamme Suomea n\u00e4iden muutosten keskell\u00e4.<\/p>\n<p>Tulevaisuusp\u00e4iv\u00e4t avannut avaruust\u00e4htitieteen professori Esko Valtaoja vakuuttaa, ett\u00e4 tulevaisuus on valoisampi kuin t\u00e4m\u00e4 p\u00e4iv\u00e4. Maailmassa on nyt v\u00e4hemm\u00e4n sotia, v\u00e4hemm\u00e4n k\u00f6yhyytt\u00e4 ja enemm\u00e4n hyvinvointia kuin koskaan. Valtaoja uskoo, ett\u00e4 tieteen ja teknologian avulla pystymme vastaamaan isoihinkin haasteisiin.<\/p>\n<p>&nbsp;<\/p>\n<p>***<\/p>\n<p>&nbsp;<\/p>\n<p>Maailmanlopun maalareita on ollut aina \u2013 ja on. Kaikkia Valtaojan sanoma ei viel\u00e4 saavuta. Ihmisist\u00e4, jotka kokevat olevansa globalisaation h\u00e4vi\u00e4ji\u00e4, on tullut yksi politiikan voimakkaimmista muutosvoimista. Nationalismi, rasismi ja protektionismi ovat olleet maailmalla ja Euroopassa monen poliittisen voiman polttoainetta. Ja ovat sit\u00e4 edelleen.<\/p>\n<p>N\u00e4emme yhteiskunnissa jakautumista h\u00e4vi\u00e4jiin ja menestyjiin, optimisteihin ja pessimisteihin, maailmankansalaisiin ja lokalisteihin. Yh\u00e4 useampi viihtyy kuplissa, joissa samanmielisyys vahvistuu ja erilaisuuden ymm\u00e4rt\u00e4minen hiipuu. Maltillisen oikeistopuolueen rooli t\u00e4ss\u00e4 ajassa on vaativa. Nyt jos koskaan kokoomuksen on seist\u00e4v\u00e4 arvojensa takana.<\/p>\n<p><strong>Kokoomus on se voima<\/strong>, joka puolustaa liberaalia, avointa yhteiskuntaa, kansainv\u00e4list\u00e4 ja yhteist\u00e4 eurooppalaisuutta. Kokoomus on se voima, joka puolustaa ihmisarvoa. Sit\u00e4, ett\u00e4 ihmisarvo kuuluu kaikille.<\/p>\n<p>Kokoomus luottaa ihmiseen. Siihen, ett\u00e4 ihminen haluaa l\u00e4ht\u00f6kohtaisesti hyv\u00e4\u00e4. Siihen, ett\u00e4 kaikista v\u00e4litet\u00e4\u00e4n, ett\u00e4 heikoimmista pidet\u00e4\u00e4n huolta. Me uskomme, ett\u00e4 osaamisella p\u00e4rj\u00e4\u00e4. Ja ett\u00e4 mahdollisuudet osaamiseen ja p\u00e4rj\u00e4\u00e4miseen on taattava t\u00e4ss\u00e4 maassa ihan jokaiselle.<\/p>\n<p>Esko Valtaoja muistuttaa meit\u00e4 ihmisen loputtomasta kyvykkyydest\u00e4 luoda uutta ja keksi\u00e4 ratkaisuja. Toivoa on. Kokoomus on se poliittinen voima, joka vahvistaa toivoa ja uskoa tulevaan. Se on meid\u00e4n teht\u00e4v\u00e4mme!<\/p>\n<p>&nbsp;<\/p>\n<p>&nbsp;<\/p>\n<p>Hyv\u00e4t yst\u00e4v\u00e4t,<\/p>\n<p>Suomessa syntyi viime vuonna historiallisen v\u00e4h\u00e4n lapsia, reilut 50 000. Viime vuotta v\u00e4hemm\u00e4n vauvoja syntyi edellisen kerran n\u00e4lk\u00e4vuonna 1868. Tilastokeskus arvioi, ett\u00e4 t\u00e4n\u00e4 vuonna lapsia syntyy viel\u00e4kin v\u00e4hemm\u00e4n.<\/p>\n<p>Suosituimmat lasten nimet viime vuonna olivat Aino ja Leo. Olen miettinyt paljon sit\u00e4, millaisessa maailmassa ja Suomessa n\u00e4m\u00e4 ainot, leot ja heid\u00e4n kaverinsa saavat kasvaa. Ennen kaikkea olen miettinyt sit\u00e4, millaisilla ev\u00e4ill\u00e4 meid\u00e4n pit\u00e4\u00e4 heid\u00e4t varustaa matkaan. Suomalaisen yhteiskunnan tulevaisuus on lapsissa. On \u00e4\u00e4rimm\u00e4isen t\u00e4rke\u00e4\u00e4, miten heit\u00e4 tuemme jo varhaisista vuosista.<\/p>\n<p><strong>Suomalaisten perheiden taustat ovat yh\u00e4 monimuotoisempia.<\/strong> Meill\u00e4 on yksinhuoltajaperheit\u00e4, uusperheit\u00e4, sateenkaariperheit\u00e4. Perheiden kielellinen, kulttuurinen ja uskonnollinen tausta on aiempaa moninaisempi. Jokainen lapsi t\u00e4ss\u00e4 maassa on arvokas. Ihan jokainen.<\/p>\n<p>Nyt erot lasten osaamisessa ja taidoissa rev\u00e4ht\u00e4v\u00e4t jo ennen kuin koulureput ovat sel\u00e4ss\u00e4. T\u00e4t\u00e4 me emme voi sallia! Kokoomus uskoo, ett\u00e4 ongelmia on parempi ehk\u00e4ist\u00e4 ennalta kuin paikata j\u00e4lkik\u00e4teen.<\/p>\n<p>Tutkimukseen perustuva tieto varhaisten vuosien merkityksest\u00e4 lapsen kasvulle ja kehitykselle on lis\u00e4\u00e4ntynyt valtavasti. Varhaiskasvatuksen vaikutus n\u00e4kyy lasten oppimistuloksissa ja koulupolulla pitk\u00e4\u00e4n. Jokainen lapsi on saatettava koulutien loppuun ja oman el\u00e4m\u00e4n alkuun. T\u00e4m\u00e4 on tulevaisuusteko Suomelle.<\/p>\n<p>&nbsp;<\/p>\n<p>***<\/p>\n<p>&nbsp;<\/p>\n<p><strong>Suomessa on maailman paras koulu.<\/strong> Olemme onnistuneet yhdist\u00e4m\u00e4\u00e4n erinomaiset oppimistulokset ja tasa-arvon. Suomessa koulua ei tarvitse valita. Koulujen v\u00e4liset erot ovat maailman toiseksi pienimm\u00e4t.<\/p>\n<p>Jokaisen perheen on jatkossakin voitava luottaa, ett\u00e4 omasta l\u00e4hikoulusta saa maailmanluokan opetusta. Meid\u00e4n tavoitteemme on, ett\u00e4 Suomessa l\u00e4hin koulu on paras koulu. Kaikille yhteinen peruskoulu on kirkas t\u00e4hti, mutta lasten erilaiset taustat ja l\u00e4ht\u00f6kohdat edellytt\u00e4v\u00e4t lasten yksil\u00f6llisemp\u00e4\u00e4 huomioon ottamista. Koulussa jokaisen lapsen on saatava onnistumisen kokemuksia, opittava l\u00f6yt\u00e4m\u00e4\u00e4n omat vahvuutensa ja luottamaan niihin.<\/p>\n<p>Heikosti osaavien koululaisten osuus on Suomessa EU-maiden alhaisin niin lukutaidossa, luonnontieteiss\u00e4 kuin matematiikassa. Opettajamme tekev\u00e4t erinomaista ty\u00f6t\u00e4 \u2013 kiitos siit\u00e4! Silti osalla peruskoulun p\u00e4\u00e4tt\u00e4vist\u00e4 nuorista on kelvoton lukutaito. Peruskoulua on vahvistettava niin, ett\u00e4 sielt\u00e4 ei p\u00e4\u00e4se l\u00e4pi ilman riitt\u00e4vi\u00e4 tietoja ja taitoja. Se on nuorten etu. Peruskoulun j\u00e4lkeen tavoite on kaikille yhteinen: jokaisen nuoren tulee suorittaa toisen asteen tutkinto \u2013 pelk\u00e4n peruskoulun varaan ei kenenk\u00e4\u00e4n pit\u00e4isi t\u00e4ss\u00e4 maassa j\u00e4\u00e4d\u00e4.<\/p>\n<p>Todellinen ongelma on koulutuksen keskeytt\u00e4minen. Se ei kuitenkaan ratkea pakon kautta. Ajatus oppivelvollisuuden mekaanisesta pident\u00e4misest\u00e4 on meille vieras. Eiv\u00e4t nuoret siksi j\u00e4t\u00e4 opintoja kesken, ett\u00e4 ne eiv\u00e4t ole pakollisia. Vaan siksi, ett\u00e4 opiskelun taidot eiv\u00e4t riit\u00e4, motivaatio on hukassa, asenne on v\u00e4\u00e4r\u00e4 tai muualla el\u00e4m\u00e4ss\u00e4 on vaikeaa.<\/p>\n<p><strong>Me kokoomuksessa k\u00e4\u00e4nn\u00e4mme katseen varhaisiin vuosiin.<\/strong> Juuri siksi kokoomus esitt\u00e4\u00e4 koko ik\u00e4luokan varhaiskasvatusta ja kaksivuotista esiopetusta ja haluaa vahvistaa peruskoulua. Mahdollisuuksien tasa-arvo rakennetaan t\u00e4lle kest\u00e4v\u00e4lle perustalle.<\/p>\n<p>&nbsp;<\/p>\n<p>***<\/p>\n<p>&nbsp;<\/p>\n<p><strong>Pienenevien ik\u00e4luokkien Suomessa koulutustason pit\u00e4\u00e4 nousta.<\/strong> Se tarkoittaa sit\u00e4, ett\u00e4 korkeakoulujen ovien pit\u00e4\u00e4 olla apposen auki nuorillemme. Korkeakoulutuksen ei pid\u00e4 olla harvojen oikeus.<\/p>\n<p>Suomi menestyy vain, kun koulutustasomme on korkea. Tavoitteena pit\u00e4\u00e4 olla, ett\u00e4 vuoteen 2030 menness\u00e4 puolet nuorista aikuisista olisi suorittanut korkeakoulututkinnon.<\/p>\n<p>Kokoomus haluaa ensi vaalikaudella lis\u00e4t\u00e4 rahaa tutkimukseen ja innovaatiotoimintaan. Vain niin Suomi uudistuu.<\/p>\n<p>Valtion omaisuustuloja on ohjattava tutkimukseen ja innovaatioihin.<\/p>\n<p>&nbsp;<\/p>\n<p>***<\/p>\n<p>&nbsp;<\/p>\n<p>Suomi tarvitsee joka ikist\u00e4 50 000:sta ainosta ja leosta. Yht\u00e4k\u00e4\u00e4n ei saa hukata. Yksik\u00e4\u00e4n ei saa kokea, ettei ole mukana, ettei ole arvokas. Meid\u00e4n on varmistettava, ett\u00e4 jokainen l\u00f6yt\u00e4\u00e4 sellaisen polun, joka vie eteenp\u00e4in.<\/p>\n<p><strong>Edelleen liian moni nuori joutuu syrj\u00e4\u00e4n \u2013 ja syrj\u00e4ytyy.<\/strong> Erityisesti vaaravy\u00f6hykkeell\u00e4 ovat nuoret miehet, min\u00e4 olen todella huolissani heist\u00e4. Meid\u00e4n on v\u00e4sym\u00e4tt\u00e4 etsitt\u00e4v\u00e4 keinoja, jotka est\u00e4v\u00e4t nuoria luisumasta reunamille, joutumasta sivuun.<\/p>\n<p>&nbsp;<\/p>\n<p>***<\/p>\n<p>&nbsp;<\/p>\n<p>Hyv\u00e4t kokoomuslaiset,<\/p>\n<p>Meid\u00e4n velvollisuutemme on pit\u00e4\u00e4 huolta, ett\u00e4 tuleville sukupolville maailma on puhtaampi, turvallisempi ja tasa-arvoisempi kuin t\u00e4n\u00e4\u00e4n. Pystymme rakentamaan ihmisille parempaa Suomea vain, jos pid\u00e4mme taloudesta huolta. Talouden pit\u00e4\u00e4 olla kest\u00e4v\u00e4ll\u00e4 pohjalla.<\/p>\n<p><strong>Meid\u00e4n on lopetettava el\u00e4minen k\u00e4si tulevien sukupolvien taskussa.<\/strong> Muuten ainoa perint\u00f6mme on j\u00e4ttim\u00e4inen velka. Suomalaisen hyvinvoinnin puolustajat ovat niit\u00e4, joilla on rotia pit\u00e4\u00e4 kiinni vastuullisesta taloudenpidosta. Eiv\u00e4t niit\u00e4, jotka lupailevat satasia ja k\u00e4yv\u00e4t huutokauppaa tehtyjen s\u00e4\u00e4st\u00f6jen perumisella.<\/p>\n<p>Hyvinvoinnin perustasta on huolehdittava. Se antaa nykyist\u00e4 pit\u00e4v\u00e4mm\u00e4n pohjan huolehtia my\u00f6s ekologisesta kest\u00e4vyydest\u00e4.<\/p>\n<p>&nbsp;<\/p>\n<p>***<\/p>\n<p>&nbsp;<\/p>\n<p>Tulevien sukupolvien hyv\u00e4n el\u00e4m\u00e4n edellytyksiin kuuluvat monimuotoinen ja elinkelpoinen ymp\u00e4rist\u00f6 ja riitt\u00e4v\u00e4 m\u00e4\u00e4r\u00e4 luonnonvaroja. Ilmastonmuutos uhkaa muuttaa osan maapallon pinta-alasta elinkelvottomaksi.<\/p>\n<p>Pit\u00e4isi olla itsest\u00e4\u00e4n selv\u00e4\u00e4, ett\u00e4 <strong>ilmastokriisin ratkaisu kuuluu meille kaikille.<\/strong> Ja ett\u00e4 se vaatii tekoja niin paikallisella, kansallisella kuin kansainv\u00e4lisell\u00e4 tasolla. Ilmastonmuutoksen hillinn\u00e4n ja p\u00e4\u00e4st\u00f6jen v\u00e4hent\u00e4misen pit\u00e4\u00e4 olla keskeinen ohjaava tavoite kaikissa budjettiin liittyviss\u00e4 kysymyksiss\u00e4, my\u00f6s verotuksessa.<\/p>\n<p><strong>Me tarvitsemme sinivihre\u00e4n verouudistuksen.<\/strong> Haluamme siirt\u00e4\u00e4 verotuksen painopistett\u00e4 reippaasti ty\u00f6n verotuksesta ymp\u00e4rist\u00f6- ja haittaveroihin sek\u00e4 kulutuksen verottamiseen. Yksi suurimmista ymp\u00e4rist\u00f6kysymyksist\u00e4 on, mit\u00e4 teemme paisuvalle m\u00e4\u00e4r\u00e4lle muovij\u00e4tett\u00e4. Euroopassa kulutetaan vuosittain kymmeni\u00e4 miljoonia tonneja muovia. Meid\u00e4n on v\u00e4hennett\u00e4v\u00e4 muovin k\u00e4ytt\u00f6\u00e4, lis\u00e4tt\u00e4v\u00e4 kierr\u00e4tyst\u00e4 ja otettava k\u00e4ytt\u00f6\u00f6n muovivero.<\/p>\n<p>Suomen luonto on meille rikkaus. Matkailuala ja mets\u00e4teollisuus voivat nyt hyvin. Hy\u00f6dynn\u00e4mme yh\u00e4 enemm\u00e4n luonnonvaroja. Siksi meid\u00e4n on kannettava yh\u00e4 enemm\u00e4n vastuuta luonnon monimuotoisuuden s\u00e4ilymisest\u00e4. Me suomalaiset olemme etuoikeutettuja. Saamme hengitt\u00e4\u00e4 puhdasta ilmaa, nauttia metsiss\u00e4 samoilusta, uida m\u00f6kkij\u00e4rvess\u00e4 ja sy\u00f6d\u00e4 siit\u00e4 noussutta kalaa.<\/p>\n<p>Meid\u00e4n on teht\u00e4v\u00e4 ty\u00f6t\u00e4, jotta t\u00e4m\u00e4 etuoikeus s\u00e4ilyy ainoilla, leoilla ja heid\u00e4n lapsillaan.<\/p>\n<p>&nbsp;<\/p>\n<p>&nbsp;<\/p>\n<p>Hyv\u00e4t yst\u00e4v\u00e4t, k\u00e4ra v\u00e4nner<\/p>\n<p><strong>Ty\u00f6 on suomalaisen hyvinvoinnin perusta.<\/strong> My\u00f6s tulevaisuudessa. Periaatteessa meill\u00e4 on kaikki kunnossa. On koulutettu ja osaava kansa. Toimiva ja turvallinen yhteiskunta. Kyky menesty\u00e4 ja olla maailman huipulla.<\/p>\n<p>Silti etenemme k\u00e4sijarru p\u00e4\u00e4ll\u00e4. J\u00e4ykk\u00e4 j\u00e4rjestelm\u00e4 jumittaa, passivoi, tasap\u00e4ist\u00e4\u00e4 ja vie tekemisen halun. Miksi emme vapauttaisi ahkeria suomalaisia tekem\u00e4\u00e4n? Meid\u00e4n on uudistettava Suomea maaksi, jossa saa tehd\u00e4.<\/p>\n<p>\u201dSaa tehd\u00e4\u201d, tarkoittaa ennen kaikkea sit\u00e4, ett\u00e4 lis\u00e4\u00e4mme mahdollisuuksia onnistua, oppia, kehitt\u00e4\u00e4 ideoita ja yritt\u00e4\u00e4. Se tarkoittaa, ett\u00e4 meid\u00e4n on jatkettava s\u00e4\u00e4ntelyn purkamista ja lis\u00e4tt\u00e4v\u00e4 kannusteita tehd\u00e4 t\u00f6it\u00e4 ja yritt\u00e4\u00e4.<\/p>\n<p><strong>Kokoomus on puolue, joka sanoo suomalaisille: saa tehd\u00e4.<\/strong><\/p>\n<p>Jotta tekeminen ja ahkeruus kannattaa, meid\u00e4n on uudistettava ty\u00f6el\u00e4m\u00e4 ja passivoiva sosiaaliturva. Meid\u00e4n on kevennett\u00e4v\u00e4 ty\u00f6n verotusta.<\/p>\n<p>Ty\u00f6t\u00e4 tekevien joukossa on ihmisi\u00e4, jotka eiv\u00e4t tahdo tulla palkallaan toimeen. On 170 000 yksinyritt\u00e4j\u00e4\u00e4, jotka tekev\u00e4t t\u00f6it\u00e4 24\/7. Ihmisi\u00e4, jotka eiv\u00e4t uskalla ottaa tarjottua keikkaty\u00f6t\u00e4 vastaan, koska pelk\u00e4\u00e4v\u00e4t toimeentulonsa laskevan.<\/p>\n<p>Teknologian kehitys haastaa ammatteja jatkuvasti. Useilla ty\u00f6el\u00e4m\u00e4n kynnyksell\u00e4 ja ty\u00f6el\u00e4m\u00e4ss\u00e4 olevilla p\u00e4\u00e4llimm\u00e4inen tunne on ep\u00e4varmuus: Riitt\u00e4\u00e4k\u00f6 oma osaaminen? Voiko suuntaa tarvittaessa vaihtaa? J\u00e4\u00e4k\u00f6 palkasta euroja muuhun kuin v\u00e4ltt\u00e4m\u00e4tt\u00f6m\u00e4\u00e4n, jos siihenk\u00e4\u00e4n?<\/p>\n<p>Suomalaiset ansaitsevat lis\u00e4\u00e4 varmuutta tulevaisuudestaan. Varmuutta siit\u00e4, ett\u00e4 t\u00e4ss\u00e4 maassa kannattaa tehd\u00e4 ty\u00f6t\u00e4, yritt\u00e4\u00e4 ja ty\u00f6llist\u00e4\u00e4. Ett\u00e4 voi ep\u00e4onnistuakin ja p\u00e4\u00e4st\u00e4 siit\u00e4 eteenp\u00e4in. Meid\u00e4n on kasvatettava jokaisen suomalaisen luottamusta siihen, ett\u00e4 juuri h\u00e4nelle k\u00e4y lopulta hyvin.<\/p>\n<p>&nbsp;<\/p>\n<p>***<\/p>\n<p>&nbsp;<\/p>\n<p>Ty\u00f6el\u00e4m\u00e4 on jo muuttunut. My\u00f6s s\u00e4\u00e4nt\u00f6jen on viimein muututtava. Ruotsi, Tanska ja Saksa uudistuivat ajoissa \u2013 tunnetuin seurauksin. Ne ovat menestyneet meit\u00e4 paremmin. Ainakin osalla meist\u00e4 politiikoista on ollut halu uudistaa Saksan ja Ruotsin tavoin. Viritt\u00e4\u00e4 talous- ja vientikoneemme samanlaiseen iskuun. Se olisi suomalaisen palkansaajan etu.<\/p>\n<p>Valitettavaa on, ett\u00e4 k\u00e4si jarrulla kuuluu useimmiten ammattiyhdistysliikkeelle. Heit\u00e4n haasteen ay-liikkeelle: Esitt\u00e4k\u00e4\u00e4 jarruttamisen sijasta ratkaisuja. Ottakaa Saksan ja Ruotsin sisarj\u00e4rjest\u00f6ilt\u00e4 parhaat opit k\u00e4ytt\u00f6\u00f6n.<\/p>\n<p>T\u00e4n\u00e4 p\u00e4iv\u00e4n\u00e4 ensisijaista apuanne tarvitseva ei ole vakituisessa ty\u00f6suhteessa oleva, vaan ihminen, josta on tullut numero rakenteellisen ty\u00f6tt\u00f6myyden tilastoissa.<\/p>\n<p>Meid\u00e4n pit\u00e4\u00e4 tarjota h\u00e4nelle tulevaisuuden toivoa, n\u00e4k\u00f6ala ty\u00f6llistymisest\u00e4 ja mahdollisuus ottaa oma el\u00e4m\u00e4 k\u00e4siins\u00e4. Meid\u00e4n on annettava yh\u00e4 useammalle mahdollisuus p\u00e4\u00e4st\u00e4 t\u00f6ihin. Se edellytt\u00e4\u00e4 uudistuksia, jotka kilpailijamme jo tekiv\u00e4t.<\/p>\n<p>Tarttukaa haasteeseeni ja uudistukaa. <strong>Rakennetaan yhdess\u00e4 Suomesta maa, jossa saa ja kannattaa tehd\u00e4 t\u00f6it\u00e4 ja ty\u00f6llist\u00e4\u00e4!<\/strong><\/p>\n<p>&nbsp;<\/p>\n<p>***<\/p>\n<p>&nbsp;<\/p>\n<p><strong>Kokoomuksen tavoite on ty\u00f6el\u00e4m\u00e4, johon ty\u00f6ntekij\u00e4 voi vaikuttaa.<\/strong> Ty\u00f6tekij\u00f6ill\u00e4 pit\u00e4\u00e4 olla oikeus sopia ty\u00f6ajasta ja ty\u00f6n tekemisen tavoista itse, omista l\u00e4ht\u00f6kohdistaan, oman el\u00e4m\u00e4ntilanteensa mukaan. Niin t\u00f6iss\u00e4 olevat haluavat tehd\u00e4.<\/p>\n<p>Ty\u00f6paikkakohtainen sopiminen on mahdollistettava kaikille, ei vain ammattiliittojen j\u00e4senille. Se on oikeudenmukaista ty\u00f6el\u00e4m\u00e4\u00e4. Luotetaan suomalaisiin yrityksiin. Hyv\u00e4t ty\u00f6nantajat t\u00e4ss\u00e4 maassa kyll\u00e4 ymm\u00e4rt\u00e4v\u00e4t, ett\u00e4 hyv\u00e4t ty\u00f6ntekij\u00e4t ovat yrityksen paras kilpailuvaltti. Yht\u00e4 lailla suomalaiset palkansaajat ymm\u00e4rt\u00e4v\u00e4t, ett\u00e4 yrityksen menestys on ty\u00f6ntekij\u00e4n etu.<\/p>\n<p>Vaatimustaso ty\u00f6el\u00e4m\u00e4ss\u00e4 muuttuu. Lis\u00e4\u00e4mme suomalaisten varmuutta ja uskoa tulevaisuuteen, kun mahdollistamme jatkuvan kouluttautumisen. Niin ty\u00f6ss\u00e4k\u00e4yvien kuin ty\u00f6tt\u00f6mien pit\u00e4\u00e4 pysty\u00e4 p\u00e4ivitt\u00e4m\u00e4\u00e4n osaamistaan. Suomeen on rakennettava maailman edistyksellisin jatkuvan ja elinik\u00e4isen oppimisen j\u00e4rjestelm\u00e4.<\/p>\n<p>Meid\u00e4n on varmistettava, ett\u00e4 naisilla on tasa-arvoiset mahdollisuudet ty\u00f6el\u00e4m\u00e4ss\u00e4 rakentaa uraa, parantaa palkkaustaan, turvata el\u00e4kkeens\u00e4. <strong>Hyv\u00e4t yst\u00e4v\u00e4t, kokoomus huolehtii siit\u00e4, ett\u00e4 perhevapaauudistus toteutetaan.<\/strong><\/p>\n<p>&nbsp;<\/p>\n<p>***<\/p>\n<p>&nbsp;<\/p>\n<p>Tosiasia on, ett\u00e4 Suomi tarvitsee lis\u00e4\u00e4 hyvinvoinnin tekij\u00f6it\u00e4. Ainot ja leot eiv\u00e4t siihen omin voimin pysty. K\u00e4rsimme aivovuodosta. Koulutetut nuoret l\u00e4htev\u00e4t ja j\u00e4\u00e4v\u00e4t maailmalle. Suomesta on teht\u00e4v\u00e4 maa, jonka mahdollisuudet houkuttelevat j\u00e4\u00e4m\u00e4\u00e4n ja palamaan, ja jonne halutaan tulla kaukaa. Paikka, josta niin suomalaiset kuin ulkomaiset osaajat voivat l\u00e4hte\u00e4 valloittamaan maailman markkinoita.<\/p>\n<p><strong>Suomeen pit\u00e4\u00e4 olla helppo tulla tekem\u00e4\u00e4n t\u00f6it\u00e4.<\/strong> T\u00e4m\u00e4n maan pit\u00e4\u00e4 tarjota jokaiselle ahkeralle, rehelliselle, osaavalle ja oppimaan halukkaalle mahdollisuus el\u00e4tt\u00e4\u00e4 itsens\u00e4 ja toteuttaa itse\u00e4\u00e4n. Suomen etu on, ett\u00e4 poistamme ty\u00f6voiman tarveharkinnan.<\/p>\n<p>&nbsp;<\/p>\n<p>***<\/p>\n<p>&nbsp;<\/p>\n<p>Hyv\u00e4t kuulijat,<\/p>\n<p><strong>Kaupungistuminen ja metropolialueet ovat globaalin kehityksen moottoreita.<\/strong> Sit\u00e4 ne ovat Suomessakin. Alueita, joihin niin suomalaiset kuin muualta t\u00e4nne tulevat hakeutuvat. Kokoomus ei ainoastaan hyv\u00e4ksy t\u00e4t\u00e4 kehityst\u00e4, vaan n\u00e4kee sen vahvuutena. Maakuntien elinvoimaiset keskuskaupungit rakentavat menestyst\u00e4 ymp\u00e4rilleen.<\/p>\n<p>Liikennepolitiikka on yksi t\u00e4rkeimmist\u00e4 v\u00e4lineist\u00e4 tukea kaupunkien kasvua. Asiaa voisi tarkastella useista kulmista, mutta t\u00e4ss\u00e4 yhteydess\u00e4 haluan nostaa esiin liikenneyhteyksien merkityksen kaupungeille: Kaupunkimme tarvitsevat ratkaisuja, kuten tunnin junan ja p\u00e4\u00e4radan kolmannen raiteen eteenp\u00e4in viemisen!<\/p>\n<p>Kokoomus tekee kaupunkipolitiikkaa kaupunkien asukkaiden n\u00e4k\u00f6kulmasta. Kaupunkilaisille kyse on liikkumisesta p\u00e4iv\u00e4kodin kautta t\u00f6ihin, naapuriavun l\u00f6yt\u00e4misest\u00e4 s\u00e4hk\u00f6isill\u00e4 sovelluksilla, startup-yritt\u00e4jien kohtaamisesta, palveluista. Kaupunkipolitiikka on monipuolinen yhdistelm\u00e4 koulutus-, kulttuuri-, liikenne- elinkeino- ja vaikka-mit\u00e4-politiikkaa.<\/p>\n<p>Meid\u00e4n on aktiivisesti vahvistettava niit\u00e4 tekij\u00f6it\u00e4, jotka saavat kaupungit kehittym\u00e4\u00e4n ja meid\u00e4t viihtym\u00e4\u00e4n.<\/p>\n<p>&nbsp;<\/p>\n<p>Kaupungeissa ja muualla Suomessa ahkerasti ty\u00f6t\u00e4 tekevien ihmisten pit\u00e4\u00e4 saada yh\u00e4 suurempi osa itse ansaitsemistaan euroista omaan k\u00e4ytt\u00f6\u00f6ns\u00e4. Pieni- ja keskituloisten verotusta olemme pystyneet kevent\u00e4m\u00e4\u00e4n. Edelleen meid\u00e4n on kiinnitett\u00e4v\u00e4 huomio erityisesti keskituloisiin ja verotuksen kire\u00e4\u00e4n progressioon.<\/p>\n<p>Keskituloinen suomalainen palkansaaja maksaa yli 2500 euroa enemm\u00e4n tuloveroa kuin kaveri Ruotsissa. Jokaisesta tienaamastaan lis\u00e4eurosta keskituloinen suomalainen maksaa l\u00e4hes puolet valtiolle.<\/p>\n<p><strong>Hyv\u00e4t yst\u00e4v\u00e4t, Suomi tarvitsee verouudistuksen.<\/strong> Verotuksen pit\u00e4\u00e4 rohkaista yrityksi\u00e4 investoimaan. Verotuksen pit\u00e4\u00e4 tukea talouskasvua, ty\u00f6llisyytt\u00e4 ja p\u00e4\u00e4omien hakeutumista Suomeen.<\/p>\n<p>Me aiomme jatkaa ty\u00f6n verotuksen kevent\u00e4mist\u00e4 tulevina vuosina. T\u00e4m\u00e4 on kokoomuksen yksi keskeinen tavoite tulevaan hallitusohjelmaan.<\/p>\n<p>&nbsp;<\/p>\n<p>***<\/p>\n<p>&nbsp;<\/p>\n<p>Haluan n\u00e4hd\u00e4, ett\u00e4 suomalainen piensijoittaminen, kansankapitalismi, saa lis\u00e4\u00e4 virtaa. Yli 800 000 suomalaista omisti viime vuonna p\u00f6rssiosakkeita. Siis joka kuudes suomalainen. Moni suomalainen haluaa sijoittaa varoja yritysten kasvuun ja olla mukana vaikuttamassa niiden tulevaisuuteen. Se on hieno asia.<\/p>\n<p>Muissa Pohjoismaissa piensijoittajia kannustetaan sijoittamiseen sijoituss\u00e4\u00e4st\u00f6tilin avulla. Esimerkiksi Ruotsissa tileist\u00e4 on tullut valtavan suosittuja. Teemme t\u00f6it\u00e4, ett\u00e4 saisimme ne tavallisten suomalaisten k\u00e4ytt\u00f6\u00f6n. Kotimaisen omistajuuden kannalta t\u00e4m\u00e4 olisi erinomainen askel.<\/p>\n<p>&nbsp;<\/p>\n<p>***<\/p>\n<p>&nbsp;<\/p>\n<p>Hyv\u00e4t kuulijat,<\/p>\n<p>Meist\u00e4 suomalaisista osa on vaikeassa el\u00e4m\u00e4ntilanteessa. Osa on osaty\u00f6kykyisi\u00e4, vammaisia, asunnottomia, k\u00f6yhi\u00e4. Meist\u00e4 suomalaisista osa joutuu turvautumaan yhteiskunnan apuun ajoittain, osa pysyv\u00e4sti. <strong>Yhteiskunnan pit\u00e4\u00e4 auttaa.<\/strong> Se on sosiaaliturvan ensisijainen teht\u00e4v\u00e4, nyt ja tulevaisuudessa.<\/p>\n<p>Suomalainen sosiaaliturva on harsittu kasaan vuosikymmenien saatossa. Harsimassa ovat vuorollaan olleet kaikki puolueet. Tuloksena on tilkkut\u00e4kki, joka ei l\u00e4mmit\u00e4. K\u00e4yt\u00e4mme tulonsiirtoihin miljardeja euroja, mutta l\u00e4hesk\u00e4\u00e4n kaikki eurot eiv\u00e4t saa aikaan sit\u00e4 mit\u00e4 pit\u00e4isi: ne eiv\u00e4t auta.<\/p>\n<p>Pahinta on, jos tilap\u00e4iseksi tarkoitetusta turvasta tulee ansa, joka pit\u00e4\u00e4 ihmisen paikallaan. Kuulemme jatkuvasti kertomuksia kohtuuttomista tilanteista.<\/p>\n<p>T\u00e4ss\u00e4 puoluekokouksessa p\u00e4\u00e4tett\u00e4v\u00e4n\u00e4 on kokoomuslainen n\u00e4kemys tulevaisuuden sosiaaliturvasta. Sen l\u00e4ht\u00f6kohta on, ett\u00e4 jokaista autetaan. Jokaisella pit\u00e4\u00e4 olla my\u00f6s mahdollisuus parantaa tilannettaan tekem\u00e4ll\u00e4 ty\u00f6t\u00e4, opiskelemalla, yritt\u00e4m\u00e4ll\u00e4 ja kehitt\u00e4m\u00e4ll\u00e4 itse\u00e4\u00e4n.<\/p>\n<p>Kokoomuksen yleistuki yhdist\u00e4\u00e4 nykyiset tuet yhdeksi yksinkertaiseksi tueksi. Tuki v\u00e4henee tasaisesti ja ennakoidusti tulojen kasvaessa. Ty\u00f6t\u00f6n uskaltaa ottaa keikkaty\u00f6n vastaan, kun ty\u00f6n ja turvan voi yhdist\u00e4\u00e4. Turvan piiriss\u00e4 olisivat my\u00f6s itsens\u00e4 ty\u00f6llist\u00e4j\u00e4t.<\/p>\n<p>Pitk\u00e4aikaisty\u00f6tt\u00f6mille ja osaty\u00f6kykyisille on r\u00e4\u00e4t\u00e4l\u00f6ity uusi osallistumistulo. Ei ole oikein pit\u00e4\u00e4 ty\u00f6tt\u00f6myysturvalla ihmisi\u00e4, joilla ei esimerkiksi terveydellisist\u00e4 syist\u00e4 ole en\u00e4\u00e4 edellytyksi\u00e4 ty\u00f6nhakuun. Jokaiselle tulee tarjota mahdollisuus osallistua yhteiskuntaan kykyjens\u00e4 mukaan.<\/p>\n<p>&nbsp;<\/p>\n<p>Kokoomuslaiset,<\/p>\n<p>Suomi harmaantuu. Mutta viimeinen asia, mit\u00e4 harmaantuva Suomi tarvitsee, on el\u00e4kepopulismi. Parhaiten pid\u00e4mme huolta senioreistamme, ainojen ja leojen mummeista ja vaareista, kun turvaamme heille laadukkaat peruspalvelut.<\/p>\n<p>Parhaiten pid\u00e4mme heist\u00e4 huolta, kun pid\u00e4mme Suomen talouden niin hyv\u00e4ss\u00e4 kunnossa, ett\u00e4 voimme varmuudella sanoa, ett\u00e4 n\u00e4iden palveluiden j\u00e4rjest\u00e4minen pystyt\u00e4\u00e4n turvaamaan jatkossakin. <strong>Vahva talous on meid\u00e4n kaikkien paras vanhuuden turva.<\/strong><\/p>\n<p>&nbsp;<\/p>\n<p>***<\/p>\n<p>&nbsp;<\/p>\n<p>Osa ik\u00e4\u00e4ntyneist\u00e4 tarvitsee paljon hoitoa ja hoivaa. He tarvitsevat sit\u00e4 ajallaan, kun tarve on. 80-vuotiaalle suomalaiselle kahden kuukauden odotus l\u00e4\u00e4k\u00e4rille voi olla kohtalokkaan pitk\u00e4.<\/p>\n<p>Julkisessa keskustelussa hyvin v\u00e4h\u00e4lle huomiolle silti j\u00e4\u00e4, ett\u00e4 ik\u00e4vuosien karttuminen ei ole vain hoivakysymys. Seniorimme ovat t\u00e4n\u00e4\u00e4n hyvin erilaisia kuin aiempina vuosikymmenin\u00e4. Iso osa suomalaisista el\u00e4kel\u00e4isist\u00e4 on aktiivisia, menevi\u00e4 ja yhteiskunnassa tiukasti mukana. <strong>Seniorit eiv\u00e4t ole kest\u00e4vyysvaje, vaan voimavara!<\/strong><\/p>\n<p>Meid\u00e4n seniorimme tarvitsevat monimuotoisia palveluja, jotka muotoutuvat heid\u00e4n tarpeidensa mukaan. Meid\u00e4n on pystytt\u00e4v\u00e4 tarjoamaan heille esimerkiksi monimuotoista palveluasumista. Asumista, joka muuntuu el\u00e4m\u00e4n mukaisesti.<\/p>\n<p>&nbsp;<\/p>\n<p>***<\/p>\n<p>&nbsp;<\/p>\n<p><strong>Asuinymp\u00e4rist\u00f6n t\u00e4rkein paikka ihmiselle on koti.<\/strong> Me haluamme asua kotona silloinkin, kun voimat uupuvat. Kymmenet tuhannet hoitavat rakkaitaan kotona omaishoitajina. Se on kaikkein inhimillisint\u00e4 hoitoa. Omaishoitajat tarvitsevat monipuolista tukea. Meid\u00e4n on selvitett\u00e4v\u00e4, miten voisimme esimerkiksi verotusta kevent\u00e4m\u00e4ll\u00e4 tukea omaishoitajien ty\u00f6t\u00e4.<\/p>\n<p>Meid\u00e4n on selvitett\u00e4v\u00e4, olisiko hoitovapaan rinnalle mahdollista luoda hoivavapaa. Hoivavapaa, joka antaisi meille ty\u00f6ik\u00e4isille mahdollisuuksia auttaa vanhempiamme tarpeen tullen.<\/p>\n<p>&nbsp;<\/p>\n<p>***<\/p>\n<p>&nbsp;<\/p>\n<p><strong>Turvallisuus on yksi suomalaisten suurimmista murheista.<\/strong> Kannamme huolta globaaleista turvallisuusuhista. Mutta meill\u00e4 on iso huoli my\u00f6s arjen turvallisuudesta.<\/p>\n<p>Kokoomus huolehtii siit\u00e4, ett\u00e4 suomalaisten tunne oman arjen turvallisuudesta paranee. Arjen turvallisuutta on, ett\u00e4 palvelut pelaavat. Arjen turvallisuutta on, ett\u00e4 sosiaaliturva on kunnossa. Se on sit\u00e4, ett\u00e4 liukkaat kadut hiekoitetaan. Se on sit\u00e4, ett\u00e4 joku, joka kysyy vointia. Sit\u00e4, ett\u00e4 julkisilla paikoilla uskaltaa liikkua luottavaisin mielin.<\/p>\n<p>Sit\u00e4kin se on, ett\u00e4 meill\u00e4 on riitt\u00e4v\u00e4sti poliiseja turvaamassa j\u00e4rjestyst\u00e4 ja yhteiskuntarauhaa. Me haluamme turvata poliisien riitt\u00e4v\u00e4n m\u00e4\u00e4r\u00e4n jatkossakin.<\/p>\n<p>Muuttuvassa maailmassa on paljon uusia uhkia, jotka heikent\u00e4v\u00e4t suomalaistenkin kokonaisturvallisuuden tunnetta. Kybervaikuttamista ihmisten mieliin, terroritekoja. Meid\u00e4n on saatettava joutuisasti voimaan Suomen turvallisuutta parantava tiedustelulains\u00e4\u00e4d\u00e4nt\u00f6. Meid\u00e4n on varmistettava suojelupoliisin toimintakyky.<\/p>\n<p><strong>Suomi on yksi maailman turvallisimmista maista. Me aiomme pit\u00e4\u00e4 huolta, ett\u00e4 niin on vastakin.<\/strong> N\u00e4it\u00e4kin asioita, yst\u00e4v\u00e4t; me ratkomme yhdess\u00e4 eurooppalaisissa p\u00f6ydiss\u00e4.<\/p>\n<p>&nbsp;<\/p>\n<p>***<\/p>\n<p>&nbsp;<\/p>\n<p>Yst\u00e4v\u00e4t, kokoomuslaiset, v\u00e4nner, samlingspartister<\/p>\n<p>Olen puhunut uudistuksista, joita Suomi tarvitsee. Emme kuitenkaan rakenna tulevaisuutta yksin. Me suomalaiset olemme eurooppalaisia. <strong>EU on meid\u00e4n yhteis\u00f6mme.<\/strong> Se on tuonut meille lis\u00e4arvoa, vaurautta ja turvallisuutta. Suomen vieminen EU-j\u00e4seneksi oli yksi kokoomuksen historian suuria projekteja. Se on projekti, joka jatkuu: EU ei ole valmis.<\/p>\n<p>Kokoomukselle t\u00e4m\u00e4 on peruuttamaton arvovalinta: Suomi osana eurooppalaisten ja laajemmin l\u00e4nsimaisten kansakuntien perhett\u00e4. Mit\u00e4 vahvempi Euroopan unioni on, sit\u00e4 vahvempi on Suomen itsen\u00e4isyys.<\/p>\n<p>&nbsp;<\/p>\n<p>***<\/p>\n<p>&nbsp;<\/p>\n<p>Suomesta tulee EU:n puheenjohtajamaa heti eduskuntavaalien j\u00e4lkeen. Edess\u00e4 ovat Euroopan parlamentin vaalit, uuden komission valinta. Komissio tekee ohjelmansa Suomen pj-kaudella. Suomelle avautuu vaikuttamisen paikka, joka on osattava k\u00e4ytt\u00e4\u00e4 hyvin.<\/p>\n<p><strong>L\u00e4hdemme eurooppapolitiikassa siit\u00e4, ett\u00e4 kaikki mik\u00e4 tuottaa lis\u00e4arvoa, kannattaa tehd\u00e4 yhdess\u00e4.<\/strong> Esimerkiksi maahanmuutto, ilmastonmuutos ja eriarvoisuus ovat poliittisella agendalla miltei kaikissa j\u00e4senmaissa. Siksi EU:n pit\u00e4\u00e4 ottaa johtava rooli n\u00e4ihin haasteisiin vastaamisessa.<\/p>\n<p>Talous- ja rahaliittoa on kehitett\u00e4v\u00e4 vastuullisesti. Yhteist\u00e4 ulko- ja turvallisuuspolitiikkaa on vahvistettava ja EU:n yhteisen kauppapolitiikan merkityst\u00e4 lis\u00e4tt\u00e4v\u00e4. EU:n pit\u00e4\u00e4 saavuttaa kokoaan vastaava asema maailmanpolitiikassa. EU:n huomion pit\u00e4\u00e4 olla yh\u00e4 enemm\u00e4n osaamisessa, tutkimuksessa, kehityksess\u00e4 ja innovaatioissa. T\u00e4m\u00e4 edist\u00e4\u00e4 kasvua ja ty\u00f6llisyytt\u00e4 Suomessakin.<\/p>\n<p>Yhdess\u00e4 meid\u00e4n on huolehdittava, ett\u00e4 oikeusvaltioperiaatetta kunnioitetaan kaikissa j\u00e4senmaissa. Afrikan tilanne on meille eurooppalaisille yhteinen kohtalon kysymys. Pakolaisuus ja v\u00e4est\u00f6nkasvu on massiivinen haaste, johon vastaamme parhaiten vain yhdess\u00e4.<\/p>\n<p>&nbsp;<\/p>\n<p>****<\/p>\n<p>&nbsp;<\/p>\n<p>Maailmanpolitiikka on ollut viime aikoina kaaoksessa. Ven\u00e4j\u00e4n voimapolitiikka, Yhdysvaltojen poukkoileva kauppapolitiikka ja pyrkimykset kahdenv\u00e4listen suhteiden vahvistamiseen haastavat monenkeskist\u00e4, s\u00e4\u00e4nt\u00f6ihin perustuvaa kansainv\u00e4list\u00e4 j\u00e4rjestelm\u00e4\u00e4.<\/p>\n<p><strong>Suomi ei voi vet\u00e4yty\u00e4 kuoreensa ja toivoa, ett\u00e4 kaikki paha pysyy poissa, kunhan pist\u00e4mme rajat kiinni ja k\u00e4det ristiin.<\/strong><\/p>\n<p>Suomen on jatkettava kansainv\u00e4lisiin instituutioihin perustuvan maailmanj\u00e4rjestyksen puolesta puhumista. Pienet valtiot tarvitsevat kansainv\u00e4lisi\u00e4 pelis\u00e4\u00e4nt\u00f6j\u00e4. Ilman kansainv\u00e4list\u00e4 oikeutta vallitsee puhdas vahvimman oikeus.<\/p>\n<p>&nbsp;<\/p>\n<p>***<\/p>\n<p>&nbsp;<\/p>\n<p>Suomalaisia ei kukaan tule Pohjolan perukoilta hakemaan. Meid\u00e4n on ment\u00e4v\u00e4 istumaan niihin p\u00f6ytiin, joissa tehd\u00e4\u00e4n meit\u00e4 koskevia globaaleja p\u00e4\u00e4t\u00f6ksi\u00e4.<\/p>\n<p><strong>Kokoomus kannattaa Suomen Nato-j\u00e4senyytt\u00e4.<\/strong> J\u00e4senyydell\u00e4 olisi ennaltaehk\u00e4isev\u00e4, Suomen turvallisuutta parantava vaikutus ja se vahvistaisi Suomen kansainv\u00e4list\u00e4 asemaa.<\/p>\n<p>&nbsp;<\/p>\n<p>Rakkaat kokoomuslaiset,<\/p>\n<p>k\u00e4ra samlingspartister,<\/p>\n<p>Satavuotias kokoomuksemme on meille arvokas, rakas kansanliike.<\/p>\n<p>Meid\u00e4n lahjamme satavuotiaalle on, ett\u00e4 pid\u00e4mme puolueen vetovoimaisena ja el\u00e4v\u00e4n\u00e4, jatkuvasti uudistuvana. Osallistavana, ajattelevana, keskustelevana ja kuuntelevana. Puolueena, jolla on paljon annettavaa suomalaisten tulevaisuudelle my\u00f6s silloin, kun viime vuonna syntyneill\u00e4 ainoilla ja leoilla on omia lapsia ja lapsenlapsia.<\/p>\n<p>T\u00e4ss\u00e4 kokouksessa teemme yhdess\u00e4 kokoomukselle uuden periaateohjelman. Se on Kansallisen Kokoomuksen yhdeks\u00e4s periaateohjelma koko sadan vuoden aikana. M\u00e4\u00e4rittelemme aatteemme nykytilan ja linjaamme sen tulevaisuuden. Katseemme on jo seuraavassa sadassa vuodessa.<\/p>\n<p>Kokoomuslaisen aatteen l\u00e4ht\u00f6kohta ja p\u00e4\u00e4m\u00e4\u00e4r\u00e4 on ihminen. Ihminen, joka haluaa tehd\u00e4 hyv\u00e4\u00e4 ja toimia oikein. Ihminen, joka haluaa kantaa vastuuta itsest\u00e4\u00e4n ja l\u00e4himm\u00e4isist\u00e4.<\/p>\n<p><strong>Hyv\u00e4\u00e4 yhteiskuntaa ei voi olla ilman my\u00f6t\u00e4tuntoa toista ihmist\u00e4 kohtaan.<\/strong> Ei ilman sit\u00e4, ett\u00e4 jokainen meist\u00e4 pyrkii asettumaan toisen ihmisen asemaan. Hyv\u00e4\u00e4 yhteiskuntaa ei voi olla ilman, ett\u00e4 pyrimme kuulemaan my\u00f6s heit\u00e4, jotka eiv\u00e4t ole kanssamme samaa mielt\u00e4.<\/p>\n<p>Kokoomuslaisessa aatteessa jokaiselle kuuluu sama arvokkuus, syntym\u00e4st\u00e4 el\u00e4m\u00e4n viimeiseen p\u00e4iv\u00e4\u00e4n. Se on itsem\u00e4\u00e4r\u00e4\u00e4misoikeutta ja tasa-arvoisia mahdollisuuksia oman el\u00e4m\u00e4n rakentamiseen. Kokoomuslaisessa sivistysyhteiskunnassa saa oppia ja kehitt\u00e4\u00e4 itse\u00e4\u00e4n varallisuuden rajoittamatta.<\/p>\n<p>Saa yritt\u00e4\u00e4 ja ottaa riski\u00e4, menesty\u00e4 ja nauttia ty\u00f6ns\u00e4 hedelmist\u00e4. Saa ep\u00e4onnistua ilman, ett\u00e4 loppuel\u00e4m\u00e4 menee pilalle. Saa luottaa siihen, ett\u00e4 jos kompastuu, autetaan takaisin jaloilleen.<\/p>\n<p>Aatteeseemme kuuluu vastuu ymp\u00e4rist\u00f6st\u00e4 ja luonnosta, lajien s\u00e4ilymisest\u00e4 ja luonnon monimuotoisuudesta. Kokoomuslaiset, t\u00e4m\u00e4 aate ja n\u00e4m\u00e4 arvot ovat v\u00e4kev\u00e4sti elossa. N\u00e4iden arvojen pohjalta meid\u00e4n kelpaa l\u00e4hte\u00e4 toteuttamaan muutosta Suomessa.<\/p>\n<p>&nbsp;<\/p>\n<p>***<\/p>\n<p>&nbsp;<\/p>\n<p>Rakkaat yst\u00e4v\u00e4t, k\u00e4ra v\u00e4nner,<\/p>\n<p>Vuoden sis\u00e4\u00e4n k\u00e4ymme kolmet vaalit. Ja mik\u00e4 meid\u00e4n on k\u00e4ydess\u00e4: Arvomme ovat kirkkaat. Tavoitteemme ovat selv\u00e4t ja n\u00e4kemyksemme on vahva. Kun me l\u00e4hdemme t\u00e4\u00e4lt\u00e4 Turusta, pidet\u00e4\u00e4n huoli, ett\u00e4 arvomme, tavoitteemme ja n\u00e4kemyksemme eiv\u00e4t j\u00e4\u00e4 salaisuudeksi yhdellek\u00e4\u00e4n suomalaiselle.<\/p>\n<p><strong>Nyt, kokoomuslaiset, nyt me l\u00e4hdemme liikkeelle!<\/strong><\/p>\n<p>Meid\u00e4n on kuunneltava ja ymm\u00e4rrett\u00e4v\u00e4, mit\u00e4 suomalaiset haluavat. Meid\u00e4n on \u2013 niin sosiaalisessa mediassa, siell\u00e4 miss\u00e4 liikumme kuin omissa verkostoissamme \u2013 vastattava ja keskusteltava, kerrottava, mit\u00e4 olemme suomalaisten hyv\u00e4ksi tehneet.<\/p>\n<p>Voimme suorastaan heitt\u00e4yty\u00e4 haastettavaksi. Haastettuna kokoomuslainen n\u00e4kemys vain jalostuu! Nyt me panemme peliin kaiken.<\/p>\n<p>Meid\u00e4n tavoitteemme on voitto kaikissa kolmissa vaaleissa. Meill\u00e4 on kaikki mahdollisuudet saavuttaa tavoitteemme. Se on teist\u00e4 \u2013 se on meist\u00e4 kiinni. <strong>Ja yhdess\u00e4 me teemme sen.<\/strong><\/p>\n<p>Min\u00e4 oikein odotan sit\u00e4, ett\u00e4 p\u00e4\u00e4semme kampanjoimaan. Me olemme vaality\u00f6n ammattilaisia, meill\u00e4 on vahva kentt\u00e4toiminnan verkosto ymp\u00e4ri maan. Kun me laitamme rallin p\u00e4\u00e4lle, meit\u00e4 ei pys\u00e4yt\u00e4 mik\u00e4\u00e4n. Olemme valmiita kokeilemaan, kehitt\u00e4m\u00e4\u00e4n ja k\u00e4ytt\u00e4m\u00e4\u00e4n uudenlaisia toimintatapoja ja kampanjoinnin malleja.<\/p>\n<p>&nbsp;<\/p>\n<p>****<\/p>\n<p>&nbsp;<\/p>\n<p><strong>Emme tavoittele valtaa vallan vuoksi. Vaan toteuttaaksemme muutoksen.<\/strong><\/p>\n<p>Haluamme voittaa maakuntavaalit, jotta sote-uudistus toteutuu tavoitteidemme mukaisesti. Jotta maakuntiin syntyy laaja valinnanvapaus ja jotta ihmiset p\u00e4\u00e4sev\u00e4t vihdoin jonottamatta hoitoon. Haluamme voittaa eduskuntavaalit, jotta maata voidaan johdollamme uudistaa.<\/p>\n<p>Meill\u00e4 on valmis ty\u00f6lista. Kerroin teille, ett\u00e4 haluan uudistaa suomalaisen ty\u00f6el\u00e4m\u00e4n, verotuksen ja sosiaaliturvan. Haluan tehd\u00e4 sen vahvalla valtakirjalla, p\u00e4\u00e4ministerin\u00e4.<\/p>\n<p>Haluamme voittaa eurovaalit, jotta Suomi vahvistaa asemaansa osana l\u00e4ntist\u00e4 arvoyhteis\u00f6\u00e4 ja jotta Euroopan unionia kehitet\u00e4\u00e4n jatkossakin p\u00e4\u00e4tt\u00e4v\u00e4isesti ja vastuullisesti.<\/p>\n<p>Haluamme tulla maaliin ykk\u00f6sin\u00e4, koska Suomi ja suomalaiset ansaitsevat lis\u00e4\u00e4 toivoa ja uskoa tulevaisuuteen. Ja sit\u00e4 me, kokoomus, pystymme tarjoamaan.<\/p>\n<p>&nbsp;<\/p>\n<p><strong>Ykk\u00f6spaikan hakeminen alkaa nyt!<\/strong><\/p>\n<p>&nbsp;<\/p>\n<p>Kiitos!<\/p>","protected":false},"excerpt":{"rendered":"<p>Kokoomuksen puheenjohtajan, Petteri Orpon linjapuhe puoluekokouksessa 2018 &nbsp; &nbsp; Rakkaat yst\u00e4v\u00e4t, kokoomuslaiset K\u00e4ra v\u00e4nner, samlingspartister &nbsp; On hetki\u00e4, jolloin tunteita on vaikea vangita sanoiksi. Luottamus, jonka teilt\u00e4 saan, antaa voimaa. Se antaa p\u00e4\u00e4tt\u00e4v\u00e4isyytt\u00e4. Se saa n\u00f6yr\u00e4ksi ja kiitolliseksi. Kiitos teille! Tack f\u00f6r er! Erityisesti haluan kiitt\u00e4\u00e4 vaimoani Niinaa ja lapsiani. Te tied\u00e4tte, miten paljon minulle [&hellip;]<\/p>","protected":false},"author":1,"featured_media":1105,"comment_status":"open","ping_status":"open","sticky":false,"template":"","format":"standard","meta":{"footnotes":""},"categories":[6],"tags":[],"class_list":["post-961","post","type-post","status-publish","format-standard","has-post-thumbnail","hentry","category-blogi"],"yoast_head":"<!-- This site is optimized with the Yoast SEO plugin v26.0 - https:\/\/yoast.com\/wordpress\/plugins\/seo\/ -->\n<title>Linjapuhe puoluekokouksessa 2018 - Petteri Orpo<\/title>\n<meta name=\"robots\" content=\"index, follow, max-snippet:-1, max-image-preview:large, max-video-preview:-1\" \/>\n<link rel=\"canonical\" href=\"https:\/\/www.petteriorpo.fi\/en\/linjapuhe-puoluekokouksessa-2018\/\" \/>\n<meta property=\"og:locale\" content=\"en_GB\" \/>\n<meta property=\"og:type\" content=\"article\" \/>\n<meta property=\"og:title\" content=\"Linjapuhe puoluekokouksessa 2018 - Petteri Orpo\" \/>\n<meta property=\"og:description\" content=\"Kokoomuksen puheenjohtajan, Petteri Orpon linjapuhe puoluekokouksessa 2018 &nbsp; &nbsp; Rakkaat yst\u00e4v\u00e4t, kokoomuslaiset K\u00e4ra v\u00e4nner, samlingspartister &nbsp; On hetki\u00e4, jolloin tunteita on vaikea vangita sanoiksi. Luottamus, jonka teilt\u00e4 saan, antaa voimaa. Se antaa p\u00e4\u00e4tt\u00e4v\u00e4isyytt\u00e4. Se saa n\u00f6yr\u00e4ksi ja kiitolliseksi. Kiitos teille! Tack f\u00f6r er! Erityisesti haluan kiitt\u00e4\u00e4 vaimoani Niinaa ja lapsiani. Te tied\u00e4tte, miten paljon minulle [&hellip;]\" \/>\n<meta property=\"og:url\" content=\"https:\/\/www.petteriorpo.fi\/en\/linjapuhe-puoluekokouksessa-2018\/\" \/>\n<meta property=\"og:site_name\" content=\"Petteri Orpo\" \/>\n<meta property=\"article:published_time\" content=\"2018-06-09T12:30:40+00:00\" \/>\n<meta property=\"article:modified_time\" content=\"2023-02-16T16:50:48+00:00\" \/>\n<meta property=\"og:image\" content=\"https:\/\/www.petteriorpo.fi\/wp-content\/uploads\/2016\/11\/Petteri_1.jpg\" \/>\n\t<meta property=\"og:image:width\" content=\"1230\" \/>\n\t<meta property=\"og:image:height\" content=\"630\" \/>\n\t<meta property=\"og:image:type\" content=\"image\/jpeg\" \/>\n<meta name=\"author\" content=\"admin\" \/>\n<meta name=\"twitter:card\" content=\"summary_large_image\" \/>\n<meta name=\"twitter:label1\" content=\"Written by\" \/>\n\t<meta name=\"twitter:data1\" content=\"admin\" \/>\n\t<meta name=\"twitter:label2\" content=\"Estimated reading time\" \/>\n\t<meta name=\"twitter:data2\" content=\"20 minutes\" \/>\n<script type=\"application\/ld+json\" class=\"yoast-schema-graph\">{\"@context\":\"https:\/\/schema.org\",\"@graph\":[{\"@type\":\"Article\",\"@id\":\"https:\/\/www.petteriorpo.fi\/linjapuhe-puoluekokouksessa-2018\/#article\",\"isPartOf\":{\"@id\":\"https:\/\/www.petteriorpo.fi\/linjapuhe-puoluekokouksessa-2018\/\"},\"author\":{\"name\":\"admin\",\"@id\":\"https:\/\/www.petteriorpo.fi\/#\/schema\/person\/269837cd998a58c819bee3941bc2d2b9\"},\"headline\":\"Linjapuhe puoluekokouksessa 2018\",\"datePublished\":\"2018-06-09T12:30:40+00:00\",\"dateModified\":\"2023-02-16T16:50:48+00:00\",\"mainEntityOfPage\":{\"@id\":\"https:\/\/www.petteriorpo.fi\/linjapuhe-puoluekokouksessa-2018\/\"},\"wordCount\":4001,\"commentCount\":0,\"publisher\":{\"@id\":\"https:\/\/www.petteriorpo.fi\/#organization\"},\"image\":{\"@id\":\"https:\/\/www.petteriorpo.fi\/linjapuhe-puoluekokouksessa-2018\/#primaryimage\"},\"thumbnailUrl\":\"https:\/\/www.petteriorpo.fi\/wp-content\/uploads\/2016\/11\/Petteri_1.jpg\",\"articleSection\":[\"Blogi\"],\"inLanguage\":\"en-GB\",\"potentialAction\":[{\"@type\":\"CommentAction\",\"name\":\"Comment\",\"target\":[\"https:\/\/www.petteriorpo.fi\/linjapuhe-puoluekokouksessa-2018\/#respond\"]}]},{\"@type\":\"WebPage\",\"@id\":\"https:\/\/www.petteriorpo.fi\/linjapuhe-puoluekokouksessa-2018\/\",\"url\":\"https:\/\/www.petteriorpo.fi\/linjapuhe-puoluekokouksessa-2018\/\",\"name\":\"Linjapuhe puoluekokouksessa 2018 - Petteri Orpo\",\"isPartOf\":{\"@id\":\"https:\/\/www.petteriorpo.fi\/#website\"},\"primaryImageOfPage\":{\"@id\":\"https:\/\/www.petteriorpo.fi\/linjapuhe-puoluekokouksessa-2018\/#primaryimage\"},\"image\":{\"@id\":\"https:\/\/www.petteriorpo.fi\/linjapuhe-puoluekokouksessa-2018\/#primaryimage\"},\"thumbnailUrl\":\"https:\/\/www.petteriorpo.fi\/wp-content\/uploads\/2016\/11\/Petteri_1.jpg\",\"datePublished\":\"2018-06-09T12:30:40+00:00\",\"dateModified\":\"2023-02-16T16:50:48+00:00\",\"breadcrumb\":{\"@id\":\"https:\/\/www.petteriorpo.fi\/linjapuhe-puoluekokouksessa-2018\/#breadcrumb\"},\"inLanguage\":\"en-GB\",\"potentialAction\":[{\"@type\":\"ReadAction\",\"target\":[\"https:\/\/www.petteriorpo.fi\/linjapuhe-puoluekokouksessa-2018\/\"]}]},{\"@type\":\"ImageObject\",\"inLanguage\":\"en-GB\",\"@id\":\"https:\/\/www.petteriorpo.fi\/linjapuhe-puoluekokouksessa-2018\/#primaryimage\",\"url\":\"https:\/\/www.petteriorpo.fi\/wp-content\/uploads\/2016\/11\/Petteri_1.jpg\",\"contentUrl\":\"https:\/\/www.petteriorpo.fi\/wp-content\/uploads\/2016\/11\/Petteri_1.jpg\",\"width\":1230,\"height\":630},{\"@type\":\"BreadcrumbList\",\"@id\":\"https:\/\/www.petteriorpo.fi\/linjapuhe-puoluekokouksessa-2018\/#breadcrumb\",\"itemListElement\":[{\"@type\":\"ListItem\",\"position\":1,\"name\":\"Etusivu\",\"item\":\"https:\/\/www.petteriorpo.fi\/\"},{\"@type\":\"ListItem\",\"position\":2,\"name\":\"Linjapuhe puoluekokouksessa 2018\"}]},{\"@type\":\"WebSite\",\"@id\":\"https:\/\/www.petteriorpo.fi\/#website\",\"url\":\"https:\/\/www.petteriorpo.fi\/\",\"name\":\"Petteri Orpo\",\"description\":\"Yhdess&auml; tehden eteenp&auml;in\",\"publisher\":{\"@id\":\"https:\/\/www.petteriorpo.fi\/#organization\"},\"potentialAction\":[{\"@type\":\"SearchAction\",\"target\":{\"@type\":\"EntryPoint\",\"urlTemplate\":\"https:\/\/www.petteriorpo.fi\/?s={search_term_string}\"},\"query-input\":{\"@type\":\"PropertyValueSpecification\",\"valueRequired\":true,\"valueName\":\"search_term_string\"}}],\"inLanguage\":\"en-GB\"},{\"@type\":\"Organization\",\"@id\":\"https:\/\/www.petteriorpo.fi\/#organization\",\"name\":\"Petteri Orpo\",\"url\":\"https:\/\/www.petteriorpo.fi\/\",\"logo\":{\"@type\":\"ImageObject\",\"inLanguage\":\"en-GB\",\"@id\":\"https:\/\/www.petteriorpo.fi\/#\/schema\/logo\/image\/\",\"url\":\"https:\/\/www.petteriorpo.fi\/wp-content\/uploads\/2022\/08\/logo_orpo.png\",\"contentUrl\":\"https:\/\/www.petteriorpo.fi\/wp-content\/uploads\/2022\/08\/logo_orpo.png\",\"width\":114,\"height\":120,\"caption\":\"Petteri Orpo\"},\"image\":{\"@id\":\"https:\/\/www.petteriorpo.fi\/#\/schema\/logo\/image\/\"}},{\"@type\":\"Person\",\"@id\":\"https:\/\/www.petteriorpo.fi\/#\/schema\/person\/269837cd998a58c819bee3941bc2d2b9\",\"name\":\"admin\",\"image\":{\"@type\":\"ImageObject\",\"inLanguage\":\"en-GB\",\"@id\":\"https:\/\/www.petteriorpo.fi\/#\/schema\/person\/image\/\",\"url\":\"https:\/\/secure.gravatar.com\/avatar\/e3534ba089e9f56595220762a1371e56?s=96&d=mm&r=g\",\"contentUrl\":\"https:\/\/secure.gravatar.com\/avatar\/e3534ba089e9f56595220762a1371e56?s=96&d=mm&r=g\",\"caption\":\"admin\"},\"sameAs\":[\"https:\/\/www.petteriorpo.fi\"],\"url\":\"https:\/\/www.petteriorpo.fi\/en\/author\/admin\/\"}]}<\/script>\n<!-- \/ Yoast SEO plugin. -->","yoast_head_json":{"title":"Linjapuhe puoluekokouksessa 2018 - Petteri Orpo","robots":{"index":"index","follow":"follow","max-snippet":"max-snippet:-1","max-image-preview":"max-image-preview:large","max-video-preview":"max-video-preview:-1"},"canonical":"https:\/\/www.petteriorpo.fi\/en\/linjapuhe-puoluekokouksessa-2018\/","og_locale":"en_GB","og_type":"article","og_title":"Linjapuhe puoluekokouksessa 2018 - Petteri Orpo","og_description":"Kokoomuksen puheenjohtajan, Petteri Orpon linjapuhe puoluekokouksessa 2018 &nbsp; &nbsp; Rakkaat yst\u00e4v\u00e4t, kokoomuslaiset K\u00e4ra v\u00e4nner, samlingspartister &nbsp; On hetki\u00e4, jolloin tunteita on vaikea vangita sanoiksi. Luottamus, jonka teilt\u00e4 saan, antaa voimaa. Se antaa p\u00e4\u00e4tt\u00e4v\u00e4isyytt\u00e4. Se saa n\u00f6yr\u00e4ksi ja kiitolliseksi. Kiitos teille! Tack f\u00f6r er! Erityisesti haluan kiitt\u00e4\u00e4 vaimoani Niinaa ja lapsiani. Te tied\u00e4tte, miten paljon minulle [&hellip;]","og_url":"https:\/\/www.petteriorpo.fi\/en\/linjapuhe-puoluekokouksessa-2018\/","og_site_name":"Petteri Orpo","article_published_time":"2018-06-09T12:30:40+00:00","article_modified_time":"2023-02-16T16:50:48+00:00","og_image":[{"width":1230,"height":630,"url":"https:\/\/www.petteriorpo.fi\/wp-content\/uploads\/2016\/11\/Petteri_1.jpg","type":"image\/jpeg"}],"author":"admin","twitter_card":"summary_large_image","twitter_misc":{"Written by":"admin","Estimated reading time":"20 minutes"},"schema":{"@context":"https:\/\/schema.org","@graph":[{"@type":"Article","@id":"https:\/\/www.petteriorpo.fi\/linjapuhe-puoluekokouksessa-2018\/#article","isPartOf":{"@id":"https:\/\/www.petteriorpo.fi\/linjapuhe-puoluekokouksessa-2018\/"},"author":{"name":"admin","@id":"https:\/\/www.petteriorpo.fi\/#\/schema\/person\/269837cd998a58c819bee3941bc2d2b9"},"headline":"Linjapuhe puoluekokouksessa 2018","datePublished":"2018-06-09T12:30:40+00:00","dateModified":"2023-02-16T16:50:48+00:00","mainEntityOfPage":{"@id":"https:\/\/www.petteriorpo.fi\/linjapuhe-puoluekokouksessa-2018\/"},"wordCount":4001,"commentCount":0,"publisher":{"@id":"https:\/\/www.petteriorpo.fi\/#organization"},"image":{"@id":"https:\/\/www.petteriorpo.fi\/linjapuhe-puoluekokouksessa-2018\/#primaryimage"},"thumbnailUrl":"https:\/\/www.petteriorpo.fi\/wp-content\/uploads\/2016\/11\/Petteri_1.jpg","articleSection":["Blogi"],"inLanguage":"en-GB","potentialAction":[{"@type":"CommentAction","name":"Comment","target":["https:\/\/www.petteriorpo.fi\/linjapuhe-puoluekokouksessa-2018\/#respond"]}]},{"@type":"WebPage","@id":"https:\/\/www.petteriorpo.fi\/linjapuhe-puoluekokouksessa-2018\/","url":"https:\/\/www.petteriorpo.fi\/linjapuhe-puoluekokouksessa-2018\/","name":"Linjapuhe puoluekokouksessa 2018 - Petteri Orpo","isPartOf":{"@id":"https:\/\/www.petteriorpo.fi\/#website"},"primaryImageOfPage":{"@id":"https:\/\/www.petteriorpo.fi\/linjapuhe-puoluekokouksessa-2018\/#primaryimage"},"image":{"@id":"https:\/\/www.petteriorpo.fi\/linjapuhe-puoluekokouksessa-2018\/#primaryimage"},"thumbnailUrl":"https:\/\/www.petteriorpo.fi\/wp-content\/uploads\/2016\/11\/Petteri_1.jpg","datePublished":"2018-06-09T12:30:40+00:00","dateModified":"2023-02-16T16:50:48+00:00","breadcrumb":{"@id":"https:\/\/www.petteriorpo.fi\/linjapuhe-puoluekokouksessa-2018\/#breadcrumb"},"inLanguage":"en-GB","potentialAction":[{"@type":"ReadAction","target":["https:\/\/www.petteriorpo.fi\/linjapuhe-puoluekokouksessa-2018\/"]}]},{"@type":"ImageObject","inLanguage":"en-GB","@id":"https:\/\/www.petteriorpo.fi\/linjapuhe-puoluekokouksessa-2018\/#primaryimage","url":"https:\/\/www.petteriorpo.fi\/wp-content\/uploads\/2016\/11\/Petteri_1.jpg","contentUrl":"https:\/\/www.petteriorpo.fi\/wp-content\/uploads\/2016\/11\/Petteri_1.jpg","width":1230,"height":630},{"@type":"BreadcrumbList","@id":"https:\/\/www.petteriorpo.fi\/linjapuhe-puoluekokouksessa-2018\/#breadcrumb","itemListElement":[{"@type":"ListItem","position":1,"name":"Etusivu","item":"https:\/\/www.petteriorpo.fi\/"},{"@type":"ListItem","position":2,"name":"Linjapuhe puoluekokouksessa 2018"}]},{"@type":"WebSite","@id":"https:\/\/www.petteriorpo.fi\/#website","url":"https:\/\/www.petteriorpo.fi\/","name":"Petteri Orpo","description":"Yhdess&auml; tehden eteenp&auml;in","publisher":{"@id":"https:\/\/www.petteriorpo.fi\/#organization"},"potentialAction":[{"@type":"SearchAction","target":{"@type":"EntryPoint","urlTemplate":"https:\/\/www.petteriorpo.fi\/?s={search_term_string}"},"query-input":{"@type":"PropertyValueSpecification","valueRequired":true,"valueName":"search_term_string"}}],"inLanguage":"en-GB"},{"@type":"Organization","@id":"https:\/\/www.petteriorpo.fi\/#organization","name":"Petteri Orpo","url":"https:\/\/www.petteriorpo.fi\/","logo":{"@type":"ImageObject","inLanguage":"en-GB","@id":"https:\/\/www.petteriorpo.fi\/#\/schema\/logo\/image\/","url":"https:\/\/www.petteriorpo.fi\/wp-content\/uploads\/2022\/08\/logo_orpo.png","contentUrl":"https:\/\/www.petteriorpo.fi\/wp-content\/uploads\/2022\/08\/logo_orpo.png","width":114,"height":120,"caption":"Petteri Orpo"},"image":{"@id":"https:\/\/www.petteriorpo.fi\/#\/schema\/logo\/image\/"}},{"@type":"Person","@id":"https:\/\/www.petteriorpo.fi\/#\/schema\/person\/269837cd998a58c819bee3941bc2d2b9","name":"admin","image":{"@type":"ImageObject","inLanguage":"en-GB","@id":"https:\/\/www.petteriorpo.fi\/#\/schema\/person\/image\/","url":"https:\/\/secure.gravatar.com\/avatar\/e3534ba089e9f56595220762a1371e56?s=96&d=mm&r=g","contentUrl":"https:\/\/secure.gravatar.com\/avatar\/e3534ba089e9f56595220762a1371e56?s=96&d=mm&r=g","caption":"admin"},"sameAs":["https:\/\/www.petteriorpo.fi"],"url":"https:\/\/www.petteriorpo.fi\/en\/author\/admin\/"}]}},"_links":{"self":[{"href":"https:\/\/www.petteriorpo.fi\/en\/wp-json\/wp\/v2\/posts\/961","targetHints":{"allow":["GET"]}}],"collection":[{"href":"https:\/\/www.petteriorpo.fi\/en\/wp-json\/wp\/v2\/posts"}],"about":[{"href":"https:\/\/www.petteriorpo.fi\/en\/wp-json\/wp\/v2\/types\/post"}],"author":[{"embeddable":true,"href":"https:\/\/www.petteriorpo.fi\/en\/wp-json\/wp\/v2\/users\/1"}],"replies":[{"embeddable":true,"href":"https:\/\/www.petteriorpo.fi\/en\/wp-json\/wp\/v2\/comments?post=961"}],"version-history":[{"count":1,"href":"https:\/\/www.petteriorpo.fi\/en\/wp-json\/wp\/v2\/posts\/961\/revisions"}],"predecessor-version":[{"id":1052,"href":"https:\/\/www.petteriorpo.fi\/en\/wp-json\/wp\/v2\/posts\/961\/revisions\/1052"}],"wp:featuredmedia":[{"embeddable":true,"href":"https:\/\/www.petteriorpo.fi\/en\/wp-json\/wp\/v2\/media\/1105"}],"wp:attachment":[{"href":"https:\/\/www.petteriorpo.fi\/en\/wp-json\/wp\/v2\/media?parent=961"}],"wp:term":[{"taxonomy":"category","embeddable":true,"href":"https:\/\/www.petteriorpo.fi\/en\/wp-json\/wp\/v2\/categories?post=961"},{"taxonomy":"post_tag","embeddable":true,"href":"https:\/\/www.petteriorpo.fi\/en\/wp-json\/wp\/v2\/tags?post=961"}],"curies":[{"name":"wp","href":"https:\/\/api.w.org\/{rel}","templated":true}]}}