{"id":936,"date":"2017-09-21T16:20:30","date_gmt":"2017-09-21T13:20:30","guid":{"rendered":"http:\/\/www.petteriorpo.fi\/?p=458"},"modified":"2023-02-16T16:50:47","modified_gmt":"2023-02-16T16:50:47","slug":"kestava-kehitys-osaksi-talousarviota","status":"publish","type":"post","link":"https:\/\/www.petteriorpo.fi\/en\/kestava-kehitys-osaksi-talousarviota\/","title":{"rendered":"Kest\u00e4v\u00e4 kehitys osaksi talousarviota"},"content":{"rendered":"<p>Kest\u00e4v\u00e4n kehityksen toimintaohjelma Agenda2030 hyv\u00e4ksyttiin kaksi vuotta sitten. Ensimm\u00e4ist\u00e4 kertaa kaikilla mailla on yhteinen toimintaohjelma, jossa on yhteisi\u00e4, konkreettisia tavoitteita kest\u00e4v\u00e4n kehityksen edist\u00e4miseksi, ja jonka edistymist\u00e4 seurataan yhdess\u00e4 vuosittain. Yhteisell\u00e4 maapallollamme on pitk\u00e4lti yhteiset haasteet, joita meid\u00e4n pit\u00e4\u00e4 yhdess\u00e4 ratkaista.<\/p>\n<p>Suomessa toimeenpano k\u00e4ynnistyi ripe\u00e4sti ja olimme ensimm\u00e4isten maiden joukossa esittelem\u00e4ss\u00e4 omaa malliamme YK-foorumilla hein\u00e4kuussa 2016. Kev\u00e4\u00e4ll\u00e4 2017 hallitus linjasi valtioneuvoston selonteossa toimeenpanon kansalliset painopisteet eri sektoreille. Ohjelman 17 tavoitteen saavuttamisessa on kullakin maalla omat haasteensa. Meill\u00e4 ne liittyv\u00e4t erityisesti ilmastonmuutokseen ja ty\u00f6llisyyteen.<\/p>\n<p>Suomi on ollut kiistatta edell\u00e4k\u00e4vij\u00e4 Agenda2030 -toimeenpanossa ja se on n\u00e4kynyt laajana kansainv\u00e4lisen\u00e4 mielenkiintona meid\u00e4n osallistavaa toimintamalliamme kohtaan. Eduskunta, kansalaisj\u00e4rjest\u00f6t, nuoret, saamelaiset, yritykset ja monet muut tahot ovat mukana yhdess\u00e4 luomassa kest\u00e4v\u00e4mp\u00e4\u00e4 tulevaisuutta. Meid\u00e4n on jatkossakin etsitt\u00e4v\u00e4 uusia toimintatapoja, joita my\u00f6s muut voivat hy\u00f6dynt\u00e4\u00e4.    <\/p>\n<p>Yksi t\u00e4rke\u00e4 osa toimeenpanoa on valtion talousarvioesitys, joka julkaistaan tiistaina 19.9.  Se sis\u00e4lt\u00e4\u00e4 hyvi\u00e4 uutisia sill\u00e4 talous kasvaa, ty\u00f6llisyys paranee ja velanotto v\u00e4henee. Voimme my\u00f6s panostaa lis\u00e4\u00e4 osaamiseen, kasvuun ja ty\u00f6llisyyteen sek\u00e4 kehitysmaihin. Esityksess\u00e4 k\u00e4ynnistet\u00e4\u00e4n my\u00f6s toimintatavan muutos ottamalla Agenda2030 -toimintaohjelma huomioon budjettikirjassa.<\/p>\n<p>Emme tavoittele viel\u00e4 t\u00e4ss\u00e4 vaiheessa kuuta taivaalta, vaan otamme pienen askeleen siihen suuntaan, ett\u00e4 kest\u00e4v\u00e4n kehityksen agenda huomioidaan konkreettisesti my\u00f6s budjettikirjassa. Kannustimme eri ministeri\u00f6t\u00e4 k\u00e4ytt\u00e4m\u00e4\u00e4n hetken kest\u00e4v\u00e4n kehityksen ja Agenda 2030 -tavoitteiden pohdintaan ja niiden peilaamiseen oman ministeri\u00f6n tekemisen suhteen.<\/p>\n<p>Lyhyest\u00e4 varoitusajasta huolimatta p\u00e4\u00e4simme hyv\u00e4\u00e4n vauhtiin kest\u00e4v\u00e4n kehityksen esille nostamisessa. Esimerkiksi TEM korostaa panostuksia ilmasto- ja energiastrategiaan, MMM taas panostuksia ravinteiden kierr\u00e4tykseen ja uhanalaisten kalakantojen elvytt\u00e4miseen ja UM muun muassa naisten ja tytt\u00f6jen oikeuksien ja aseman vahvistamista. Talousarvion tultua julki t\u00e4m\u00e4 itsearviointi on kaikkien luettavissa ja kommentoitavissa. <\/p>\n<p>Suhtaudumme valtionvarainministeri\u00f6ss\u00e4 kest\u00e4v\u00e4n kehityksen tavoitteisiin kunnianhimoisesti ja haluamme kehitt\u00e4\u00e4 kest\u00e4v\u00e4n kehityksen budjetointia. Valtioneuvoston selonteossa on nostettu esiin ilmi\u00f6pohjainen budjetointi, jonka toimivuutta selvit\u00e4mme valtionvarainministeri\u00f6ss\u00e4. Liikennevalomalli on my\u00f6s tuotu esille yhten\u00e4 mallina. Yht\u00e4 toimivaa mallia meill\u00e4 ei viel\u00e4 ole olemassa. Siksi valtionvarainministeri\u00f6 j\u00e4rjest\u00e4\u00e4 marraskuussa ty\u00f6pajan, jossa haemme muiden toimijoiden kanssa sopivaa mallia Agenda2030 -toimintaohjelman huomioimiseksi tulevissa talousarvioissa. Kaikki n\u00e4kemykset ovat tervetulleita.<\/p>\n<p>Petteri Orpo<\/p>\n<p>(Blogi on julkaistu kestavakehitys.fi-sivuston blogissa 18.9.2017.)<\/p>","protected":false},"excerpt":{"rendered":"<p>Kest\u00e4v\u00e4n kehityksen toimintaohjelma Agenda2030 hyv\u00e4ksyttiin kaksi vuotta sitten. Ensimm\u00e4ist\u00e4 kertaa kaikilla mailla on yhteinen toimintaohjelma, jossa on yhteisi\u00e4, konkreettisia tavoitteita kest\u00e4v\u00e4n kehityksen edist\u00e4miseksi, ja jonka edistymist\u00e4 seurataan yhdess\u00e4 vuosittain. Yhteisell\u00e4 maapallollamme on pitk\u00e4lti yhteiset haasteet, joita meid\u00e4n pit\u00e4\u00e4 yhdess\u00e4 ratkaista. Suomessa toimeenpano k\u00e4ynnistyi ripe\u00e4sti ja olimme ensimm\u00e4isten maiden joukossa esittelem\u00e4ss\u00e4 omaa malliamme YK-foorumilla hein\u00e4kuussa 2016. [&hellip;]<\/p>","protected":false},"author":1,"featured_media":1105,"comment_status":"open","ping_status":"open","sticky":false,"template":"","format":"standard","meta":{"footnotes":""},"categories":[6],"tags":[73,64,74,66],"class_list":["post-936","post","type-post","status-publish","format-standard","has-post-thumbnail","hentry","category-blogi","tag-agenda2030","tag-budjetti","tag-kestavakehitys","tag-valtiovarainministerio"],"yoast_head":"<!-- This site is optimized with the Yoast SEO plugin v26.0 - https:\/\/yoast.com\/wordpress\/plugins\/seo\/ -->\n<title>Kest\u00e4v\u00e4 kehitys osaksi talousarviota - Petteri Orpo<\/title>\n<meta name=\"robots\" content=\"index, follow, max-snippet:-1, max-image-preview:large, max-video-preview:-1\" \/>\n<link rel=\"canonical\" href=\"https:\/\/www.petteriorpo.fi\/en\/kestava-kehitys-osaksi-talousarviota\/\" \/>\n<meta property=\"og:locale\" content=\"en_GB\" \/>\n<meta property=\"og:type\" content=\"article\" \/>\n<meta property=\"og:title\" content=\"Kest\u00e4v\u00e4 kehitys osaksi talousarviota - Petteri Orpo\" \/>\n<meta property=\"og:description\" content=\"Kest\u00e4v\u00e4n kehityksen toimintaohjelma Agenda2030 hyv\u00e4ksyttiin kaksi vuotta sitten. Ensimm\u00e4ist\u00e4 kertaa kaikilla mailla on yhteinen toimintaohjelma, jossa on yhteisi\u00e4, konkreettisia tavoitteita kest\u00e4v\u00e4n kehityksen edist\u00e4miseksi, ja jonka edistymist\u00e4 seurataan yhdess\u00e4 vuosittain. Yhteisell\u00e4 maapallollamme on pitk\u00e4lti yhteiset haasteet, joita meid\u00e4n pit\u00e4\u00e4 yhdess\u00e4 ratkaista. Suomessa toimeenpano k\u00e4ynnistyi ripe\u00e4sti ja olimme ensimm\u00e4isten maiden joukossa esittelem\u00e4ss\u00e4 omaa malliamme YK-foorumilla hein\u00e4kuussa 2016. [&hellip;]\" \/>\n<meta property=\"og:url\" content=\"https:\/\/www.petteriorpo.fi\/en\/kestava-kehitys-osaksi-talousarviota\/\" \/>\n<meta property=\"og:site_name\" content=\"Petteri Orpo\" \/>\n<meta property=\"article:published_time\" content=\"2017-09-21T13:20:30+00:00\" \/>\n<meta property=\"article:modified_time\" content=\"2023-02-16T16:50:47+00:00\" \/>\n<meta property=\"og:image\" content=\"https:\/\/www.petteriorpo.fi\/wp-content\/uploads\/2016\/11\/Petteri_1.jpg\" \/>\n\t<meta property=\"og:image:width\" content=\"1230\" \/>\n\t<meta property=\"og:image:height\" content=\"630\" \/>\n\t<meta property=\"og:image:type\" content=\"image\/jpeg\" \/>\n<meta name=\"author\" content=\"admin\" \/>\n<meta name=\"twitter:card\" content=\"summary_large_image\" \/>\n<meta name=\"twitter:label1\" content=\"Written by\" \/>\n\t<meta name=\"twitter:data1\" content=\"admin\" \/>\n\t<meta name=\"twitter:label2\" content=\"Estimated reading time\" \/>\n\t<meta name=\"twitter:data2\" content=\"2 minutes\" \/>\n<script type=\"application\/ld+json\" class=\"yoast-schema-graph\">{\"@context\":\"https:\/\/schema.org\",\"@graph\":[{\"@type\":\"Article\",\"@id\":\"https:\/\/www.petteriorpo.fi\/kestava-kehitys-osaksi-talousarviota\/#article\",\"isPartOf\":{\"@id\":\"https:\/\/www.petteriorpo.fi\/kestava-kehitys-osaksi-talousarviota\/\"},\"author\":{\"name\":\"admin\",\"@id\":\"https:\/\/www.petteriorpo.fi\/#\/schema\/person\/269837cd998a58c819bee3941bc2d2b9\"},\"headline\":\"Kest\u00e4v\u00e4 kehitys osaksi talousarviota\",\"datePublished\":\"2017-09-21T13:20:30+00:00\",\"dateModified\":\"2023-02-16T16:50:47+00:00\",\"mainEntityOfPage\":{\"@id\":\"https:\/\/www.petteriorpo.fi\/kestava-kehitys-osaksi-talousarviota\/\"},\"wordCount\":393,\"commentCount\":0,\"publisher\":{\"@id\":\"https:\/\/www.petteriorpo.fi\/#organization\"},\"image\":{\"@id\":\"https:\/\/www.petteriorpo.fi\/kestava-kehitys-osaksi-talousarviota\/#primaryimage\"},\"thumbnailUrl\":\"https:\/\/www.petteriorpo.fi\/wp-content\/uploads\/2016\/11\/Petteri_1.jpg\",\"keywords\":[\"agenda2030\",\"budjetti\",\"kest\u00e4v\u00e4kehitys\",\"valtiovarainministeri\u00f6\"],\"articleSection\":[\"Blogi\"],\"inLanguage\":\"en-GB\",\"potentialAction\":[{\"@type\":\"CommentAction\",\"name\":\"Comment\",\"target\":[\"https:\/\/www.petteriorpo.fi\/kestava-kehitys-osaksi-talousarviota\/#respond\"]}]},{\"@type\":\"WebPage\",\"@id\":\"https:\/\/www.petteriorpo.fi\/kestava-kehitys-osaksi-talousarviota\/\",\"url\":\"https:\/\/www.petteriorpo.fi\/kestava-kehitys-osaksi-talousarviota\/\",\"name\":\"Kest\u00e4v\u00e4 kehitys osaksi talousarviota - Petteri Orpo\",\"isPartOf\":{\"@id\":\"https:\/\/www.petteriorpo.fi\/#website\"},\"primaryImageOfPage\":{\"@id\":\"https:\/\/www.petteriorpo.fi\/kestava-kehitys-osaksi-talousarviota\/#primaryimage\"},\"image\":{\"@id\":\"https:\/\/www.petteriorpo.fi\/kestava-kehitys-osaksi-talousarviota\/#primaryimage\"},\"thumbnailUrl\":\"https:\/\/www.petteriorpo.fi\/wp-content\/uploads\/2016\/11\/Petteri_1.jpg\",\"datePublished\":\"2017-09-21T13:20:30+00:00\",\"dateModified\":\"2023-02-16T16:50:47+00:00\",\"breadcrumb\":{\"@id\":\"https:\/\/www.petteriorpo.fi\/kestava-kehitys-osaksi-talousarviota\/#breadcrumb\"},\"inLanguage\":\"en-GB\",\"potentialAction\":[{\"@type\":\"ReadAction\",\"target\":[\"https:\/\/www.petteriorpo.fi\/kestava-kehitys-osaksi-talousarviota\/\"]}]},{\"@type\":\"ImageObject\",\"inLanguage\":\"en-GB\",\"@id\":\"https:\/\/www.petteriorpo.fi\/kestava-kehitys-osaksi-talousarviota\/#primaryimage\",\"url\":\"https:\/\/www.petteriorpo.fi\/wp-content\/uploads\/2016\/11\/Petteri_1.jpg\",\"contentUrl\":\"https:\/\/www.petteriorpo.fi\/wp-content\/uploads\/2016\/11\/Petteri_1.jpg\",\"width\":1230,\"height\":630},{\"@type\":\"BreadcrumbList\",\"@id\":\"https:\/\/www.petteriorpo.fi\/kestava-kehitys-osaksi-talousarviota\/#breadcrumb\",\"itemListElement\":[{\"@type\":\"ListItem\",\"position\":1,\"name\":\"Etusivu\",\"item\":\"https:\/\/www.petteriorpo.fi\/\"},{\"@type\":\"ListItem\",\"position\":2,\"name\":\"Kest\u00e4v\u00e4 kehitys osaksi talousarviota\"}]},{\"@type\":\"WebSite\",\"@id\":\"https:\/\/www.petteriorpo.fi\/#website\",\"url\":\"https:\/\/www.petteriorpo.fi\/\",\"name\":\"Petteri Orpo\",\"description\":\"Yhdess&auml; tehden eteenp&auml;in\",\"publisher\":{\"@id\":\"https:\/\/www.petteriorpo.fi\/#organization\"},\"potentialAction\":[{\"@type\":\"SearchAction\",\"target\":{\"@type\":\"EntryPoint\",\"urlTemplate\":\"https:\/\/www.petteriorpo.fi\/?s={search_term_string}\"},\"query-input\":{\"@type\":\"PropertyValueSpecification\",\"valueRequired\":true,\"valueName\":\"search_term_string\"}}],\"inLanguage\":\"en-GB\"},{\"@type\":\"Organization\",\"@id\":\"https:\/\/www.petteriorpo.fi\/#organization\",\"name\":\"Petteri Orpo\",\"url\":\"https:\/\/www.petteriorpo.fi\/\",\"logo\":{\"@type\":\"ImageObject\",\"inLanguage\":\"en-GB\",\"@id\":\"https:\/\/www.petteriorpo.fi\/#\/schema\/logo\/image\/\",\"url\":\"https:\/\/www.petteriorpo.fi\/wp-content\/uploads\/2022\/08\/logo_orpo.png\",\"contentUrl\":\"https:\/\/www.petteriorpo.fi\/wp-content\/uploads\/2022\/08\/logo_orpo.png\",\"width\":114,\"height\":120,\"caption\":\"Petteri Orpo\"},\"image\":{\"@id\":\"https:\/\/www.petteriorpo.fi\/#\/schema\/logo\/image\/\"}},{\"@type\":\"Person\",\"@id\":\"https:\/\/www.petteriorpo.fi\/#\/schema\/person\/269837cd998a58c819bee3941bc2d2b9\",\"name\":\"admin\",\"image\":{\"@type\":\"ImageObject\",\"inLanguage\":\"en-GB\",\"@id\":\"https:\/\/www.petteriorpo.fi\/#\/schema\/person\/image\/\",\"url\":\"https:\/\/secure.gravatar.com\/avatar\/e3534ba089e9f56595220762a1371e56?s=96&d=mm&r=g\",\"contentUrl\":\"https:\/\/secure.gravatar.com\/avatar\/e3534ba089e9f56595220762a1371e56?s=96&d=mm&r=g\",\"caption\":\"admin\"},\"sameAs\":[\"https:\/\/www.petteriorpo.fi\"],\"url\":\"https:\/\/www.petteriorpo.fi\/en\/author\/admin\/\"}]}<\/script>\n<!-- \/ Yoast SEO plugin. -->","yoast_head_json":{"title":"Kest\u00e4v\u00e4 kehitys osaksi talousarviota - Petteri Orpo","robots":{"index":"index","follow":"follow","max-snippet":"max-snippet:-1","max-image-preview":"max-image-preview:large","max-video-preview":"max-video-preview:-1"},"canonical":"https:\/\/www.petteriorpo.fi\/en\/kestava-kehitys-osaksi-talousarviota\/","og_locale":"en_GB","og_type":"article","og_title":"Kest\u00e4v\u00e4 kehitys osaksi talousarviota - Petteri Orpo","og_description":"Kest\u00e4v\u00e4n kehityksen toimintaohjelma Agenda2030 hyv\u00e4ksyttiin kaksi vuotta sitten. Ensimm\u00e4ist\u00e4 kertaa kaikilla mailla on yhteinen toimintaohjelma, jossa on yhteisi\u00e4, konkreettisia tavoitteita kest\u00e4v\u00e4n kehityksen edist\u00e4miseksi, ja jonka edistymist\u00e4 seurataan yhdess\u00e4 vuosittain. Yhteisell\u00e4 maapallollamme on pitk\u00e4lti yhteiset haasteet, joita meid\u00e4n pit\u00e4\u00e4 yhdess\u00e4 ratkaista. Suomessa toimeenpano k\u00e4ynnistyi ripe\u00e4sti ja olimme ensimm\u00e4isten maiden joukossa esittelem\u00e4ss\u00e4 omaa malliamme YK-foorumilla hein\u00e4kuussa 2016. [&hellip;]","og_url":"https:\/\/www.petteriorpo.fi\/en\/kestava-kehitys-osaksi-talousarviota\/","og_site_name":"Petteri Orpo","article_published_time":"2017-09-21T13:20:30+00:00","article_modified_time":"2023-02-16T16:50:47+00:00","og_image":[{"width":1230,"height":630,"url":"https:\/\/www.petteriorpo.fi\/wp-content\/uploads\/2016\/11\/Petteri_1.jpg","type":"image\/jpeg"}],"author":"admin","twitter_card":"summary_large_image","twitter_misc":{"Written by":"admin","Estimated reading time":"2 minutes"},"schema":{"@context":"https:\/\/schema.org","@graph":[{"@type":"Article","@id":"https:\/\/www.petteriorpo.fi\/kestava-kehitys-osaksi-talousarviota\/#article","isPartOf":{"@id":"https:\/\/www.petteriorpo.fi\/kestava-kehitys-osaksi-talousarviota\/"},"author":{"name":"admin","@id":"https:\/\/www.petteriorpo.fi\/#\/schema\/person\/269837cd998a58c819bee3941bc2d2b9"},"headline":"Kest\u00e4v\u00e4 kehitys osaksi talousarviota","datePublished":"2017-09-21T13:20:30+00:00","dateModified":"2023-02-16T16:50:47+00:00","mainEntityOfPage":{"@id":"https:\/\/www.petteriorpo.fi\/kestava-kehitys-osaksi-talousarviota\/"},"wordCount":393,"commentCount":0,"publisher":{"@id":"https:\/\/www.petteriorpo.fi\/#organization"},"image":{"@id":"https:\/\/www.petteriorpo.fi\/kestava-kehitys-osaksi-talousarviota\/#primaryimage"},"thumbnailUrl":"https:\/\/www.petteriorpo.fi\/wp-content\/uploads\/2016\/11\/Petteri_1.jpg","keywords":["agenda2030","budjetti","kest\u00e4v\u00e4kehitys","valtiovarainministeri\u00f6"],"articleSection":["Blogi"],"inLanguage":"en-GB","potentialAction":[{"@type":"CommentAction","name":"Comment","target":["https:\/\/www.petteriorpo.fi\/kestava-kehitys-osaksi-talousarviota\/#respond"]}]},{"@type":"WebPage","@id":"https:\/\/www.petteriorpo.fi\/kestava-kehitys-osaksi-talousarviota\/","url":"https:\/\/www.petteriorpo.fi\/kestava-kehitys-osaksi-talousarviota\/","name":"Kest\u00e4v\u00e4 kehitys osaksi talousarviota - Petteri Orpo","isPartOf":{"@id":"https:\/\/www.petteriorpo.fi\/#website"},"primaryImageOfPage":{"@id":"https:\/\/www.petteriorpo.fi\/kestava-kehitys-osaksi-talousarviota\/#primaryimage"},"image":{"@id":"https:\/\/www.petteriorpo.fi\/kestava-kehitys-osaksi-talousarviota\/#primaryimage"},"thumbnailUrl":"https:\/\/www.petteriorpo.fi\/wp-content\/uploads\/2016\/11\/Petteri_1.jpg","datePublished":"2017-09-21T13:20:30+00:00","dateModified":"2023-02-16T16:50:47+00:00","breadcrumb":{"@id":"https:\/\/www.petteriorpo.fi\/kestava-kehitys-osaksi-talousarviota\/#breadcrumb"},"inLanguage":"en-GB","potentialAction":[{"@type":"ReadAction","target":["https:\/\/www.petteriorpo.fi\/kestava-kehitys-osaksi-talousarviota\/"]}]},{"@type":"ImageObject","inLanguage":"en-GB","@id":"https:\/\/www.petteriorpo.fi\/kestava-kehitys-osaksi-talousarviota\/#primaryimage","url":"https:\/\/www.petteriorpo.fi\/wp-content\/uploads\/2016\/11\/Petteri_1.jpg","contentUrl":"https:\/\/www.petteriorpo.fi\/wp-content\/uploads\/2016\/11\/Petteri_1.jpg","width":1230,"height":630},{"@type":"BreadcrumbList","@id":"https:\/\/www.petteriorpo.fi\/kestava-kehitys-osaksi-talousarviota\/#breadcrumb","itemListElement":[{"@type":"ListItem","position":1,"name":"Etusivu","item":"https:\/\/www.petteriorpo.fi\/"},{"@type":"ListItem","position":2,"name":"Kest\u00e4v\u00e4 kehitys osaksi talousarviota"}]},{"@type":"WebSite","@id":"https:\/\/www.petteriorpo.fi\/#website","url":"https:\/\/www.petteriorpo.fi\/","name":"Petteri Orpo","description":"Yhdess&auml; tehden eteenp&auml;in","publisher":{"@id":"https:\/\/www.petteriorpo.fi\/#organization"},"potentialAction":[{"@type":"SearchAction","target":{"@type":"EntryPoint","urlTemplate":"https:\/\/www.petteriorpo.fi\/?s={search_term_string}"},"query-input":{"@type":"PropertyValueSpecification","valueRequired":true,"valueName":"search_term_string"}}],"inLanguage":"en-GB"},{"@type":"Organization","@id":"https:\/\/www.petteriorpo.fi\/#organization","name":"Petteri Orpo","url":"https:\/\/www.petteriorpo.fi\/","logo":{"@type":"ImageObject","inLanguage":"en-GB","@id":"https:\/\/www.petteriorpo.fi\/#\/schema\/logo\/image\/","url":"https:\/\/www.petteriorpo.fi\/wp-content\/uploads\/2022\/08\/logo_orpo.png","contentUrl":"https:\/\/www.petteriorpo.fi\/wp-content\/uploads\/2022\/08\/logo_orpo.png","width":114,"height":120,"caption":"Petteri Orpo"},"image":{"@id":"https:\/\/www.petteriorpo.fi\/#\/schema\/logo\/image\/"}},{"@type":"Person","@id":"https:\/\/www.petteriorpo.fi\/#\/schema\/person\/269837cd998a58c819bee3941bc2d2b9","name":"admin","image":{"@type":"ImageObject","inLanguage":"en-GB","@id":"https:\/\/www.petteriorpo.fi\/#\/schema\/person\/image\/","url":"https:\/\/secure.gravatar.com\/avatar\/e3534ba089e9f56595220762a1371e56?s=96&d=mm&r=g","contentUrl":"https:\/\/secure.gravatar.com\/avatar\/e3534ba089e9f56595220762a1371e56?s=96&d=mm&r=g","caption":"admin"},"sameAs":["https:\/\/www.petteriorpo.fi"],"url":"https:\/\/www.petteriorpo.fi\/en\/author\/admin\/"}]}},"_links":{"self":[{"href":"https:\/\/www.petteriorpo.fi\/en\/wp-json\/wp\/v2\/posts\/936","targetHints":{"allow":["GET"]}}],"collection":[{"href":"https:\/\/www.petteriorpo.fi\/en\/wp-json\/wp\/v2\/posts"}],"about":[{"href":"https:\/\/www.petteriorpo.fi\/en\/wp-json\/wp\/v2\/types\/post"}],"author":[{"embeddable":true,"href":"https:\/\/www.petteriorpo.fi\/en\/wp-json\/wp\/v2\/users\/1"}],"replies":[{"embeddable":true,"href":"https:\/\/www.petteriorpo.fi\/en\/wp-json\/wp\/v2\/comments?post=936"}],"version-history":[{"count":1,"href":"https:\/\/www.petteriorpo.fi\/en\/wp-json\/wp\/v2\/posts\/936\/revisions"}],"predecessor-version":[{"id":1073,"href":"https:\/\/www.petteriorpo.fi\/en\/wp-json\/wp\/v2\/posts\/936\/revisions\/1073"}],"wp:featuredmedia":[{"embeddable":true,"href":"https:\/\/www.petteriorpo.fi\/en\/wp-json\/wp\/v2\/media\/1105"}],"wp:attachment":[{"href":"https:\/\/www.petteriorpo.fi\/en\/wp-json\/wp\/v2\/media?parent=936"}],"wp:term":[{"taxonomy":"category","embeddable":true,"href":"https:\/\/www.petteriorpo.fi\/en\/wp-json\/wp\/v2\/categories?post=936"},{"taxonomy":"post_tag","embeddable":true,"href":"https:\/\/www.petteriorpo.fi\/en\/wp-json\/wp\/v2\/tags?post=936"}],"curies":[{"name":"wp","href":"https:\/\/api.w.org\/{rel}","templated":true}]}}