{"id":934,"date":"2017-08-21T15:46:54","date_gmt":"2017-08-21T12:46:54","guid":{"rendered":"http:\/\/www.petteriorpo.fi\/?p=447"},"modified":"2023-02-16T16:50:47","modified_gmt":"2023-02-16T16:50:47","slug":"puhe-suurlahettilaspaivilla-helsingissa-21-8-2017","status":"publish","type":"post","link":"https:\/\/www.petteriorpo.fi\/en\/puhe-suurlahettilaspaivilla-helsingissa-21-8-2017\/","title":{"rendered":"Puhe suurl\u00e4hettil\u00e4sp\u00e4ivill\u00e4 Helsingiss\u00e4 21.8.2017"},"content":{"rendered":"<p>Hyv\u00e4t suurl\u00e4hettil\u00e4\u00e4t,<\/p>\n<p>Viime perjantaina Turussa kaksi ihmist\u00e4 kuoli ja kahdeksan loukkaantui, kun puukottaja hy\u00f6kk\u00e4si t\u00e4ysin ennalta arvaamatta heid\u00e4n kimppuunsa. Tunnen valtavaa surua tapahtuneesta ja otan syv\u00e4sti osaa omaisten suruun.<\/p>\n<p>Poliisin ammattitaitoisen toiminnan ansiosta hy\u00f6kk\u00e4\u00e4j\u00e4 saatiin hyvin nopeasti kiinni. Kiitos, suomalainen poliisi. Sivullisten apu mahdollisesti pelasti useita ihmishenki\u00e4. Auttajien rohkeutta voi vain ihailla ja kiitt\u00e4\u00e4 niiden puolesta, jotka t\u00e4m\u00e4n takia s\u00e4\u00e4styiv\u00e4t hy\u00f6kk\u00e4\u00e4j\u00e4n kohteeksi joutumiselta.<\/p>\n<p>Terrorismin uhka ei ole uusia asia, ja me pelk\u00e4simme, ett\u00e4 jotain t\u00e4llaista tapahtuisi my\u00f6s Suomessa, sill\u00e4 Suomi on osa Eurooppaa ja maailmaa. Nyt pit\u00e4\u00e4 osata keskustella rakentavasti, tutkia tapahtumien kulku viimeist\u00e4 yksityiskohtaa my\u00f6ten ja tehd\u00e4 perusteellinen arvio siit\u00e4, mit\u00e4 toimia jatkossa tarvitaan, ett\u00e4 t\u00e4llaista ei en\u00e4\u00e4 Suomessa tapahtuisi. Hallituksen pit\u00e4\u00e4 tehd\u00e4 tarkka analyysi tapahtumista ja puuttua m\u00e4\u00e4r\u00e4tietoisesti korjattaviin asioihin.<\/p>\n<p>Terroriuhka oli ja on kohotetulla tasolla. Siksi hallitus on jo toiminut ja lis\u00e4nnyt poliisin, suojelupoliisin ja rajavartiolaitoksen m\u00e4\u00e4r\u00e4rahoja. Jos Turun tapahtumien selvitt\u00e4misen j\u00e4lkeen ilmenee, ett\u00e4 jossakin on edelleenkin kriittinen resurssipula, on asia korjattava. Hallituksen on huolehdittava nopeammasta turvapaikkatutkinnasta ja tehokkaasta kotouttamisesta. Suomessa voi olla vain laillisesti. Teemme kaiken voitavan sen varmistamiseksi, ett\u00e4 t\u00e4m\u00e4 my\u00f6s toteutuu.<\/p>\n<p>Yksi t\u00e4rke\u00e4 lains\u00e4\u00e4d\u00e4nt\u00f6uudistus on tiedustelulaki. Hallitus tulee tekem\u00e4\u00e4n esityksen uudesta tiedustelulains\u00e4\u00e4d\u00e4nn\u00f6st\u00e4, jonka tavoitteena on lis\u00e4t\u00e4 suojelupoliisin toimivaltaa paljastaa suomalaisten turvallisuutta uhkaavia hankkeita. Toivon, ett\u00e4 esitys saadaan l\u00e4pi mahdollisimman nopealla aikataululla.<\/p>\n<p>Turun kauheat tapahtumat ovat meill\u00e4 kaikilla mieless\u00e4, mutta me emme lamaannu. Kotikaupungissani on vahva tahto voittaa terrorismi ja v\u00e4kivalta. Suomalaisten vahvuuksiin kuuluu vahva kyky selviyty\u00e4 kriiseist\u00e4. Kuten arkkipiispa Kari M\u00e4kinen viisaasti totesi: \u201dMit\u00e4 enemm\u00e4n el\u00e4m\u00e4 jatkuu arkisena, sit\u00e4 nopeammin voimme k\u00e4sitell\u00e4 asiaa.\u201d<\/p>\n<p>Hyv\u00e4t suurl\u00e4hettil\u00e4\u00e4t,<\/p>\n<p>Turun kamalista tapahtumista huolimatta, arjen tulee jatkua. Esit\u00e4n teille ensin n\u00e4kemykseni siit\u00e4, mit\u00e4 Suomen taloudessa on tapahtunut ja mit\u00e4 odotan t\u00e4lt\u00e4 syksylt\u00e4, toiseksi esit\u00e4n arvioni maailman talouden tilasta ja Euroopan unionin puolella luvassa olevasta syksyst\u00e4. Tulen esitt\u00e4m\u00e4\u00e4n teid\u00e4n suuntaanne my\u00f6s pienen toiveen. Lopuksi toivon teid\u00e4n suunnastanne vilkasta keskustelua.<\/p>\n<p>Kun viimeksi keskustelimme t\u00e4ll\u00e4 kokoonpanolla Suomen ja maailman talouden tilasta, Britannia oli hetke\u00e4 aikaisemmin \u00e4\u00e4nest\u00e4nyt EU-erosta ja Yhdysvalloissa oltiin keskell\u00e4 presidentinvaalikampanjointia. Euroopan unionin piiriss\u00e4 oli aistittavissa uskon puutetta EU:n tulevaisuuteen ja Yhdysvaltojen vaalit aiheuttivat ep\u00e4varmuutta ymp\u00e4ri maailman.<\/p>\n<p>Vuoden mittaan politiikka on aiheuttanut meiss\u00e4 vuorotellen ep\u00e4uskoa ja toiveikkuutta. Yhdysvallat ja Pohjois-Korea uhkailevat toisiaan voimank\u00e4yt\u00f6ll\u00e4, ranskalaiset tyrm\u00e4siv\u00e4t globalisaatiovastaisen presidenttiehdokkaan ja Euroopan unioni on osoittanut neuvottelutaitonsa ja yhten\u00e4isyytens\u00e4 Britannian EU-eroneuvotteluissa. Viime kes\u00e4n\u00e4 Suomen talouden n\u00e4kym\u00e4t eiv\u00e4t olleet ollenkaan niin positiiviset kuin ne ovat nyt, mik\u00e4 minua valtiovarainministerin\u00e4 tietysti ilahduttaa.<\/p>\n<p>Suomi ei en\u00e4\u00e4 ole Euroopan sairas mies, sill\u00e4 Suomen talouden taantuma on virallisesti takana. Valtiovarainministeri\u00f6n kansantalousosaston ennusteen mukaan talous kasvaa 2,4 prosenttia t\u00e4n\u00e4 vuonna. Vienti lis\u00e4\u00e4ntyy, ty\u00f6tt\u00f6myys v\u00e4henee, yritykset investoivat ja ihmiset luottamus tulevaisuuteen on kasvanut. Viime vuosien ratkaisut tuottavat tulosta.<\/p>\n<p>Suomen vienti on p\u00e4\u00e4ssyt kasvu-uralle. Koheneva kustannuskilpailukyky tukee vienti\u00e4, kilpailukykysopimus ja palkkamaltti tuottavat tulosta. Kansainv\u00e4linen kilpailukykymme on siis palautumassa. Nyt on pidett\u00e4v\u00e4 huoli siit\u00e4, ett\u00e4 se vahvistuu. My\u00f6s investoinnit ja yksityinen kulutus ovat vahvistuneet. Olen erityisen iloinen, ett\u00e4 tuotekehitysinvestointien kuusi vuotta jatkunut alam\u00e4ki on p\u00e4\u00e4ttynyt.<\/p>\n<p>Vaikka Suomen vienti on p\u00e4\u00e4ssyt kasvu-uralle, olemme kuitenkin edelleen haavoittuvaisia sen suhteen. Pitk\u00e4ll\u00e4 aikav\u00e4lill\u00e4 meid\u00e4n pit\u00e4isi saada yh\u00e4 useampi pieni- ja keskisuuri yritys viem\u00e4\u00e4n tuotteita ja palveluita. Hallituksen toimet mm. Business Finlandin toiminnan vahvistamiseksi t\u00e4ht\u00e4\u00e4v\u00e4t t\u00e4h\u00e4n.<\/p>\n<p>Suomen talouden v\u00e4kev\u00e4 kasvu on eritt\u00e4in hyv\u00e4 l\u00e4ht\u00f6kohta ensi viikon budjettineuvotteluille, mutta sen ei pid\u00e4 antaa h\u00e4m\u00e4t\u00e4. Talouden kasvu ei ole l\u00e4hesk\u00e4\u00e4n pys\u00e4ytt\u00e4m\u00e4ss\u00e4 julkisen talouden velkaantumista. Vaikka voimme iloita pitk\u00e4n taantuman taittumisesta, kasvu nykyennusteiden valossa hidastuu jo ensi vuonna.<\/p>\n<p>Kuten p\u00e4\u00e4ministeri Sipil\u00e4 teille jo aamup\u00e4iv\u00e4ll\u00e4 kuvaili, Suomella tosiaan on takanaan &#8221;menetetty vuosikymmen&#8221;. Jokaista suomalaista kohden lasketulla bruttokansantuotteella mitattuna Suomi ei viel\u00e4k\u00e4\u00e4n ole kunnolla toipunut vuoden 2008 finanssikriisist\u00e4. T\u00e4m\u00e4n hetkisest\u00e4 korkeasuhdanteesta huolimatta kasvu palautunee 1\u20131,5 prosentin tuntumaan pitk\u00e4ll\u00e4 aikav\u00e4lill\u00e4.<\/p>\n<p>Korkeasuhdanteessa alkaa usein keskustelu jakovarasta.\u00a0 Minusta korkeasuhdanteen aikana pit\u00e4isi puhua enemminkin jakovaarasta. Olemme liian usein t\u00e4llaisessa tilanteessa tehneet ratkaisuja, joihin meill\u00e4 ei ole huonoina aikoina varaa. Taloutemme suuret rakenteelliset haasteet eiv\u00e4t ole kadonneet minnek\u00e4\u00e4n. Meill\u00e4 on osaamisvaje, ty\u00f6llisyysvaje ja kest\u00e4vyysvaje.<\/p>\n<p>J\u00e4yk\u00e4t ty\u00f6markkinat, korkea rakenteellinen ty\u00f6tt\u00f6myys, ik\u00e4\u00e4ntymisen vuoksi v\u00e4henev\u00e4 ty\u00f6v\u00e4est\u00f6 ja rajusti alij\u00e4\u00e4m\u00e4inen julkinen talous kalvavat hyvinvointiamme jatkossakin, jos emme saa n\u00e4it\u00e4 asioita korjattua. Tarvitsemme ty\u00f6llisyytt\u00e4 ja osaamista parantavia uudistuksia, kuten perhevapaauudistuksen.<\/p>\n<p>Vaikka voimmekin itse tehd\u00e4 paljon taloutemme kohenemisen eteen, totuus on, ett\u00e4 Suomeen vaikuttaa paljon my\u00f6s se, mit\u00e4 maailmantaloudessa tapahtuu.<\/p>\n<p>Euroopan suhdannen\u00e4kym\u00e4t ovat kohentuneet kuluvan vuoden aikana. Talouskasvu on vahvistumassa ja ty\u00f6tt\u00f6myys laskussa EU- ja euromaissa. Euromaiden ulkoinen tasapaino on kohentunut ja budjettialij\u00e4\u00e4m\u00e4t pienentyneet. T\u00e4st\u00e4 me suomalaiset voimme iloita, koska viennist\u00e4mme l\u00e4hes 40 prosenttia menee euroalueelle. Euromaiden alentunut riskitaso heijastuu my\u00f6s valtioiden rahoituskustannusten laskuna. Rahapolitiikan kirist\u00e4minen hallitusti on suuri haaste.<\/p>\n<p>Entisiss\u00e4 euroalueen kriisimaissakin talouskasvu on vahvistunut, ty\u00f6tt\u00f6myys v\u00e4hentynyt ja alij\u00e4\u00e4m\u00e4t pienentyneet. Euron vahvistuminen suhteessa muihin p\u00e4\u00e4valuuttoihin kuluvan vuoden aikana heijastanee yleist\u00e4 optimismia Manner-Euroopassa: euroalueen kriisi n\u00e4ytt\u00e4\u00e4 hellitt\u00e4neen, talouskasvu on entist\u00e4 laaja-alaisempaa erityisesti kotimaisen kysynn\u00e4n osalta ja ty\u00f6tt\u00f6myys on laskusuunnassa.<\/p>\n<p>My\u00f6nteisest\u00e4 kehityksest\u00e4 huolimatta ei pid\u00e4 luulla, ett\u00e4 Euroopan taloushuolet on nyt pyyhitty pois. Rahoitustukea saaneet maat ovat vakaampia, mutta niiden julkisen talouden liikkumavara on v\u00e4h\u00e4inen ja velkataso korkea. Niiden kyky siet\u00e4\u00e4 uusia shokkeja on edelleen heikko. Tietyiss\u00e4 maissa pankkisektoria rasittavat kriisin j\u00e4ljilt\u00e4 hoitamattomat luotot, joita on edelleen koko euroalueella yhteens\u00e4 l\u00e4hes 900 mrd. euroa.<\/p>\n<p>Euroalueen kilpailukyky\u00e4 rasittavat ik\u00e4\u00e4ntyv\u00e4 v\u00e4est\u00f6 ja j\u00e4yk\u00e4t markkinarakenteet sek\u00e4 muut rakenteelliset heikkoudet. Keskeinen kysymys on, miten euromaiden tuottavuus- ja tuloerot saataisiin viimeinkin kapenemaan. Rajat ylitt\u00e4v\u00e4ss\u00e4 kaupank\u00e4ynniss\u00e4 sek\u00e4 ty\u00f6voiman ja p\u00e4\u00e4omien liikkuvuudessa ei ole tapahtunut toivottua l\u00e4hentymist\u00e4. Rakenteellisten uudistusten toteutus on edennyt hitaasti. Vaarana on, ett\u00e4 v\u00e4h\u00e4inenkin uudistusinto lopahtaa talouskasvun k\u00e4ynnistymisen my\u00f6t\u00e4.<\/p>\n<p>Totuus on, ett\u00e4 kaikki n\u00e4m\u00e4 asiat ovat kunkin j\u00e4senmaan omassa p\u00e4\u00e4t\u00f6svallassa. Niin kauan kuin me itse emme saa taloutemme rakenteita uudistettua, talous- ja rahaliittoa koskevat uudistukset ovat toissijaisia. Suomikaan ei voi heristell\u00e4 sormea muille.<\/p>\n<p>Maailmantalouden my\u00f6nteist\u00e4 kehityst\u00e4 uhkaa poliittinen nokittelu ja sen k\u00e4rjistyminen kauppasodaksi, p\u00e4\u00e4omaliikkeiden ja valuuttakurssien heilahtelut, Kiinan velkataakkaan liittyv\u00e4t riskit ja geopoliittisen j\u00e4nnityksen heijastuminen talouteen esimerkiksi varovaisuutena investoinneissa.<\/p>\n<p>Yhdysvalloissa talouden sykli on Eurooppaa pidemm\u00e4ll\u00e4, ja siell\u00e4 on jo aloitettu rahapolitiikan normalisointi, eli k\u00e4yt\u00e4nn\u00f6ss\u00e4 ohjauskorkojen nostaminen. Yhdysvaltain n\u00e4kymi\u00e4 varjostaa kuitenkin poliittisen ep\u00e4varmuuden heijastuminen talouteen. Kuluttajat ovat alentaneet viime aikoina odotuksiaan talouskehityksest\u00e4.\u00a0 T\u00e4ll\u00e4 on merkityst\u00e4, koska USA:n taloutta vet\u00e4\u00e4 erityisesti yksityinen kulutus.<\/p>\n<p>Kiinan talouden kasvu on ollut pidemp\u00e4\u00e4n eritt\u00e4in velkavetoista, ja erityisesti yritysten velkataakka aiheuttaa huolta. Talouskasvu alkuvuoden kuluessa on ollut varsin vahvaa, mutta l\u00e4hivuosien kasvun hidastumisen trendi lienee v\u00e4ist\u00e4m\u00e4t\u00f6n. V\u00e4est\u00f6n ik\u00e4\u00e4ntyminen vet\u00e4\u00e4 talouskasvua alas my\u00f6s Kiinassa, mutta Kiinalle haasteita tuovat my\u00f6s tuotantorakenteen palveluvaltaistuminen ja ymp\u00e4rist\u00f6ongelmat.<\/p>\n<p>Ven\u00e4j\u00e4n talouden rakenteissa ei ole n\u00e4hty mainittavaa kohentumista, eik\u00e4 niist\u00e4 ole indikaatioita l\u00e4hiaikoinakaan. Kehitys siell\u00e4 on ollut selv\u00e4\u00e4 jo vuosia, eik\u00e4 politiikkaan ole odotettavista parannusta pitk\u00e4\u00e4n aikaan. Ven\u00e4j\u00e4n kanssa pit\u00e4\u00e4 keskustella, mutta keskusteluissa pit\u00e4\u00e4 olla selke\u00e4 tavoite: Ven\u00e4j\u00e4 pit\u00e4\u00e4 saada noudattamaan kansainv\u00e4list\u00e4 oikeutta ja kunnioittamaan eurooppalaisia turvallisuusrakenteita. Suomella on mahdollisuus toimia sillanrakentajana l\u00e4nsimaiden ja Ven\u00e4j\u00e4n v\u00e4lill\u00e4.<\/p>\n<p>Maailmantalous on k\u00e4\u00e4nteentekev\u00e4n murroksen kynnyksell\u00e4 automaation ja robotiikan nopean kehityksen takia. Teko\u00e4ly, automaatio ja robotiikka mullistavat tuotantotapoja ja ty\u00f6n tekemist\u00e4. Nykyisenlaiset tuotannon arvoketjut voivat muuttua olennaisesti, kun teko\u00e4ly\u00e4 hy\u00f6dynt\u00e4v\u00e4n ty\u00f6n osuus kasvaa, samaan tapaan kuin aiemmissa teknologian murroksissa.<\/p>\n<p>Osa ty\u00f6st\u00e4 tulee katoamaan, mutta sen tilalle tulee uusia mahdollisuuksia. Kaikki on lopulta kiinni yritysten valmiudesta ottaa uudet teknologiat k\u00e4ytt\u00f6\u00f6n ja l\u00f6yt\u00e4\u00e4 uudet mahdolliset markkinaraot. Suomi on hyviss\u00e4 asemissa ottamassa vastaan n\u00e4m\u00e4 muutokset, mutta meid\u00e4n tulee pysy\u00e4 valppaana ja pohtia ennakkoluulottomasti ty\u00f6n ja yhteiskunnan muutokseen liittyvi\u00e4 haasteita.<\/p>\n<p>Tarvitsemme kehityst\u00e4 ja teknologiaa, jotta selvi\u00e4mme esimerkiksi ilmastonmuutoksen vastaisesta taistelusta. Ilmastonmuutoksen torjuminen ja siirtyminen hiilineutraaliin yhteiskuntaan on yht\u00e4 merkitt\u00e4v\u00e4 rakenteellinen muutos, kuin tarve entist\u00e4kin joustavammille ty\u00f6markkinoille.<\/p>\n<p>Parempi tulevaisuus edellytt\u00e4\u00e4, ett\u00e4 jatkuvasti parannamme yhteiskuntamme kyky\u00e4 sopeutua ja hy\u00f6ty\u00e4 teknologisesta kehityksest\u00e4. Tulevaisuus on uteliaiden ja sopeutumiskykyisten. Tulevaisuus voi silti olla turvallinen, mutta menneisyyteen ei pid\u00e4 j\u00e4\u00e4d\u00e4 tuijottelemaan. Silloin putoamme kelkasta.<\/p>\n<p>Hyv\u00e4t suurl\u00e4hettil\u00e4\u00e4t,<\/p>\n<p>Summaan kulunutta vuotta EU-politiikassa n\u00e4in: olemme siirtyneet vuoden aikana ep\u00e4toivosta ja n\u00e4k\u00f6alattomuudesta tulevaisuuden uskoon ja toiveikkuuteen, ja sielt\u00e4 palanneet takaisin maan pinnalle arkiseen aherrukseen.<\/p>\n<p>Euroopan unionin tulevaisuuden n\u00e4kym\u00e4t ovat kuluneen vuoden aikana kohentuneet Britannian EU-eroprosessista huolimatta. Useat vaalit viime kev\u00e4\u00e4n olivat kuin tuulahdus raikasta kev\u00e4tilmaa pitk\u00e4n ja pime\u00e4n talven j\u00e4lkeen. Presidentinvaaleissa ranskalaiset sanoivat ei populismille, rasismille ja suljetulle Ranskalle ja kyll\u00e4 Euroopan unionin kehitt\u00e4miselle. Arki on kuitenkin koittanut, ja kansa odottaa Macronilta vaalilupausten toteuttamista.<\/p>\n<p>On selv\u00e4\u00e4, ett\u00e4 Britannian EU-ero tulee muuttamaan Euroopan unionia. T\u00e4m\u00e4n muutoksen hallitseminen vaatii minusta Suomelta ulkoasiainministeri\u00f6n resurssien vahvistamista Brysseliss\u00e4.<\/p>\n<p>EU:ssa keskustelemme nyt innokkaasti siit\u00e4, miten talous- ja rahaliittoa pit\u00e4isi kehitt\u00e4\u00e4 ja eurooppalaista puolustusyhteisty\u00f6t\u00e4 rakentaa, jotta Eurooppa voisi paremmin ennalta ehk\u00e4ist\u00e4 talouden kriisiytymist\u00e4 ja suojella kansalaisiaan. Puheet kansan\u00e4\u00e4nestyksist\u00e4 ovat j\u00e4\u00e4neet taka-alalle.<\/p>\n<p>Suomalaisten luottamus Euroopan unioniin on viimeisimm\u00e4n Eurobarometrin mukaan kasvanut entisest\u00e4\u00e4n. Olemme aiemmin tehneet selv\u00e4ksi, ett\u00e4 Suomi ei tule j\u00e4rjest\u00e4m\u00e4\u00e4n EU-kasan\u00e4\u00e4nestyst\u00e4, joten olen iloinen siit\u00e4, etteiv\u00e4t suomalaiset vaikuta sellaista haluavankaan. Yhten\u00e4inen ja vahva EU on Suomen etu, ja me olemme sitoutuneet sen kehitt\u00e4miseen. Siksi puheet mahdollisista kansan\u00e4\u00e4nestyksist\u00e4 ovat Suomen edun vastaisia.<\/p>\n<p>EU-kriittisyys ei ole kuitenkaan h\u00e4vinnyt. It\u00e4vallan, Hollannin, Ranskan ja kohta Saksan vaalien Eurooppa-my\u00f6nteinen tulos vain antoi meille lis\u00e4aikaa vastata turhautuneiden kansalaisten oikeutettuihin kysymyksiin. EU tarvitsee rohkeita muutoksia, jotka saavutetaan arkisen aherruksen lopputuloksena. Kitkuttelu vesitettyjen kompromissien pohjalta ei en\u00e4\u00e4 riit\u00e4. K\u00e4yt\u00e4nn\u00f6ss\u00e4 se merkitsee valmiutta edet\u00e4 eritahtisesti. Suomen pit\u00e4\u00e4 olla t\u00e4h\u00e4n valmis silt\u00e4 osin, kun se meid\u00e4n etumme.<\/p>\n<p>Euroopan unionin on toimittava johdonmukaisesti sek\u00e4 ulkoisesti ett\u00e4 sis\u00e4isesti. Piittaamattomuutta yhteisist\u00e4 arvoista kuten oikeusvaltioperiaatteen vaalimisesta ei voi katsoa l\u00e4pi sormien. Muuttoliike Eurooppaan ei ole l\u00e4hivuosina v\u00e4henem\u00e4ss\u00e4. EU-maiden on l\u00f6ydett\u00e4v\u00e4 yhteinen j\u00e4rjestely, jolla taataan ettei yksitt\u00e4isen j\u00e4senmaan vastuunkanto k\u00e4y liian raskaaksi.<\/p>\n<p>EU:n pit\u00e4\u00e4 ohjata rahaa ja resursseja turvallisuuteen, maahanmuuttoon ja talouden uudistamiseen.<\/p>\n<p>Turvallisuus tarkoittaa puolustusyhteisty\u00f6n syvent\u00e4mist\u00e4 ja avunantovelvoitteen vahvistamista. Eduskunta totesi kantanaan vuonna 2006 k\u00e4sitelless\u00e4\u00e4n perustuslakisopimusta, ett\u00e4 \u201dhy\u00f6kk\u00e4ys yht\u00e4 EU-j\u00e4senvaltiota kohtaan merkitsisi muiden apuun tuloa monin keinoin, mukaan lukien sotilaalliset toimet\u201d. Erityisesti Suomen etu on vahvistaa t\u00e4t\u00e4 tulkintaa. EU:n pit\u00e4\u00e4 tehd\u00e4 enemm\u00e4n my\u00f6s hybridivaikuttamista vastaan. Suomen hybridikeskus on t\u00e4h\u00e4n hyv\u00e4 panostus, mutta ei se yksin riit\u00e4.<\/p>\n<p>Turvallisuus tarkoittaa my\u00f6s tiiviimp\u00e4\u00e4 terrorismin vastaista yhteisty\u00f6t\u00e4 EU:n ulkopuolella, ulkorajoilla ja rajojen sis\u00e4puolella. Iskut Turussa ja Barcelonassa vain alleviivaavat yhteisten toimien t\u00e4rkeytt\u00e4. Turvallisuusuhkien torjumisessa keskeist\u00e4 on viranomaisten v\u00e4linen hyv\u00e4 yhteisty\u00f6 esimerkiksi tietojenvaihdossa.<\/p>\n<p>Maahanmuuton hallinta edellytt\u00e4\u00e4 vakauden ja ty\u00f6paikkojen luomista EU:n naapurustossa, etenkin Afrikassa ja L\u00e4hi-id\u00e4ss\u00e4. Se edellytt\u00e4\u00e4 EU:n j\u00e4senmailta yhteist\u00e4 turvapaikkapolitiikkaa, tehokasta turvapaikkatutkintaa ja kotouttamista, toimivaa palautusj\u00e4rjestelm\u00e4\u00e4 sek\u00e4 maahanmuuttoviranomaisten, poliisin ja oikeuslaitoksen oikein mitoitettua resursointia. On j\u00e4rjet\u00f6nt\u00e4, ett\u00e4 turvapaikanhakijat saavat erilaista kohtelua eri EU-maissa.<\/p>\n<p>EU-maiden talouksia on uudistettava niin, ett\u00e4 p\u00e4rj\u00e4\u00e4mme globaalissa kilpailussa. Euroalueella tarvitaan vahvempia kannustimia ty\u00f6el\u00e4m\u00e4n ja talouden rakenteiden uudistamiseen. Seurannan ja s\u00e4\u00e4nt\u00f6jen rinnalle tarvitaan markkinapainetta.<\/p>\n<p>Toisaalta EU:n budjettia pit\u00e4\u00e4 k\u00e4ytt\u00e4\u00e4 tehokkaammin tukemaan uutta, eik\u00e4 turvaamaan vanhaa. Suomen pit\u00e4\u00e4 ottaa rahoituskehysneuvotteluissa vahva ote ja ajaa rohkeasti painopisteen siirt\u00e4mist\u00e4 uudistusten tukemiseen, maahanmuuton hallintaan ja turvallisuuden vahvistamiseen. Vanhasta EU-maiden v\u00e4lisest\u00e4 tulonsiirtoajattelusta pit\u00e4\u00e4 p\u00e4\u00e4st\u00e4 pois.<\/p>\n<p>Talous- ja rahaliiton kehitt\u00e4minen tulee olemaan yksi syksyn ja talven kiinnostavimmista EU-aiheista. Suomi on perinteisesti korostanut prosessien ja rakenteiden selkeytt\u00e4mist\u00e4 ja yksinkertaistamista. Suomen peruslinja on ollut, ett\u00e4 ongelmia ei ratkaista rahalla tai kasvattamalla yhteisvastuuta. Yhteisvastuun syvent\u00e4minen pikemminkin hajottaa kuin yhdist\u00e4\u00e4 euroaluetta.<\/p>\n<p>Saksan vaalit k\u00e4yd\u00e4\u00e4n kuukauden p\u00e4\u00e4st\u00e4. Sen j\u00e4lkeen on todenn\u00e4k\u00f6isesti odotettavissa konkreettisempia esityksi\u00e4 talous- ja rahaliiton kehitt\u00e4misest\u00e4. Hallitus ja eduskunta ottavat mahdollisiin esityksiin kantaa syksyn aikana. Sit\u00e4 ennen meid\u00e4n on alettava muodostaa omaa kantaamme niiden tietojen varassa, jotka ovat saatavilla.<\/p>\n<p>Pyyd\u00e4nkin teilt\u00e4, ett\u00e4 kiinnitt\u00e4isitte erityist\u00e4 huomiota asemamaidenne talous- ja rahaliiton kehitt\u00e4miseen liittyviin kantoihin ja toimittaisitte niist\u00e4 ajantasaiset raportit Saksan vaaleihin menness\u00e4. Arvostan n\u00e4kemyksi\u00e4nne ja asiantuntemustanne.<\/p>\n<p>Hyv\u00e4t suurl\u00e4hettil\u00e4\u00e4t,<\/p>\n<p>Maailmanpolitiikan tilaa kuvaa parhaiten ajatus jatkuvan ja voimakkaan muutoksen keskell\u00e4 el\u00e4misest\u00e4. Muutos on nykymaailmassa s\u00e4\u00e4nt\u00f6, ei poikkeus. Suomen on osattava toimia jatkuvassa muutoksessa niin, ett\u00e4 maamme asema, turvallisuus ja hyvinvointi ovat mahdollisimman vahvoja.<\/p>\n<p>Vaikka olemme pieni maa, meid\u00e4n ei pid\u00e4 alistua virran viet\u00e4v\u00e4ksi. Kun ymm\u00e4rr\u00e4mme muutosta, tied\u00e4mme tarkkaan mit\u00e4 haluamme ja uskallamme tarttua olennaisiin asioihin oikealla hetkell\u00e4, voimme vaikuttaa kohtaloomme paljonkin. Suomi ei ole, eik\u00e4 saa olla ajopuu. Ulko- ja turvallisuuspolitiikkamme tavoite ei ole yll\u00e4pit\u00e4\u00e4 mahdollisimman hyvi\u00e4 suhteita eri maihin, vaan suomalaisten turvallisuuden ja hyvinvoinnin takaaminen.<\/p>\n<p>Kiitos.<\/p>\n<p>&nbsp;<\/p>\n<p>&nbsp;<\/p>\n<p><em>\u00a0<\/em><\/p>","protected":false},"excerpt":{"rendered":"<p>Hyv\u00e4t suurl\u00e4hettil\u00e4\u00e4t, Viime perjantaina Turussa kaksi ihmist\u00e4 kuoli ja kahdeksan loukkaantui, kun puukottaja hy\u00f6kk\u00e4si t\u00e4ysin ennalta arvaamatta heid\u00e4n kimppuunsa. Tunnen valtavaa surua tapahtuneesta ja otan syv\u00e4sti osaa omaisten suruun. Poliisin ammattitaitoisen toiminnan ansiosta hy\u00f6kk\u00e4\u00e4j\u00e4 saatiin hyvin nopeasti kiinni. Kiitos, suomalainen poliisi. Sivullisten apu mahdollisesti pelasti useita ihmishenki\u00e4. Auttajien rohkeutta voi vain ihailla ja kiitt\u00e4\u00e4 niiden [&hellip;]<\/p>","protected":false},"author":1,"featured_media":293,"comment_status":"open","ping_status":"open","sticky":false,"template":"","format":"standard","meta":{"footnotes":""},"categories":[6],"tags":[10,67,68,24,69,49],"class_list":["post-934","post","type-post","status-publish","format-standard","has-post-thumbnail","hentry","category-blogi","tag-eu","tag-suomi","tag-suurlahettilaspaivat","tag-talous","tag-terrorismi","tag-tulevaisuus"],"yoast_head":"<!-- This site is optimized with the Yoast SEO plugin v26.0 - https:\/\/yoast.com\/wordpress\/plugins\/seo\/ -->\n<title>Puhe suurl\u00e4hettil\u00e4sp\u00e4ivill\u00e4 Helsingiss\u00e4 21.8.2017 - Petteri Orpo<\/title>\n<meta name=\"robots\" content=\"index, follow, max-snippet:-1, max-image-preview:large, max-video-preview:-1\" \/>\n<link rel=\"canonical\" href=\"https:\/\/www.petteriorpo.fi\/en\/puhe-suurlahettilaspaivilla-helsingissa-21-8-2017\/\" \/>\n<meta property=\"og:locale\" content=\"en_GB\" \/>\n<meta property=\"og:type\" content=\"article\" \/>\n<meta property=\"og:title\" content=\"Puhe suurl\u00e4hettil\u00e4sp\u00e4ivill\u00e4 Helsingiss\u00e4 21.8.2017 - Petteri Orpo\" \/>\n<meta property=\"og:description\" content=\"Hyv\u00e4t suurl\u00e4hettil\u00e4\u00e4t, Viime perjantaina Turussa kaksi ihmist\u00e4 kuoli ja kahdeksan loukkaantui, kun puukottaja hy\u00f6kk\u00e4si t\u00e4ysin ennalta arvaamatta heid\u00e4n kimppuunsa. Tunnen valtavaa surua tapahtuneesta ja otan syv\u00e4sti osaa omaisten suruun. Poliisin ammattitaitoisen toiminnan ansiosta hy\u00f6kk\u00e4\u00e4j\u00e4 saatiin hyvin nopeasti kiinni. Kiitos, suomalainen poliisi. Sivullisten apu mahdollisesti pelasti useita ihmishenki\u00e4. Auttajien rohkeutta voi vain ihailla ja kiitt\u00e4\u00e4 niiden [&hellip;]\" \/>\n<meta property=\"og:url\" content=\"https:\/\/www.petteriorpo.fi\/en\/puhe-suurlahettilaspaivilla-helsingissa-21-8-2017\/\" \/>\n<meta property=\"og:site_name\" content=\"Petteri Orpo\" \/>\n<meta property=\"article:published_time\" content=\"2017-08-21T12:46:54+00:00\" \/>\n<meta property=\"article:modified_time\" content=\"2023-02-16T16:50:47+00:00\" \/>\n<meta property=\"og:image\" content=\"https:\/\/www.petteriorpo.fi\/wp-content\/uploads\/2016\/11\/Petteri_fb.jpg\" \/>\n\t<meta property=\"og:image:width\" content=\"1219\" \/>\n\t<meta property=\"og:image:height\" content=\"630\" \/>\n\t<meta property=\"og:image:type\" content=\"image\/jpeg\" \/>\n<meta name=\"author\" content=\"admin\" \/>\n<meta name=\"twitter:card\" content=\"summary_large_image\" \/>\n<meta name=\"twitter:label1\" content=\"Written by\" \/>\n\t<meta name=\"twitter:data1\" content=\"admin\" \/>\n\t<meta name=\"twitter:label2\" content=\"Estimated reading time\" \/>\n\t<meta name=\"twitter:data2\" content=\"11 minutes\" \/>\n<script type=\"application\/ld+json\" class=\"yoast-schema-graph\">{\"@context\":\"https:\/\/schema.org\",\"@graph\":[{\"@type\":\"Article\",\"@id\":\"https:\/\/www.petteriorpo.fi\/puhe-suurlahettilaspaivilla-helsingissa-21-8-2017\/#article\",\"isPartOf\":{\"@id\":\"https:\/\/www.petteriorpo.fi\/puhe-suurlahettilaspaivilla-helsingissa-21-8-2017\/\"},\"author\":{\"name\":\"admin\",\"@id\":\"https:\/\/www.petteriorpo.fi\/#\/schema\/person\/269837cd998a58c819bee3941bc2d2b9\"},\"headline\":\"Puhe suurl\u00e4hettil\u00e4sp\u00e4ivill\u00e4 Helsingiss\u00e4 21.8.2017\",\"datePublished\":\"2017-08-21T12:46:54+00:00\",\"dateModified\":\"2023-02-16T16:50:47+00:00\",\"mainEntityOfPage\":{\"@id\":\"https:\/\/www.petteriorpo.fi\/puhe-suurlahettilaspaivilla-helsingissa-21-8-2017\/\"},\"wordCount\":2250,\"commentCount\":0,\"publisher\":{\"@id\":\"https:\/\/www.petteriorpo.fi\/#organization\"},\"image\":{\"@id\":\"https:\/\/www.petteriorpo.fi\/puhe-suurlahettilaspaivilla-helsingissa-21-8-2017\/#primaryimage\"},\"thumbnailUrl\":\"https:\/\/www.petteriorpo.fi\/wp-content\/uploads\/2016\/11\/Petteri_fb.jpg\",\"keywords\":[\"EU\",\"Suomi\",\"suurl\u00e4hettil\u00e4sp\u00e4iv\u00e4t\",\"talous\",\"terrorismi\",\"tulevaisuus\"],\"articleSection\":[\"Blogi\"],\"inLanguage\":\"en-GB\",\"potentialAction\":[{\"@type\":\"CommentAction\",\"name\":\"Comment\",\"target\":[\"https:\/\/www.petteriorpo.fi\/puhe-suurlahettilaspaivilla-helsingissa-21-8-2017\/#respond\"]}]},{\"@type\":\"WebPage\",\"@id\":\"https:\/\/www.petteriorpo.fi\/puhe-suurlahettilaspaivilla-helsingissa-21-8-2017\/\",\"url\":\"https:\/\/www.petteriorpo.fi\/puhe-suurlahettilaspaivilla-helsingissa-21-8-2017\/\",\"name\":\"Puhe suurl\u00e4hettil\u00e4sp\u00e4ivill\u00e4 Helsingiss\u00e4 21.8.2017 - Petteri Orpo\",\"isPartOf\":{\"@id\":\"https:\/\/www.petteriorpo.fi\/#website\"},\"primaryImageOfPage\":{\"@id\":\"https:\/\/www.petteriorpo.fi\/puhe-suurlahettilaspaivilla-helsingissa-21-8-2017\/#primaryimage\"},\"image\":{\"@id\":\"https:\/\/www.petteriorpo.fi\/puhe-suurlahettilaspaivilla-helsingissa-21-8-2017\/#primaryimage\"},\"thumbnailUrl\":\"https:\/\/www.petteriorpo.fi\/wp-content\/uploads\/2016\/11\/Petteri_fb.jpg\",\"datePublished\":\"2017-08-21T12:46:54+00:00\",\"dateModified\":\"2023-02-16T16:50:47+00:00\",\"breadcrumb\":{\"@id\":\"https:\/\/www.petteriorpo.fi\/puhe-suurlahettilaspaivilla-helsingissa-21-8-2017\/#breadcrumb\"},\"inLanguage\":\"en-GB\",\"potentialAction\":[{\"@type\":\"ReadAction\",\"target\":[\"https:\/\/www.petteriorpo.fi\/puhe-suurlahettilaspaivilla-helsingissa-21-8-2017\/\"]}]},{\"@type\":\"ImageObject\",\"inLanguage\":\"en-GB\",\"@id\":\"https:\/\/www.petteriorpo.fi\/puhe-suurlahettilaspaivilla-helsingissa-21-8-2017\/#primaryimage\",\"url\":\"https:\/\/www.petteriorpo.fi\/wp-content\/uploads\/2016\/11\/Petteri_fb.jpg\",\"contentUrl\":\"https:\/\/www.petteriorpo.fi\/wp-content\/uploads\/2016\/11\/Petteri_fb.jpg\",\"width\":1219,\"height\":630},{\"@type\":\"BreadcrumbList\",\"@id\":\"https:\/\/www.petteriorpo.fi\/puhe-suurlahettilaspaivilla-helsingissa-21-8-2017\/#breadcrumb\",\"itemListElement\":[{\"@type\":\"ListItem\",\"position\":1,\"name\":\"Etusivu\",\"item\":\"https:\/\/www.petteriorpo.fi\/\"},{\"@type\":\"ListItem\",\"position\":2,\"name\":\"Puhe suurl\u00e4hettil\u00e4sp\u00e4ivill\u00e4 Helsingiss\u00e4 21.8.2017\"}]},{\"@type\":\"WebSite\",\"@id\":\"https:\/\/www.petteriorpo.fi\/#website\",\"url\":\"https:\/\/www.petteriorpo.fi\/\",\"name\":\"Petteri Orpo\",\"description\":\"Yhdess&auml; tehden eteenp&auml;in\",\"publisher\":{\"@id\":\"https:\/\/www.petteriorpo.fi\/#organization\"},\"potentialAction\":[{\"@type\":\"SearchAction\",\"target\":{\"@type\":\"EntryPoint\",\"urlTemplate\":\"https:\/\/www.petteriorpo.fi\/?s={search_term_string}\"},\"query-input\":{\"@type\":\"PropertyValueSpecification\",\"valueRequired\":true,\"valueName\":\"search_term_string\"}}],\"inLanguage\":\"en-GB\"},{\"@type\":\"Organization\",\"@id\":\"https:\/\/www.petteriorpo.fi\/#organization\",\"name\":\"Petteri Orpo\",\"url\":\"https:\/\/www.petteriorpo.fi\/\",\"logo\":{\"@type\":\"ImageObject\",\"inLanguage\":\"en-GB\",\"@id\":\"https:\/\/www.petteriorpo.fi\/#\/schema\/logo\/image\/\",\"url\":\"https:\/\/www.petteriorpo.fi\/wp-content\/uploads\/2022\/08\/logo_orpo.png\",\"contentUrl\":\"https:\/\/www.petteriorpo.fi\/wp-content\/uploads\/2022\/08\/logo_orpo.png\",\"width\":114,\"height\":120,\"caption\":\"Petteri Orpo\"},\"image\":{\"@id\":\"https:\/\/www.petteriorpo.fi\/#\/schema\/logo\/image\/\"}},{\"@type\":\"Person\",\"@id\":\"https:\/\/www.petteriorpo.fi\/#\/schema\/person\/269837cd998a58c819bee3941bc2d2b9\",\"name\":\"admin\",\"image\":{\"@type\":\"ImageObject\",\"inLanguage\":\"en-GB\",\"@id\":\"https:\/\/www.petteriorpo.fi\/#\/schema\/person\/image\/\",\"url\":\"https:\/\/secure.gravatar.com\/avatar\/e3534ba089e9f56595220762a1371e56?s=96&d=mm&r=g\",\"contentUrl\":\"https:\/\/secure.gravatar.com\/avatar\/e3534ba089e9f56595220762a1371e56?s=96&d=mm&r=g\",\"caption\":\"admin\"},\"sameAs\":[\"https:\/\/www.petteriorpo.fi\"],\"url\":\"https:\/\/www.petteriorpo.fi\/en\/author\/admin\/\"}]}<\/script>\n<!-- \/ Yoast SEO plugin. -->","yoast_head_json":{"title":"Puhe suurl\u00e4hettil\u00e4sp\u00e4ivill\u00e4 Helsingiss\u00e4 21.8.2017 - Petteri Orpo","robots":{"index":"index","follow":"follow","max-snippet":"max-snippet:-1","max-image-preview":"max-image-preview:large","max-video-preview":"max-video-preview:-1"},"canonical":"https:\/\/www.petteriorpo.fi\/en\/puhe-suurlahettilaspaivilla-helsingissa-21-8-2017\/","og_locale":"en_GB","og_type":"article","og_title":"Puhe suurl\u00e4hettil\u00e4sp\u00e4ivill\u00e4 Helsingiss\u00e4 21.8.2017 - Petteri Orpo","og_description":"Hyv\u00e4t suurl\u00e4hettil\u00e4\u00e4t, Viime perjantaina Turussa kaksi ihmist\u00e4 kuoli ja kahdeksan loukkaantui, kun puukottaja hy\u00f6kk\u00e4si t\u00e4ysin ennalta arvaamatta heid\u00e4n kimppuunsa. Tunnen valtavaa surua tapahtuneesta ja otan syv\u00e4sti osaa omaisten suruun. Poliisin ammattitaitoisen toiminnan ansiosta hy\u00f6kk\u00e4\u00e4j\u00e4 saatiin hyvin nopeasti kiinni. Kiitos, suomalainen poliisi. Sivullisten apu mahdollisesti pelasti useita ihmishenki\u00e4. Auttajien rohkeutta voi vain ihailla ja kiitt\u00e4\u00e4 niiden [&hellip;]","og_url":"https:\/\/www.petteriorpo.fi\/en\/puhe-suurlahettilaspaivilla-helsingissa-21-8-2017\/","og_site_name":"Petteri Orpo","article_published_time":"2017-08-21T12:46:54+00:00","article_modified_time":"2023-02-16T16:50:47+00:00","og_image":[{"width":1219,"height":630,"url":"https:\/\/www.petteriorpo.fi\/wp-content\/uploads\/2016\/11\/Petteri_fb.jpg","type":"image\/jpeg"}],"author":"admin","twitter_card":"summary_large_image","twitter_misc":{"Written by":"admin","Estimated reading time":"11 minutes"},"schema":{"@context":"https:\/\/schema.org","@graph":[{"@type":"Article","@id":"https:\/\/www.petteriorpo.fi\/puhe-suurlahettilaspaivilla-helsingissa-21-8-2017\/#article","isPartOf":{"@id":"https:\/\/www.petteriorpo.fi\/puhe-suurlahettilaspaivilla-helsingissa-21-8-2017\/"},"author":{"name":"admin","@id":"https:\/\/www.petteriorpo.fi\/#\/schema\/person\/269837cd998a58c819bee3941bc2d2b9"},"headline":"Puhe suurl\u00e4hettil\u00e4sp\u00e4ivill\u00e4 Helsingiss\u00e4 21.8.2017","datePublished":"2017-08-21T12:46:54+00:00","dateModified":"2023-02-16T16:50:47+00:00","mainEntityOfPage":{"@id":"https:\/\/www.petteriorpo.fi\/puhe-suurlahettilaspaivilla-helsingissa-21-8-2017\/"},"wordCount":2250,"commentCount":0,"publisher":{"@id":"https:\/\/www.petteriorpo.fi\/#organization"},"image":{"@id":"https:\/\/www.petteriorpo.fi\/puhe-suurlahettilaspaivilla-helsingissa-21-8-2017\/#primaryimage"},"thumbnailUrl":"https:\/\/www.petteriorpo.fi\/wp-content\/uploads\/2016\/11\/Petteri_fb.jpg","keywords":["EU","Suomi","suurl\u00e4hettil\u00e4sp\u00e4iv\u00e4t","talous","terrorismi","tulevaisuus"],"articleSection":["Blogi"],"inLanguage":"en-GB","potentialAction":[{"@type":"CommentAction","name":"Comment","target":["https:\/\/www.petteriorpo.fi\/puhe-suurlahettilaspaivilla-helsingissa-21-8-2017\/#respond"]}]},{"@type":"WebPage","@id":"https:\/\/www.petteriorpo.fi\/puhe-suurlahettilaspaivilla-helsingissa-21-8-2017\/","url":"https:\/\/www.petteriorpo.fi\/puhe-suurlahettilaspaivilla-helsingissa-21-8-2017\/","name":"Puhe suurl\u00e4hettil\u00e4sp\u00e4ivill\u00e4 Helsingiss\u00e4 21.8.2017 - Petteri Orpo","isPartOf":{"@id":"https:\/\/www.petteriorpo.fi\/#website"},"primaryImageOfPage":{"@id":"https:\/\/www.petteriorpo.fi\/puhe-suurlahettilaspaivilla-helsingissa-21-8-2017\/#primaryimage"},"image":{"@id":"https:\/\/www.petteriorpo.fi\/puhe-suurlahettilaspaivilla-helsingissa-21-8-2017\/#primaryimage"},"thumbnailUrl":"https:\/\/www.petteriorpo.fi\/wp-content\/uploads\/2016\/11\/Petteri_fb.jpg","datePublished":"2017-08-21T12:46:54+00:00","dateModified":"2023-02-16T16:50:47+00:00","breadcrumb":{"@id":"https:\/\/www.petteriorpo.fi\/puhe-suurlahettilaspaivilla-helsingissa-21-8-2017\/#breadcrumb"},"inLanguage":"en-GB","potentialAction":[{"@type":"ReadAction","target":["https:\/\/www.petteriorpo.fi\/puhe-suurlahettilaspaivilla-helsingissa-21-8-2017\/"]}]},{"@type":"ImageObject","inLanguage":"en-GB","@id":"https:\/\/www.petteriorpo.fi\/puhe-suurlahettilaspaivilla-helsingissa-21-8-2017\/#primaryimage","url":"https:\/\/www.petteriorpo.fi\/wp-content\/uploads\/2016\/11\/Petteri_fb.jpg","contentUrl":"https:\/\/www.petteriorpo.fi\/wp-content\/uploads\/2016\/11\/Petteri_fb.jpg","width":1219,"height":630},{"@type":"BreadcrumbList","@id":"https:\/\/www.petteriorpo.fi\/puhe-suurlahettilaspaivilla-helsingissa-21-8-2017\/#breadcrumb","itemListElement":[{"@type":"ListItem","position":1,"name":"Etusivu","item":"https:\/\/www.petteriorpo.fi\/"},{"@type":"ListItem","position":2,"name":"Puhe suurl\u00e4hettil\u00e4sp\u00e4ivill\u00e4 Helsingiss\u00e4 21.8.2017"}]},{"@type":"WebSite","@id":"https:\/\/www.petteriorpo.fi\/#website","url":"https:\/\/www.petteriorpo.fi\/","name":"Petteri Orpo","description":"Yhdess&auml; tehden eteenp&auml;in","publisher":{"@id":"https:\/\/www.petteriorpo.fi\/#organization"},"potentialAction":[{"@type":"SearchAction","target":{"@type":"EntryPoint","urlTemplate":"https:\/\/www.petteriorpo.fi\/?s={search_term_string}"},"query-input":{"@type":"PropertyValueSpecification","valueRequired":true,"valueName":"search_term_string"}}],"inLanguage":"en-GB"},{"@type":"Organization","@id":"https:\/\/www.petteriorpo.fi\/#organization","name":"Petteri Orpo","url":"https:\/\/www.petteriorpo.fi\/","logo":{"@type":"ImageObject","inLanguage":"en-GB","@id":"https:\/\/www.petteriorpo.fi\/#\/schema\/logo\/image\/","url":"https:\/\/www.petteriorpo.fi\/wp-content\/uploads\/2022\/08\/logo_orpo.png","contentUrl":"https:\/\/www.petteriorpo.fi\/wp-content\/uploads\/2022\/08\/logo_orpo.png","width":114,"height":120,"caption":"Petteri Orpo"},"image":{"@id":"https:\/\/www.petteriorpo.fi\/#\/schema\/logo\/image\/"}},{"@type":"Person","@id":"https:\/\/www.petteriorpo.fi\/#\/schema\/person\/269837cd998a58c819bee3941bc2d2b9","name":"admin","image":{"@type":"ImageObject","inLanguage":"en-GB","@id":"https:\/\/www.petteriorpo.fi\/#\/schema\/person\/image\/","url":"https:\/\/secure.gravatar.com\/avatar\/e3534ba089e9f56595220762a1371e56?s=96&d=mm&r=g","contentUrl":"https:\/\/secure.gravatar.com\/avatar\/e3534ba089e9f56595220762a1371e56?s=96&d=mm&r=g","caption":"admin"},"sameAs":["https:\/\/www.petteriorpo.fi"],"url":"https:\/\/www.petteriorpo.fi\/en\/author\/admin\/"}]}},"_links":{"self":[{"href":"https:\/\/www.petteriorpo.fi\/en\/wp-json\/wp\/v2\/posts\/934","targetHints":{"allow":["GET"]}}],"collection":[{"href":"https:\/\/www.petteriorpo.fi\/en\/wp-json\/wp\/v2\/posts"}],"about":[{"href":"https:\/\/www.petteriorpo.fi\/en\/wp-json\/wp\/v2\/types\/post"}],"author":[{"embeddable":true,"href":"https:\/\/www.petteriorpo.fi\/en\/wp-json\/wp\/v2\/users\/1"}],"replies":[{"embeddable":true,"href":"https:\/\/www.petteriorpo.fi\/en\/wp-json\/wp\/v2\/comments?post=934"}],"version-history":[{"count":1,"href":"https:\/\/www.petteriorpo.fi\/en\/wp-json\/wp\/v2\/posts\/934\/revisions"}],"predecessor-version":[{"id":1075,"href":"https:\/\/www.petteriorpo.fi\/en\/wp-json\/wp\/v2\/posts\/934\/revisions\/1075"}],"wp:featuredmedia":[{"embeddable":true,"href":"https:\/\/www.petteriorpo.fi\/en\/wp-json\/wp\/v2\/media\/293"}],"wp:attachment":[{"href":"https:\/\/www.petteriorpo.fi\/en\/wp-json\/wp\/v2\/media?parent=934"}],"wp:term":[{"taxonomy":"category","embeddable":true,"href":"https:\/\/www.petteriorpo.fi\/en\/wp-json\/wp\/v2\/categories?post=934"},{"taxonomy":"post_tag","embeddable":true,"href":"https:\/\/www.petteriorpo.fi\/en\/wp-json\/wp\/v2\/tags?post=934"}],"curies":[{"name":"wp","href":"https:\/\/api.w.org\/{rel}","templated":true}]}}