{"id":900,"date":"2020-07-02T09:12:44","date_gmt":"2020-07-02T06:12:44","guid":{"rendered":"https:\/\/www.petteriorpo.fi\/?p=900"},"modified":"2023-02-16T16:48:51","modified_gmt":"2023-02-16T16:48:51","slug":"sinilevan-torjunta-ei-saa-unohtua-talveksi","status":"publish","type":"post","link":"https:\/\/www.petteriorpo.fi\/en\/sinilevan-torjunta-ei-saa-unohtua-talveksi\/","title":{"rendered":"Sinilev\u00e4n torjunta ei saa unohtua talveksi"},"content":{"rendered":"<div class=\"layout__article-area__top-content layout__article-area__top-content--editorial\">\n<div class=\"editorial-text-container\">\n<div class=\"editorial-heading\">\n<p class=\"article__h1\"><em style=\"font-size: 16px;\">(Julkaistu Maaseudun Tulevaisuuden kolumnina 1.7.2020.)<\/em><\/p>\n<p>&nbsp;<\/p>\n<\/div>\n<\/div>\n<\/div>\n<div id=\"article_content\" class=\"layout__article-area__text-content\">\n<p>Monille juhannus omalla tai sukulaisen m\u00f6kill\u00e4 on kuin pyh\u00e4 perinne, minullekin. T\u00e4n\u00e4 vuonna suurimmassa osassa Suomea saatiin viett\u00e4\u00e4 r\u00e4nt\u00e4sateetonta juhannusta auringonpaisteen helliess\u00e4. Se tuli rankan koronakev\u00e4\u00e4n j\u00e4lkeen varmasti tarpeeseen.<\/p>\n<p>L\u00e4mpim\u00e4ss\u00e4 alkukes\u00e4ss\u00e4 on my\u00f6s varjopuolensa. Juhannuksen j\u00e4lkeisen\u00e4 maanantaina minuun otti yhteytt\u00e4 turkulainen, joka oli palannut Korppoosta juhannuksenvietosta. Leijonaosa kauniista kes\u00e4p\u00e4ivist\u00e4 oli m\u00f6kkirannassa viett\u00e4misen sijaan kulunut sinilev\u00e4tt\u00f6m\u00e4n uimapaikan etsimiseen lapsenlapsille ja koiralle. Vastaavia viestej\u00e4 kantautuu kaikkialta Suomesta juuri n\u00e4in keskikes\u00e4n korvilla. N\u00e4in ei voi eik\u00e4 saa olla tuhansien j\u00e4rvien ja saarten maassa.<\/p>\n<div class=\"article__spacer\"><\/div>\n<p><b>Olen koko\u00a0<\/b>parinkymmenen vuoden poliitikkourani ajan seurannut ja ollut mukana It\u00e4meren suojelussa. Paljon on tehty. On rakennettu suojakaistoja, fosforink\u00e4ytt\u00f6\u00e4 on v\u00e4hennetty ja olemme vieneet osaamistamme muiden It\u00e4merenalueen maihin. Tulokset n\u00e4kyv\u00e4t kyll\u00e4 Suomenlahden tilassa, mutta Saaristomeren osalta tilanne ei ole juurikaan parantunut.<\/p>\n<p>Toimien puutteen sijaan, yksi ongelma on maalipylv\u00e4\u00e4n jatkuva siirtyminen. Elonkeh\u00e4ss\u00e4mme kun kaikki asiat vaikuttavat toisiinsa. Ilmastonmuutoksen my\u00f6t\u00e4 vesist\u00f6jen kuormitus kasvaa, joten merten ja muiden vesist\u00f6jen hyvinvoinnin eteen on teht\u00e4v\u00e4 jatkuvasti enemm\u00e4n.<\/p>\n<p>K\u00e4ynnistimme viime hallituksen voimin hankkeen, jossa Saaristomeren valuma-alueelle levitet\u00e4\u00e4n kipsi\u00e4, joka v\u00e4hent\u00e4\u00e4 todistetusti maatalouden ravinnep\u00e4\u00e4st\u00f6j\u00e4 jopa puoleen. Karvan alle 400 Saaristomeren valuma-alueen viljelij\u00e4\u00e4 l\u00e4htiv\u00e4t mukaan peltojen kipsik\u00e4sittelyhankkeeseen sen ensimm\u00e4isen\u00e4 vuonna. Yli 10\u00a0000 peltohehtaaria k\u00e4sitell\u00e4\u00e4n syksyn aikana. Se on hienoa.<\/p>\n<p>N\u00e4m\u00e4 toimet tarjoavat kuitenkin vain hetkellisen avun noin viideksi vuodeksi kerrallaan. Vaikka kipsik\u00e4sittely ei maksa viljelij\u00e4lle mit\u00e4\u00e4n, tarvitsemme markkinaehtoisempia ratkaisuja. Parasta olisi, jos ratkaisut ravinnekuormituksen v\u00e4hent\u00e4miseksi samalla ratkaisisivat muita haasteita ja parantaisivat Suomen omavaraisuutta ja maatalouden kannattavuutta.<\/p>\n<div class=\"promo col-large-12 col-medium-12 col-small-12 show-for-medium-up\">\n<div id=\"mt_468x400\" data-google-query-id=\"CPfpnOWorOoCFdS1GAodDiEHfg\">\n<div class=\"ads__banner__divider\"><\/div>\n<\/div>\n<\/div>\n<p><b>Kokoomuksesta on<\/b>\u00a0esitetty, ett\u00e4 kymmenen vuoden kuluessa kaikki kasvien tarpeen ylitt\u00e4v\u00e4 lanta ohjautuisi biokaasun ja kiertoravinteiden tuotantoon. Ravinteiden valumat v\u00e4henisiv\u00e4t merkitt\u00e4v\u00e4sti, kun maataloudessa syntyv\u00e4 lanta p\u00e4\u00e4tyisi kierr\u00e4tykseen eik\u00e4 tilan l\u00e4hipelloille. Lanta saisi my\u00f6s uuden el\u00e4m\u00e4n ilmastonsuojelussa. Lannasta tuotetulla biokaasulla voidaan korvata fossiilisia polttoaineita.<\/p>\n<p>Tarvittava pohjaty\u00f6 on jo valmiina, sill\u00e4 edellinen hallitus k\u00e4ynnisti selvityksen orgaanisten lannoitevalmisteiden k\u00e4yt\u00f6n edist\u00e4miseksi. Marinin hallituksen tulisi asettaa nyt ylij\u00e4\u00e4m\u00e4lannalle prosessointivelvoite. N\u00e4in Suomesta teht\u00e4isiin samalla omavarainen fosforilannoitteen osalta.<\/p>\n<p>Selv\u00e4\u00e4 on, ett\u00e4 t\u00e4llaisten ratkaisujen rakentaminen vaatii aluksi vetoapua. Suuret biokaasulaitokset ovat massiivisia investointeja. Luonnonvarakeskuksen ja Suomen ymp\u00e4rist\u00f6keskuksen selvityksen mukaan biokaasun tuotantoa tukisi parhaiten tariffi, joka kohdentuu lannasta tuotetulle biokaasulle. Esimerkiksi Ruotsissa on k\u00e4yt\u00f6ss\u00e4 sy\u00f6tt\u00f6tariffi, jonka turvin investoiminen biokaasun ja kiertoravinteiden tuotantolaitoksiin on kannattavaa.<\/p>\n<p>Vesist\u00f6jen suojeleminen, kunnostaminen ja ennallistaminen ovat vaativia, vuosia kest\u00e4vi\u00e4 hankkeita. Sinilev\u00e4 nousee aina kes\u00e4isin pinnalle niin politiikassa kuin It\u00e4meress\u00e4. On syyt\u00e4 varmistaa, ett\u00e4 puhtaat l\u00e4hivedet pysyv\u00e4t agendalla, kun kylm\u00e4 ilma ja syksyn tuulet taas sekoittavat vedet.<\/p>\n<div class=\"promo col-large-12 col-medium-12 col-small-12 show-for-medium-up\"><\/div>\n<blockquote><p>Toimien puutteen sijaan, yksi ongelma on maalipylv\u00e4\u00e4n jatkuva siirtyminen.<\/p><\/blockquote>\n<\/div>","protected":false},"excerpt":{"rendered":"<p>(Julkaistu Maaseudun Tulevaisuuden kolumnina 1.7.2020.) &nbsp; Monille juhannus omalla tai sukulaisen m\u00f6kill\u00e4 on kuin pyh\u00e4 perinne, minullekin. T\u00e4n\u00e4 vuonna suurimmassa osassa Suomea saatiin viett\u00e4\u00e4 r\u00e4nt\u00e4sateetonta juhannusta auringonpaisteen helliess\u00e4. Se tuli rankan koronakev\u00e4\u00e4n j\u00e4lkeen varmasti tarpeeseen. L\u00e4mpim\u00e4ss\u00e4 alkukes\u00e4ss\u00e4 on my\u00f6s varjopuolensa. Juhannuksen j\u00e4lkeisen\u00e4 maanantaina minuun otti yhteytt\u00e4 turkulainen, joka oli palannut Korppoosta juhannuksenvietosta. Leijonaosa kauniista kes\u00e4p\u00e4ivist\u00e4 [&hellip;]<\/p>","protected":false},"author":1,"featured_media":885,"comment_status":"open","ping_status":"open","sticky":false,"template":"","format":"standard","meta":{"footnotes":""},"categories":[6],"tags":[281,282,283,284,285,175,152,102,176,286,287,288,289,290],"class_list":["post-900","post","type-post","status-publish","format-standard","has-post-thumbnail","hentry","category-blogi","tag-itameri","tag-jarvi","tag-kiertoravinteet","tag-kiertotalous","tag-kipsikasittely","tag-kolumni","tag-maaseudun-tulevaisuus","tag-maatalous","tag-mt","tag-rehevoityminen","tag-saaristomeri","tag-saastuminen","tag-sinileva","tag-vesisto"],"yoast_head":"<!-- This site is optimized with the Yoast SEO plugin v26.0 - https:\/\/yoast.com\/wordpress\/plugins\/seo\/ -->\n<title>Sinilev\u00e4n torjunta ei saa unohtua talveksi - Petteri Orpo<\/title>\n<meta name=\"robots\" content=\"index, follow, max-snippet:-1, max-image-preview:large, max-video-preview:-1\" \/>\n<link rel=\"canonical\" href=\"https:\/\/www.petteriorpo.fi\/en\/sinilevan-torjunta-ei-saa-unohtua-talveksi\/\" \/>\n<meta property=\"og:locale\" content=\"en_GB\" \/>\n<meta property=\"og:type\" content=\"article\" \/>\n<meta property=\"og:title\" content=\"Sinilev\u00e4n torjunta ei saa unohtua talveksi - Petteri Orpo\" \/>\n<meta property=\"og:description\" content=\"(Julkaistu Maaseudun Tulevaisuuden kolumnina 1.7.2020.) &nbsp; Monille juhannus omalla tai sukulaisen m\u00f6kill\u00e4 on kuin pyh\u00e4 perinne, minullekin. T\u00e4n\u00e4 vuonna suurimmassa osassa Suomea saatiin viett\u00e4\u00e4 r\u00e4nt\u00e4sateetonta juhannusta auringonpaisteen helliess\u00e4. Se tuli rankan koronakev\u00e4\u00e4n j\u00e4lkeen varmasti tarpeeseen. L\u00e4mpim\u00e4ss\u00e4 alkukes\u00e4ss\u00e4 on my\u00f6s varjopuolensa. Juhannuksen j\u00e4lkeisen\u00e4 maanantaina minuun otti yhteytt\u00e4 turkulainen, joka oli palannut Korppoosta juhannuksenvietosta. Leijonaosa kauniista kes\u00e4p\u00e4ivist\u00e4 [&hellip;]\" \/>\n<meta property=\"og:url\" content=\"https:\/\/www.petteriorpo.fi\/en\/sinilevan-torjunta-ei-saa-unohtua-talveksi\/\" \/>\n<meta property=\"og:site_name\" content=\"Petteri Orpo\" \/>\n<meta property=\"article:published_time\" content=\"2020-07-02T06:12:44+00:00\" \/>\n<meta property=\"article:modified_time\" content=\"2023-02-16T16:48:51+00:00\" \/>\n<meta property=\"og:image\" content=\"https:\/\/www.petteriorpo.fi\/wp-content\/uploads\/2020\/06\/WhatsApp-Image-2020-06-12-at-13.30.12-1.jpeg\" \/>\n\t<meta property=\"og:image:width\" content=\"1598\" \/>\n\t<meta property=\"og:image:height\" content=\"1200\" \/>\n\t<meta property=\"og:image:type\" content=\"image\/jpeg\" \/>\n<meta name=\"author\" content=\"admin\" \/>\n<meta name=\"twitter:card\" content=\"summary_large_image\" \/>\n<meta name=\"twitter:label1\" content=\"Written by\" \/>\n\t<meta name=\"twitter:data1\" content=\"admin\" \/>\n\t<meta name=\"twitter:label2\" content=\"Estimated reading time\" \/>\n\t<meta name=\"twitter:data2\" content=\"2 minutes\" \/>\n<script type=\"application\/ld+json\" class=\"yoast-schema-graph\">{\"@context\":\"https:\/\/schema.org\",\"@graph\":[{\"@type\":\"Article\",\"@id\":\"https:\/\/www.petteriorpo.fi\/sinilevan-torjunta-ei-saa-unohtua-talveksi\/#article\",\"isPartOf\":{\"@id\":\"https:\/\/www.petteriorpo.fi\/sinilevan-torjunta-ei-saa-unohtua-talveksi\/\"},\"author\":{\"name\":\"admin\",\"@id\":\"https:\/\/www.petteriorpo.fi\/#\/schema\/person\/269837cd998a58c819bee3941bc2d2b9\"},\"headline\":\"Sinilev\u00e4n torjunta ei saa unohtua talveksi\",\"datePublished\":\"2020-07-02T06:12:44+00:00\",\"dateModified\":\"2023-02-16T16:48:51+00:00\",\"mainEntityOfPage\":{\"@id\":\"https:\/\/www.petteriorpo.fi\/sinilevan-torjunta-ei-saa-unohtua-talveksi\/\"},\"wordCount\":484,\"commentCount\":0,\"publisher\":{\"@id\":\"https:\/\/www.petteriorpo.fi\/#organization\"},\"image\":{\"@id\":\"https:\/\/www.petteriorpo.fi\/sinilevan-torjunta-ei-saa-unohtua-talveksi\/#primaryimage\"},\"thumbnailUrl\":\"https:\/\/www.petteriorpo.fi\/wp-content\/uploads\/2020\/06\/WhatsApp-Image-2020-06-12-at-13.30.12-1.jpeg\",\"keywords\":[\"It\u00e4meri\",\"j\u00e4rvi\",\"kiertoravinteet\",\"kiertotalous\",\"kipsik\u00e4sittely\",\"kolumni\",\"Maaseudun Tulevaisuus\",\"maatalous\",\"MT\",\"rehev\u00f6ityminen\",\"Saaristomeri\",\"saastuminen\",\"sinilev\u00e4\",\"vesist\u00f6\"],\"articleSection\":[\"Blogi\"],\"inLanguage\":\"en-GB\",\"potentialAction\":[{\"@type\":\"CommentAction\",\"name\":\"Comment\",\"target\":[\"https:\/\/www.petteriorpo.fi\/sinilevan-torjunta-ei-saa-unohtua-talveksi\/#respond\"]}]},{\"@type\":\"WebPage\",\"@id\":\"https:\/\/www.petteriorpo.fi\/sinilevan-torjunta-ei-saa-unohtua-talveksi\/\",\"url\":\"https:\/\/www.petteriorpo.fi\/sinilevan-torjunta-ei-saa-unohtua-talveksi\/\",\"name\":\"Sinilev\u00e4n torjunta ei saa unohtua talveksi - Petteri Orpo\",\"isPartOf\":{\"@id\":\"https:\/\/www.petteriorpo.fi\/#website\"},\"primaryImageOfPage\":{\"@id\":\"https:\/\/www.petteriorpo.fi\/sinilevan-torjunta-ei-saa-unohtua-talveksi\/#primaryimage\"},\"image\":{\"@id\":\"https:\/\/www.petteriorpo.fi\/sinilevan-torjunta-ei-saa-unohtua-talveksi\/#primaryimage\"},\"thumbnailUrl\":\"https:\/\/www.petteriorpo.fi\/wp-content\/uploads\/2020\/06\/WhatsApp-Image-2020-06-12-at-13.30.12-1.jpeg\",\"datePublished\":\"2020-07-02T06:12:44+00:00\",\"dateModified\":\"2023-02-16T16:48:51+00:00\",\"breadcrumb\":{\"@id\":\"https:\/\/www.petteriorpo.fi\/sinilevan-torjunta-ei-saa-unohtua-talveksi\/#breadcrumb\"},\"inLanguage\":\"en-GB\",\"potentialAction\":[{\"@type\":\"ReadAction\",\"target\":[\"https:\/\/www.petteriorpo.fi\/sinilevan-torjunta-ei-saa-unohtua-talveksi\/\"]}]},{\"@type\":\"ImageObject\",\"inLanguage\":\"en-GB\",\"@id\":\"https:\/\/www.petteriorpo.fi\/sinilevan-torjunta-ei-saa-unohtua-talveksi\/#primaryimage\",\"url\":\"https:\/\/www.petteriorpo.fi\/wp-content\/uploads\/2020\/06\/WhatsApp-Image-2020-06-12-at-13.30.12-1.jpeg\",\"contentUrl\":\"https:\/\/www.petteriorpo.fi\/wp-content\/uploads\/2020\/06\/WhatsApp-Image-2020-06-12-at-13.30.12-1.jpeg\",\"width\":1598,\"height\":1200,\"caption\":\"(C) Alexis Vartiainen, 2019\"},{\"@type\":\"BreadcrumbList\",\"@id\":\"https:\/\/www.petteriorpo.fi\/sinilevan-torjunta-ei-saa-unohtua-talveksi\/#breadcrumb\",\"itemListElement\":[{\"@type\":\"ListItem\",\"position\":1,\"name\":\"Etusivu\",\"item\":\"https:\/\/www.petteriorpo.fi\/\"},{\"@type\":\"ListItem\",\"position\":2,\"name\":\"Sinilev\u00e4n torjunta ei saa unohtua talveksi\"}]},{\"@type\":\"WebSite\",\"@id\":\"https:\/\/www.petteriorpo.fi\/#website\",\"url\":\"https:\/\/www.petteriorpo.fi\/\",\"name\":\"Petteri Orpo\",\"description\":\"Yhdess&auml; tehden eteenp&auml;in\",\"publisher\":{\"@id\":\"https:\/\/www.petteriorpo.fi\/#organization\"},\"potentialAction\":[{\"@type\":\"SearchAction\",\"target\":{\"@type\":\"EntryPoint\",\"urlTemplate\":\"https:\/\/www.petteriorpo.fi\/?s={search_term_string}\"},\"query-input\":{\"@type\":\"PropertyValueSpecification\",\"valueRequired\":true,\"valueName\":\"search_term_string\"}}],\"inLanguage\":\"en-GB\"},{\"@type\":\"Organization\",\"@id\":\"https:\/\/www.petteriorpo.fi\/#organization\",\"name\":\"Petteri Orpo\",\"url\":\"https:\/\/www.petteriorpo.fi\/\",\"logo\":{\"@type\":\"ImageObject\",\"inLanguage\":\"en-GB\",\"@id\":\"https:\/\/www.petteriorpo.fi\/#\/schema\/logo\/image\/\",\"url\":\"https:\/\/www.petteriorpo.fi\/wp-content\/uploads\/2022\/08\/logo_orpo.png\",\"contentUrl\":\"https:\/\/www.petteriorpo.fi\/wp-content\/uploads\/2022\/08\/logo_orpo.png\",\"width\":114,\"height\":120,\"caption\":\"Petteri Orpo\"},\"image\":{\"@id\":\"https:\/\/www.petteriorpo.fi\/#\/schema\/logo\/image\/\"}},{\"@type\":\"Person\",\"@id\":\"https:\/\/www.petteriorpo.fi\/#\/schema\/person\/269837cd998a58c819bee3941bc2d2b9\",\"name\":\"admin\",\"image\":{\"@type\":\"ImageObject\",\"inLanguage\":\"en-GB\",\"@id\":\"https:\/\/www.petteriorpo.fi\/#\/schema\/person\/image\/\",\"url\":\"https:\/\/secure.gravatar.com\/avatar\/e3534ba089e9f56595220762a1371e56?s=96&d=mm&r=g\",\"contentUrl\":\"https:\/\/secure.gravatar.com\/avatar\/e3534ba089e9f56595220762a1371e56?s=96&d=mm&r=g\",\"caption\":\"admin\"},\"sameAs\":[\"https:\/\/www.petteriorpo.fi\"],\"url\":\"https:\/\/www.petteriorpo.fi\/en\/author\/admin\/\"}]}<\/script>\n<!-- \/ Yoast SEO plugin. -->","yoast_head_json":{"title":"Sinilev\u00e4n torjunta ei saa unohtua talveksi - Petteri Orpo","robots":{"index":"index","follow":"follow","max-snippet":"max-snippet:-1","max-image-preview":"max-image-preview:large","max-video-preview":"max-video-preview:-1"},"canonical":"https:\/\/www.petteriorpo.fi\/en\/sinilevan-torjunta-ei-saa-unohtua-talveksi\/","og_locale":"en_GB","og_type":"article","og_title":"Sinilev\u00e4n torjunta ei saa unohtua talveksi - Petteri Orpo","og_description":"(Julkaistu Maaseudun Tulevaisuuden kolumnina 1.7.2020.) &nbsp; Monille juhannus omalla tai sukulaisen m\u00f6kill\u00e4 on kuin pyh\u00e4 perinne, minullekin. T\u00e4n\u00e4 vuonna suurimmassa osassa Suomea saatiin viett\u00e4\u00e4 r\u00e4nt\u00e4sateetonta juhannusta auringonpaisteen helliess\u00e4. Se tuli rankan koronakev\u00e4\u00e4n j\u00e4lkeen varmasti tarpeeseen. L\u00e4mpim\u00e4ss\u00e4 alkukes\u00e4ss\u00e4 on my\u00f6s varjopuolensa. Juhannuksen j\u00e4lkeisen\u00e4 maanantaina minuun otti yhteytt\u00e4 turkulainen, joka oli palannut Korppoosta juhannuksenvietosta. Leijonaosa kauniista kes\u00e4p\u00e4ivist\u00e4 [&hellip;]","og_url":"https:\/\/www.petteriorpo.fi\/en\/sinilevan-torjunta-ei-saa-unohtua-talveksi\/","og_site_name":"Petteri Orpo","article_published_time":"2020-07-02T06:12:44+00:00","article_modified_time":"2023-02-16T16:48:51+00:00","og_image":[{"width":1598,"height":1200,"url":"https:\/\/www.petteriorpo.fi\/wp-content\/uploads\/2020\/06\/WhatsApp-Image-2020-06-12-at-13.30.12-1.jpeg","type":"image\/jpeg"}],"author":"admin","twitter_card":"summary_large_image","twitter_misc":{"Written by":"admin","Estimated reading time":"2 minutes"},"schema":{"@context":"https:\/\/schema.org","@graph":[{"@type":"Article","@id":"https:\/\/www.petteriorpo.fi\/sinilevan-torjunta-ei-saa-unohtua-talveksi\/#article","isPartOf":{"@id":"https:\/\/www.petteriorpo.fi\/sinilevan-torjunta-ei-saa-unohtua-talveksi\/"},"author":{"name":"admin","@id":"https:\/\/www.petteriorpo.fi\/#\/schema\/person\/269837cd998a58c819bee3941bc2d2b9"},"headline":"Sinilev\u00e4n torjunta ei saa unohtua talveksi","datePublished":"2020-07-02T06:12:44+00:00","dateModified":"2023-02-16T16:48:51+00:00","mainEntityOfPage":{"@id":"https:\/\/www.petteriorpo.fi\/sinilevan-torjunta-ei-saa-unohtua-talveksi\/"},"wordCount":484,"commentCount":0,"publisher":{"@id":"https:\/\/www.petteriorpo.fi\/#organization"},"image":{"@id":"https:\/\/www.petteriorpo.fi\/sinilevan-torjunta-ei-saa-unohtua-talveksi\/#primaryimage"},"thumbnailUrl":"https:\/\/www.petteriorpo.fi\/wp-content\/uploads\/2020\/06\/WhatsApp-Image-2020-06-12-at-13.30.12-1.jpeg","keywords":["It\u00e4meri","j\u00e4rvi","kiertoravinteet","kiertotalous","kipsik\u00e4sittely","kolumni","Maaseudun Tulevaisuus","maatalous","MT","rehev\u00f6ityminen","Saaristomeri","saastuminen","sinilev\u00e4","vesist\u00f6"],"articleSection":["Blogi"],"inLanguage":"en-GB","potentialAction":[{"@type":"CommentAction","name":"Comment","target":["https:\/\/www.petteriorpo.fi\/sinilevan-torjunta-ei-saa-unohtua-talveksi\/#respond"]}]},{"@type":"WebPage","@id":"https:\/\/www.petteriorpo.fi\/sinilevan-torjunta-ei-saa-unohtua-talveksi\/","url":"https:\/\/www.petteriorpo.fi\/sinilevan-torjunta-ei-saa-unohtua-talveksi\/","name":"Sinilev\u00e4n torjunta ei saa unohtua talveksi - Petteri Orpo","isPartOf":{"@id":"https:\/\/www.petteriorpo.fi\/#website"},"primaryImageOfPage":{"@id":"https:\/\/www.petteriorpo.fi\/sinilevan-torjunta-ei-saa-unohtua-talveksi\/#primaryimage"},"image":{"@id":"https:\/\/www.petteriorpo.fi\/sinilevan-torjunta-ei-saa-unohtua-talveksi\/#primaryimage"},"thumbnailUrl":"https:\/\/www.petteriorpo.fi\/wp-content\/uploads\/2020\/06\/WhatsApp-Image-2020-06-12-at-13.30.12-1.jpeg","datePublished":"2020-07-02T06:12:44+00:00","dateModified":"2023-02-16T16:48:51+00:00","breadcrumb":{"@id":"https:\/\/www.petteriorpo.fi\/sinilevan-torjunta-ei-saa-unohtua-talveksi\/#breadcrumb"},"inLanguage":"en-GB","potentialAction":[{"@type":"ReadAction","target":["https:\/\/www.petteriorpo.fi\/sinilevan-torjunta-ei-saa-unohtua-talveksi\/"]}]},{"@type":"ImageObject","inLanguage":"en-GB","@id":"https:\/\/www.petteriorpo.fi\/sinilevan-torjunta-ei-saa-unohtua-talveksi\/#primaryimage","url":"https:\/\/www.petteriorpo.fi\/wp-content\/uploads\/2020\/06\/WhatsApp-Image-2020-06-12-at-13.30.12-1.jpeg","contentUrl":"https:\/\/www.petteriorpo.fi\/wp-content\/uploads\/2020\/06\/WhatsApp-Image-2020-06-12-at-13.30.12-1.jpeg","width":1598,"height":1200,"caption":"(C) Alexis Vartiainen, 2019"},{"@type":"BreadcrumbList","@id":"https:\/\/www.petteriorpo.fi\/sinilevan-torjunta-ei-saa-unohtua-talveksi\/#breadcrumb","itemListElement":[{"@type":"ListItem","position":1,"name":"Etusivu","item":"https:\/\/www.petteriorpo.fi\/"},{"@type":"ListItem","position":2,"name":"Sinilev\u00e4n torjunta ei saa unohtua talveksi"}]},{"@type":"WebSite","@id":"https:\/\/www.petteriorpo.fi\/#website","url":"https:\/\/www.petteriorpo.fi\/","name":"Petteri Orpo","description":"Yhdess&auml; tehden eteenp&auml;in","publisher":{"@id":"https:\/\/www.petteriorpo.fi\/#organization"},"potentialAction":[{"@type":"SearchAction","target":{"@type":"EntryPoint","urlTemplate":"https:\/\/www.petteriorpo.fi\/?s={search_term_string}"},"query-input":{"@type":"PropertyValueSpecification","valueRequired":true,"valueName":"search_term_string"}}],"inLanguage":"en-GB"},{"@type":"Organization","@id":"https:\/\/www.petteriorpo.fi\/#organization","name":"Petteri Orpo","url":"https:\/\/www.petteriorpo.fi\/","logo":{"@type":"ImageObject","inLanguage":"en-GB","@id":"https:\/\/www.petteriorpo.fi\/#\/schema\/logo\/image\/","url":"https:\/\/www.petteriorpo.fi\/wp-content\/uploads\/2022\/08\/logo_orpo.png","contentUrl":"https:\/\/www.petteriorpo.fi\/wp-content\/uploads\/2022\/08\/logo_orpo.png","width":114,"height":120,"caption":"Petteri Orpo"},"image":{"@id":"https:\/\/www.petteriorpo.fi\/#\/schema\/logo\/image\/"}},{"@type":"Person","@id":"https:\/\/www.petteriorpo.fi\/#\/schema\/person\/269837cd998a58c819bee3941bc2d2b9","name":"admin","image":{"@type":"ImageObject","inLanguage":"en-GB","@id":"https:\/\/www.petteriorpo.fi\/#\/schema\/person\/image\/","url":"https:\/\/secure.gravatar.com\/avatar\/e3534ba089e9f56595220762a1371e56?s=96&d=mm&r=g","contentUrl":"https:\/\/secure.gravatar.com\/avatar\/e3534ba089e9f56595220762a1371e56?s=96&d=mm&r=g","caption":"admin"},"sameAs":["https:\/\/www.petteriorpo.fi"],"url":"https:\/\/www.petteriorpo.fi\/en\/author\/admin\/"}]}},"_links":{"self":[{"href":"https:\/\/www.petteriorpo.fi\/en\/wp-json\/wp\/v2\/posts\/900","targetHints":{"allow":["GET"]}}],"collection":[{"href":"https:\/\/www.petteriorpo.fi\/en\/wp-json\/wp\/v2\/posts"}],"about":[{"href":"https:\/\/www.petteriorpo.fi\/en\/wp-json\/wp\/v2\/types\/post"}],"author":[{"embeddable":true,"href":"https:\/\/www.petteriorpo.fi\/en\/wp-json\/wp\/v2\/users\/1"}],"replies":[{"embeddable":true,"href":"https:\/\/www.petteriorpo.fi\/en\/wp-json\/wp\/v2\/comments?post=900"}],"version-history":[{"count":1,"href":"https:\/\/www.petteriorpo.fi\/en\/wp-json\/wp\/v2\/posts\/900\/revisions"}],"predecessor-version":[{"id":1008,"href":"https:\/\/www.petteriorpo.fi\/en\/wp-json\/wp\/v2\/posts\/900\/revisions\/1008"}],"wp:featuredmedia":[{"embeddable":true,"href":"https:\/\/www.petteriorpo.fi\/en\/wp-json\/wp\/v2\/media\/885"}],"wp:attachment":[{"href":"https:\/\/www.petteriorpo.fi\/en\/wp-json\/wp\/v2\/media?parent=900"}],"wp:term":[{"taxonomy":"category","embeddable":true,"href":"https:\/\/www.petteriorpo.fi\/en\/wp-json\/wp\/v2\/categories?post=900"},{"taxonomy":"post_tag","embeddable":true,"href":"https:\/\/www.petteriorpo.fi\/en\/wp-json\/wp\/v2\/tags?post=900"}],"curies":[{"name":"wp","href":"https:\/\/api.w.org\/{rel}","templated":true}]}}