{"id":868,"date":"2020-08-11T09:39:01","date_gmt":"2020-08-11T06:39:01","guid":{"rendered":"https:\/\/www.petteriorpo.fi\/?p=868"},"modified":"2023-02-16T16:48:50","modified_gmt":"2023-02-16T16:48:50","slug":"vanhusten-kotihoitoa-ei-saa-heikentaa","status":"publish","type":"post","link":"https:\/\/www.petteriorpo.fi\/en\/vanhusten-kotihoitoa-ei-saa-heikentaa\/","title":{"rendered":"Vanhusten kotihoitoa ei saa heikent\u00e4\u00e4"},"content":{"rendered":"<div class=\"layout__article-area__top-content layout__article-area__top-content--editorial\">\n<div class=\"editorial-text-container\">\n<div class=\"editorial-heading\">\n<p class=\"article__h1\"><em><strong><span style=\"font-size: 16px;\">(Julkaistu vieraskolumnina Maaseudun Tulevaisuudessa 11.03.2020)<\/span><\/strong><\/em><\/p>\n<\/div>\n<\/div>\n<\/div>\n<div id=\"article_content\" class=\"layout__article-area__text-content\">\n<p>Vaimoni is\u00e4 sairasti pitk\u00e4\u00e4n hankalaa muistisairautta, Alzheimerin tautia. Samalla\u00a0anopistani\u00a0tuli t\u00f6idens\u00e4 ohella miehens\u00e4 omaishoitaja.<\/p>\n<p>Anoppini suunnitteli, ett\u00e4 el\u00e4kkeelle j\u00e4\u00e4ty\u00e4\u00e4n h\u00e4n hoitaisi miest\u00e4\u00e4n t\u00e4ysip\u00e4iv\u00e4isesti. N\u00e4in ei kuitenkaan koskaan k\u00e4ynyt, sill\u00e4 h\u00e4n sai laajan aivoinfarktin vain muutama p\u00e4iv\u00e4 ennen, kun j\u00e4i el\u00e4kkeelle.<\/p>\n<p>Yht\u00e4kki\u00e4 molemmat, aiemmin t\u00e4ysin terveet appivanhempani tarvitsivat seitsem\u00e4nkymppisin\u00e4 kokonaisvaltaista hoivaa. P\u00e4\u00e4osin hoivasta vastasivat ammattilaiset, mutta joulut ja muut lomat perheemme vietti Kainuussa appivanhempieni luona noin kymmenen vuoden ajan.<\/p>\n<p>&nbsp;<\/p>\n<p>Hoivaa tarvitsevia l\u00e4heisi\u00e4 on tulevaisuudessa yh\u00e4 enemm\u00e4n, sill\u00e4 Suomen v\u00e4est\u00f6 ik\u00e4\u00e4ntyy. Vuonna 2018 l\u00e4hes 52\u2009000 vanhusta tarvitsi kotihoidon palveluita ja 41\u2009000 vanhusta oli ymp\u00e4rivuorokautisessa hoidossa. Kokoomuksen mielest\u00e4 jokaisen vanhuksen oikeus oikea-aikaisiin ja riitt\u00e4viin palveluihin on turvattava.<\/p>\n<p>Nykyinen hallitus on lis\u00e4\u00e4m\u00e4ss\u00e4 hoitajia ymp\u00e4rivuorokautiseen hoivaan. Hyv\u00e4 niin! V\u00e4est\u00f6n ik\u00e4\u00e4ntyess\u00e4 palveluiden tarve kasvaa ja lis\u00e4\u00e4 hoitajia tarvitaan laadukkaiden palveluiden turvaamiseksi. Hoitajia on kuitenkin lis\u00e4tt\u00e4v\u00e4 ymp\u00e4rivuorokautisen hoidon lis\u00e4ksi my\u00f6s kotihoitoon. Valitettavasti kotihoidon tilanne on j\u00e4\u00e4nyt huomiotta hallituksen esityksess\u00e4.<\/p>\n<p>Hallituksen toimet uhkaavatkin johtaa siihen, ett\u00e4 hoitajia ymp\u00e4rivuorokautiseen hoitoon lis\u00e4t\u00e4\u00e4n kotihoidossa olevien vanhusten kustannuksella. T\u00e4m\u00e4 ei k\u00e4y. Viime syksyn\u00e4 me esitimme vaihtoehdon, joka huomioi vanhuspalveluiden kokonaisuudistuksen tarpeen.<\/p>\n<p>Esitimme kuluvalle vuodelle ik\u00e4\u00e4ntyneiden parempaan hoivaan 150 miljoonaa euroa lis\u00e4\u00e4 pysyv\u00e4\u00e4 rahoitusta. M\u00e4\u00e4r\u00e4rahalla olisi saatu 1\u2009000 uutta hoitajaa kotihoitoon ja 1\u2009000 uutta hoitajaa ymp\u00e4rivuorokautiseen hoivaan. Lis\u00e4ksi rahoitusta olisi suunnattu vanhuspalveluiden kehitt\u00e4miseen ja esimerkiksi omaishoidon ja saattohoidon parantamiseen.<\/p>\n<div class=\"promo col-large-12 col-medium-12 col-small-12 show-for-medium-up\">\n<div id=\"mt_468x400\" data-google-query-id=\"CIahs9Ps--kCFRqMmgoddF4I1A\">\n<div class=\"ads__banner__divider\"><\/div>\n<\/div>\n<\/div>\n<p>Vanhuspalveluita ei laiteta kuntoon pelk\u00e4st\u00e4\u00e4n rahalla. Keskustelin vanhuspalveluiden ammattilaisten kanssa siit\u00e4, miten erityisesti kotihoitoa pit\u00e4isi kehitt\u00e4\u00e4. Heid\u00e4n mielest\u00e4\u00e4n teknologian mahdollisuuksia pit\u00e4isi ik\u00e4\u00e4ntyv\u00e4ss\u00e4 Suomessa hy\u00f6dynt\u00e4\u00e4 huomattavasti enemm\u00e4n. Teknologisilla ratkaisuilla ei tietenk\u00e4\u00e4n korvata hoivaa ja tarvetta ihmiskontaktille, mutta niill\u00e4 voidaan tuoda uusia ratkaisuja muiden palveluiden oheen.<\/p>\n<p>Toinen asiantuntijoiden t\u00e4rke\u00e4ksi nostama teema oli ik\u00e4ihmisten toimintakyvyn yll\u00e4pit\u00e4minen. Hyv\u00e4 toimintakyky on ik\u00e4ihmisten arjessa selviytymisen ja kotona p\u00e4rj\u00e4\u00e4misen kannalta t\u00e4rke\u00e4\u00e4. Meid\u00e4n on panostettava enemm\u00e4n aktiiviseen ja liikunnalliseen el\u00e4m\u00e4ntapaan kaikissa ik\u00e4ryhmiss\u00e4, ennaltaehk\u00e4isev\u00e4\u00e4n hoitoon ja nopeaan kuntouttamiseen.<\/p>\n<p>Hoiva-ala tarvitsee my\u00f6s hyv\u00e4\u00e4 ja osaavaa johtamista sek\u00e4 t\u00f6iden suunnittelua, mik\u00e4 tutkitusti johtaa parempiin tuloksiin.\u00a0Pienemmiss\u00e4 tiimeiss\u00e4 ja pienemmill\u00e4 alueilla asiakkaat ja hoitajat tuntevat toisensa. Sill\u00e4 on my\u00f6s t\u00e4rke\u00e4 arvo, ett\u00e4 hoitaja on hoidettavalleen tuttu.<\/p>\n<div class=\"promo col-large-12 col-medium-12 col-small-12 show-for-medium-up\"><\/div>\n<p>Omakohtainen kokemus appivanhempieni hoidosta on auttanut ymm\u00e4rt\u00e4m\u00e4\u00e4n,\u00a0miten raskasta hoivaty\u00f6 voi olla. Arvostukseni hoiva-alan ammattilaisia kohtaan kasvoi entisest\u00e4\u00e4n. Ik\u00e4ihmisten hoivan kuntoon laittaminen ja hoitajien lis\u00e4\u00e4minen ovat yhteisi\u00e4 tavoitteita. Kokoomuksen mielest\u00e4 se on toteutettava vanhuspalveluiden kokonaisuudesta huolehtien. My\u00f6s kotihoidossa oleville ik\u00e4ihmisille on turvattava riitt\u00e4v\u00e4t palvelut ja lis\u00e4\u00e4 hoitajia.<\/p>\n<blockquote><p>Arvostukseni hoiva-alan ammattilaisia kohtaan kasvoi entisest\u00e4\u00e4n.<\/p><\/blockquote>\n<\/div>","protected":false},"excerpt":{"rendered":"<p>(Julkaistu vieraskolumnina Maaseudun Tulevaisuudessa 11.03.2020) Vaimoni is\u00e4 sairasti pitk\u00e4\u00e4n hankalaa muistisairautta, Alzheimerin tautia. Samalla\u00a0anopistani\u00a0tuli t\u00f6idens\u00e4 ohella miehens\u00e4 omaishoitaja. Anoppini suunnitteli, ett\u00e4 el\u00e4kkeelle j\u00e4\u00e4ty\u00e4\u00e4n h\u00e4n hoitaisi miest\u00e4\u00e4n t\u00e4ysip\u00e4iv\u00e4isesti. N\u00e4in ei kuitenkaan koskaan k\u00e4ynyt, sill\u00e4 h\u00e4n sai laajan aivoinfarktin vain muutama p\u00e4iv\u00e4 ennen, kun j\u00e4i el\u00e4kkeelle. Yht\u00e4kki\u00e4 molemmat, aiemmin t\u00e4ysin terveet appivanhempani tarvitsivat seitsem\u00e4nkymppisin\u00e4 kokonaisvaltaista hoivaa. P\u00e4\u00e4osin [&hellip;]<\/p>","protected":false},"author":1,"featured_media":1121,"comment_status":"open","ping_status":"open","sticky":false,"template":"","format":"standard","meta":{"footnotes":""},"categories":[6],"tags":[254,255,256,152,257],"class_list":["post-868","post","type-post","status-publish","format-standard","has-post-thumbnail","hentry","category-blogi","tag-hoivapalvelut","tag-hyvinvointiyhteiskunta","tag-kotihoito","tag-maaseudun-tulevaisuus","tag-vanhustenhoiva"],"yoast_head":"<!-- This site is optimized with the Yoast SEO plugin v26.0 - https:\/\/yoast.com\/wordpress\/plugins\/seo\/ -->\n<title>Vanhusten kotihoitoa ei saa heikent\u00e4\u00e4 - Petteri Orpo<\/title>\n<meta name=\"robots\" content=\"index, follow, max-snippet:-1, max-image-preview:large, max-video-preview:-1\" \/>\n<link rel=\"canonical\" href=\"https:\/\/www.petteriorpo.fi\/en\/vanhusten-kotihoitoa-ei-saa-heikentaa\/\" \/>\n<meta property=\"og:locale\" content=\"en_GB\" \/>\n<meta property=\"og:type\" content=\"article\" \/>\n<meta property=\"og:title\" content=\"Vanhusten kotihoitoa ei saa heikent\u00e4\u00e4 - Petteri Orpo\" \/>\n<meta property=\"og:description\" content=\"(Julkaistu vieraskolumnina Maaseudun Tulevaisuudessa 11.03.2020) Vaimoni is\u00e4 sairasti pitk\u00e4\u00e4n hankalaa muistisairautta, Alzheimerin tautia. Samalla\u00a0anopistani\u00a0tuli t\u00f6idens\u00e4 ohella miehens\u00e4 omaishoitaja. Anoppini suunnitteli, ett\u00e4 el\u00e4kkeelle j\u00e4\u00e4ty\u00e4\u00e4n h\u00e4n hoitaisi miest\u00e4\u00e4n t\u00e4ysip\u00e4iv\u00e4isesti. N\u00e4in ei kuitenkaan koskaan k\u00e4ynyt, sill\u00e4 h\u00e4n sai laajan aivoinfarktin vain muutama p\u00e4iv\u00e4 ennen, kun j\u00e4i el\u00e4kkeelle. Yht\u00e4kki\u00e4 molemmat, aiemmin t\u00e4ysin terveet appivanhempani tarvitsivat seitsem\u00e4nkymppisin\u00e4 kokonaisvaltaista hoivaa. P\u00e4\u00e4osin [&hellip;]\" \/>\n<meta property=\"og:url\" content=\"https:\/\/www.petteriorpo.fi\/en\/vanhusten-kotihoitoa-ei-saa-heikentaa\/\" \/>\n<meta property=\"og:site_name\" content=\"Petteri Orpo\" \/>\n<meta property=\"article:published_time\" content=\"2020-08-11T06:39:01+00:00\" \/>\n<meta property=\"article:modified_time\" content=\"2023-02-16T16:48:50+00:00\" \/>\n<meta property=\"og:image\" content=\"https:\/\/www.petteriorpo.fi\/wp-content\/uploads\/2018\/11\/PetteriOrpo_KOK1903.jpg\" \/>\n\t<meta property=\"og:image:width\" content=\"2048\" \/>\n\t<meta property=\"og:image:height\" content=\"1367\" \/>\n\t<meta property=\"og:image:type\" content=\"image\/jpeg\" \/>\n<meta name=\"author\" content=\"admin\" \/>\n<meta name=\"twitter:card\" content=\"summary_large_image\" \/>\n<meta name=\"twitter:label1\" content=\"Written by\" \/>\n\t<meta name=\"twitter:data1\" content=\"admin\" \/>\n\t<meta name=\"twitter:label2\" content=\"Estimated reading time\" \/>\n\t<meta name=\"twitter:data2\" content=\"2 minutes\" \/>\n<script type=\"application\/ld+json\" class=\"yoast-schema-graph\">{\"@context\":\"https:\/\/schema.org\",\"@graph\":[{\"@type\":\"Article\",\"@id\":\"https:\/\/www.petteriorpo.fi\/vanhusten-kotihoitoa-ei-saa-heikentaa\/#article\",\"isPartOf\":{\"@id\":\"https:\/\/www.petteriorpo.fi\/vanhusten-kotihoitoa-ei-saa-heikentaa\/\"},\"author\":{\"name\":\"admin\",\"@id\":\"https:\/\/www.petteriorpo.fi\/#\/schema\/person\/269837cd998a58c819bee3941bc2d2b9\"},\"headline\":\"Vanhusten kotihoitoa ei saa heikent\u00e4\u00e4\",\"datePublished\":\"2020-08-11T06:39:01+00:00\",\"dateModified\":\"2023-02-16T16:48:50+00:00\",\"mainEntityOfPage\":{\"@id\":\"https:\/\/www.petteriorpo.fi\/vanhusten-kotihoitoa-ei-saa-heikentaa\/\"},\"wordCount\":470,\"commentCount\":0,\"publisher\":{\"@id\":\"https:\/\/www.petteriorpo.fi\/#organization\"},\"image\":{\"@id\":\"https:\/\/www.petteriorpo.fi\/vanhusten-kotihoitoa-ei-saa-heikentaa\/#primaryimage\"},\"thumbnailUrl\":\"https:\/\/www.petteriorpo.fi\/wp-content\/uploads\/2018\/11\/PetteriOrpo_KOK1903.jpg\",\"keywords\":[\"hoivapalvelut\",\"hyvinvointiyhteiskunta\",\"Kotihoito\",\"Maaseudun Tulevaisuus\",\"vanhustenhoiva\"],\"articleSection\":[\"Blogi\"],\"inLanguage\":\"en-GB\",\"potentialAction\":[{\"@type\":\"CommentAction\",\"name\":\"Comment\",\"target\":[\"https:\/\/www.petteriorpo.fi\/vanhusten-kotihoitoa-ei-saa-heikentaa\/#respond\"]}]},{\"@type\":\"WebPage\",\"@id\":\"https:\/\/www.petteriorpo.fi\/vanhusten-kotihoitoa-ei-saa-heikentaa\/\",\"url\":\"https:\/\/www.petteriorpo.fi\/vanhusten-kotihoitoa-ei-saa-heikentaa\/\",\"name\":\"Vanhusten kotihoitoa ei saa heikent\u00e4\u00e4 - Petteri Orpo\",\"isPartOf\":{\"@id\":\"https:\/\/www.petteriorpo.fi\/#website\"},\"primaryImageOfPage\":{\"@id\":\"https:\/\/www.petteriorpo.fi\/vanhusten-kotihoitoa-ei-saa-heikentaa\/#primaryimage\"},\"image\":{\"@id\":\"https:\/\/www.petteriorpo.fi\/vanhusten-kotihoitoa-ei-saa-heikentaa\/#primaryimage\"},\"thumbnailUrl\":\"https:\/\/www.petteriorpo.fi\/wp-content\/uploads\/2018\/11\/PetteriOrpo_KOK1903.jpg\",\"datePublished\":\"2020-08-11T06:39:01+00:00\",\"dateModified\":\"2023-02-16T16:48:50+00:00\",\"breadcrumb\":{\"@id\":\"https:\/\/www.petteriorpo.fi\/vanhusten-kotihoitoa-ei-saa-heikentaa\/#breadcrumb\"},\"inLanguage\":\"en-GB\",\"potentialAction\":[{\"@type\":\"ReadAction\",\"target\":[\"https:\/\/www.petteriorpo.fi\/vanhusten-kotihoitoa-ei-saa-heikentaa\/\"]}]},{\"@type\":\"ImageObject\",\"inLanguage\":\"en-GB\",\"@id\":\"https:\/\/www.petteriorpo.fi\/vanhusten-kotihoitoa-ei-saa-heikentaa\/#primaryimage\",\"url\":\"https:\/\/www.petteriorpo.fi\/wp-content\/uploads\/2018\/11\/PetteriOrpo_KOK1903.jpg\",\"contentUrl\":\"https:\/\/www.petteriorpo.fi\/wp-content\/uploads\/2018\/11\/PetteriOrpo_KOK1903.jpg\",\"width\":2048,\"height\":1367,\"caption\":\"Kuva: Kansallinen kokoomus rp.\"},{\"@type\":\"BreadcrumbList\",\"@id\":\"https:\/\/www.petteriorpo.fi\/vanhusten-kotihoitoa-ei-saa-heikentaa\/#breadcrumb\",\"itemListElement\":[{\"@type\":\"ListItem\",\"position\":1,\"name\":\"Etusivu\",\"item\":\"https:\/\/www.petteriorpo.fi\/\"},{\"@type\":\"ListItem\",\"position\":2,\"name\":\"Vanhusten kotihoitoa ei saa heikent\u00e4\u00e4\"}]},{\"@type\":\"WebSite\",\"@id\":\"https:\/\/www.petteriorpo.fi\/#website\",\"url\":\"https:\/\/www.petteriorpo.fi\/\",\"name\":\"Petteri Orpo\",\"description\":\"Yhdess&auml; tehden eteenp&auml;in\",\"publisher\":{\"@id\":\"https:\/\/www.petteriorpo.fi\/#organization\"},\"potentialAction\":[{\"@type\":\"SearchAction\",\"target\":{\"@type\":\"EntryPoint\",\"urlTemplate\":\"https:\/\/www.petteriorpo.fi\/?s={search_term_string}\"},\"query-input\":{\"@type\":\"PropertyValueSpecification\",\"valueRequired\":true,\"valueName\":\"search_term_string\"}}],\"inLanguage\":\"en-GB\"},{\"@type\":\"Organization\",\"@id\":\"https:\/\/www.petteriorpo.fi\/#organization\",\"name\":\"Petteri Orpo\",\"url\":\"https:\/\/www.petteriorpo.fi\/\",\"logo\":{\"@type\":\"ImageObject\",\"inLanguage\":\"en-GB\",\"@id\":\"https:\/\/www.petteriorpo.fi\/#\/schema\/logo\/image\/\",\"url\":\"https:\/\/www.petteriorpo.fi\/wp-content\/uploads\/2022\/08\/logo_orpo.png\",\"contentUrl\":\"https:\/\/www.petteriorpo.fi\/wp-content\/uploads\/2022\/08\/logo_orpo.png\",\"width\":114,\"height\":120,\"caption\":\"Petteri Orpo\"},\"image\":{\"@id\":\"https:\/\/www.petteriorpo.fi\/#\/schema\/logo\/image\/\"}},{\"@type\":\"Person\",\"@id\":\"https:\/\/www.petteriorpo.fi\/#\/schema\/person\/269837cd998a58c819bee3941bc2d2b9\",\"name\":\"admin\",\"image\":{\"@type\":\"ImageObject\",\"inLanguage\":\"en-GB\",\"@id\":\"https:\/\/www.petteriorpo.fi\/#\/schema\/person\/image\/\",\"url\":\"https:\/\/secure.gravatar.com\/avatar\/e3534ba089e9f56595220762a1371e56?s=96&d=mm&r=g\",\"contentUrl\":\"https:\/\/secure.gravatar.com\/avatar\/e3534ba089e9f56595220762a1371e56?s=96&d=mm&r=g\",\"caption\":\"admin\"},\"sameAs\":[\"https:\/\/www.petteriorpo.fi\"],\"url\":\"https:\/\/www.petteriorpo.fi\/en\/author\/admin\/\"}]}<\/script>\n<!-- \/ Yoast SEO plugin. -->","yoast_head_json":{"title":"Vanhusten kotihoitoa ei saa heikent\u00e4\u00e4 - Petteri Orpo","robots":{"index":"index","follow":"follow","max-snippet":"max-snippet:-1","max-image-preview":"max-image-preview:large","max-video-preview":"max-video-preview:-1"},"canonical":"https:\/\/www.petteriorpo.fi\/en\/vanhusten-kotihoitoa-ei-saa-heikentaa\/","og_locale":"en_GB","og_type":"article","og_title":"Vanhusten kotihoitoa ei saa heikent\u00e4\u00e4 - Petteri Orpo","og_description":"(Julkaistu vieraskolumnina Maaseudun Tulevaisuudessa 11.03.2020) Vaimoni is\u00e4 sairasti pitk\u00e4\u00e4n hankalaa muistisairautta, Alzheimerin tautia. Samalla\u00a0anopistani\u00a0tuli t\u00f6idens\u00e4 ohella miehens\u00e4 omaishoitaja. Anoppini suunnitteli, ett\u00e4 el\u00e4kkeelle j\u00e4\u00e4ty\u00e4\u00e4n h\u00e4n hoitaisi miest\u00e4\u00e4n t\u00e4ysip\u00e4iv\u00e4isesti. N\u00e4in ei kuitenkaan koskaan k\u00e4ynyt, sill\u00e4 h\u00e4n sai laajan aivoinfarktin vain muutama p\u00e4iv\u00e4 ennen, kun j\u00e4i el\u00e4kkeelle. Yht\u00e4kki\u00e4 molemmat, aiemmin t\u00e4ysin terveet appivanhempani tarvitsivat seitsem\u00e4nkymppisin\u00e4 kokonaisvaltaista hoivaa. P\u00e4\u00e4osin [&hellip;]","og_url":"https:\/\/www.petteriorpo.fi\/en\/vanhusten-kotihoitoa-ei-saa-heikentaa\/","og_site_name":"Petteri Orpo","article_published_time":"2020-08-11T06:39:01+00:00","article_modified_time":"2023-02-16T16:48:50+00:00","og_image":[{"width":2048,"height":1367,"url":"https:\/\/www.petteriorpo.fi\/wp-content\/uploads\/2018\/11\/PetteriOrpo_KOK1903.jpg","type":"image\/jpeg"}],"author":"admin","twitter_card":"summary_large_image","twitter_misc":{"Written by":"admin","Estimated reading time":"2 minutes"},"schema":{"@context":"https:\/\/schema.org","@graph":[{"@type":"Article","@id":"https:\/\/www.petteriorpo.fi\/vanhusten-kotihoitoa-ei-saa-heikentaa\/#article","isPartOf":{"@id":"https:\/\/www.petteriorpo.fi\/vanhusten-kotihoitoa-ei-saa-heikentaa\/"},"author":{"name":"admin","@id":"https:\/\/www.petteriorpo.fi\/#\/schema\/person\/269837cd998a58c819bee3941bc2d2b9"},"headline":"Vanhusten kotihoitoa ei saa heikent\u00e4\u00e4","datePublished":"2020-08-11T06:39:01+00:00","dateModified":"2023-02-16T16:48:50+00:00","mainEntityOfPage":{"@id":"https:\/\/www.petteriorpo.fi\/vanhusten-kotihoitoa-ei-saa-heikentaa\/"},"wordCount":470,"commentCount":0,"publisher":{"@id":"https:\/\/www.petteriorpo.fi\/#organization"},"image":{"@id":"https:\/\/www.petteriorpo.fi\/vanhusten-kotihoitoa-ei-saa-heikentaa\/#primaryimage"},"thumbnailUrl":"https:\/\/www.petteriorpo.fi\/wp-content\/uploads\/2018\/11\/PetteriOrpo_KOK1903.jpg","keywords":["hoivapalvelut","hyvinvointiyhteiskunta","Kotihoito","Maaseudun Tulevaisuus","vanhustenhoiva"],"articleSection":["Blogi"],"inLanguage":"en-GB","potentialAction":[{"@type":"CommentAction","name":"Comment","target":["https:\/\/www.petteriorpo.fi\/vanhusten-kotihoitoa-ei-saa-heikentaa\/#respond"]}]},{"@type":"WebPage","@id":"https:\/\/www.petteriorpo.fi\/vanhusten-kotihoitoa-ei-saa-heikentaa\/","url":"https:\/\/www.petteriorpo.fi\/vanhusten-kotihoitoa-ei-saa-heikentaa\/","name":"Vanhusten kotihoitoa ei saa heikent\u00e4\u00e4 - Petteri Orpo","isPartOf":{"@id":"https:\/\/www.petteriorpo.fi\/#website"},"primaryImageOfPage":{"@id":"https:\/\/www.petteriorpo.fi\/vanhusten-kotihoitoa-ei-saa-heikentaa\/#primaryimage"},"image":{"@id":"https:\/\/www.petteriorpo.fi\/vanhusten-kotihoitoa-ei-saa-heikentaa\/#primaryimage"},"thumbnailUrl":"https:\/\/www.petteriorpo.fi\/wp-content\/uploads\/2018\/11\/PetteriOrpo_KOK1903.jpg","datePublished":"2020-08-11T06:39:01+00:00","dateModified":"2023-02-16T16:48:50+00:00","breadcrumb":{"@id":"https:\/\/www.petteriorpo.fi\/vanhusten-kotihoitoa-ei-saa-heikentaa\/#breadcrumb"},"inLanguage":"en-GB","potentialAction":[{"@type":"ReadAction","target":["https:\/\/www.petteriorpo.fi\/vanhusten-kotihoitoa-ei-saa-heikentaa\/"]}]},{"@type":"ImageObject","inLanguage":"en-GB","@id":"https:\/\/www.petteriorpo.fi\/vanhusten-kotihoitoa-ei-saa-heikentaa\/#primaryimage","url":"https:\/\/www.petteriorpo.fi\/wp-content\/uploads\/2018\/11\/PetteriOrpo_KOK1903.jpg","contentUrl":"https:\/\/www.petteriorpo.fi\/wp-content\/uploads\/2018\/11\/PetteriOrpo_KOK1903.jpg","width":2048,"height":1367,"caption":"Kuva: Kansallinen kokoomus rp."},{"@type":"BreadcrumbList","@id":"https:\/\/www.petteriorpo.fi\/vanhusten-kotihoitoa-ei-saa-heikentaa\/#breadcrumb","itemListElement":[{"@type":"ListItem","position":1,"name":"Etusivu","item":"https:\/\/www.petteriorpo.fi\/"},{"@type":"ListItem","position":2,"name":"Vanhusten kotihoitoa ei saa heikent\u00e4\u00e4"}]},{"@type":"WebSite","@id":"https:\/\/www.petteriorpo.fi\/#website","url":"https:\/\/www.petteriorpo.fi\/","name":"Petteri Orpo","description":"Yhdess&auml; tehden eteenp&auml;in","publisher":{"@id":"https:\/\/www.petteriorpo.fi\/#organization"},"potentialAction":[{"@type":"SearchAction","target":{"@type":"EntryPoint","urlTemplate":"https:\/\/www.petteriorpo.fi\/?s={search_term_string}"},"query-input":{"@type":"PropertyValueSpecification","valueRequired":true,"valueName":"search_term_string"}}],"inLanguage":"en-GB"},{"@type":"Organization","@id":"https:\/\/www.petteriorpo.fi\/#organization","name":"Petteri Orpo","url":"https:\/\/www.petteriorpo.fi\/","logo":{"@type":"ImageObject","inLanguage":"en-GB","@id":"https:\/\/www.petteriorpo.fi\/#\/schema\/logo\/image\/","url":"https:\/\/www.petteriorpo.fi\/wp-content\/uploads\/2022\/08\/logo_orpo.png","contentUrl":"https:\/\/www.petteriorpo.fi\/wp-content\/uploads\/2022\/08\/logo_orpo.png","width":114,"height":120,"caption":"Petteri Orpo"},"image":{"@id":"https:\/\/www.petteriorpo.fi\/#\/schema\/logo\/image\/"}},{"@type":"Person","@id":"https:\/\/www.petteriorpo.fi\/#\/schema\/person\/269837cd998a58c819bee3941bc2d2b9","name":"admin","image":{"@type":"ImageObject","inLanguage":"en-GB","@id":"https:\/\/www.petteriorpo.fi\/#\/schema\/person\/image\/","url":"https:\/\/secure.gravatar.com\/avatar\/e3534ba089e9f56595220762a1371e56?s=96&d=mm&r=g","contentUrl":"https:\/\/secure.gravatar.com\/avatar\/e3534ba089e9f56595220762a1371e56?s=96&d=mm&r=g","caption":"admin"},"sameAs":["https:\/\/www.petteriorpo.fi"],"url":"https:\/\/www.petteriorpo.fi\/en\/author\/admin\/"}]}},"_links":{"self":[{"href":"https:\/\/www.petteriorpo.fi\/en\/wp-json\/wp\/v2\/posts\/868","targetHints":{"allow":["GET"]}}],"collection":[{"href":"https:\/\/www.petteriorpo.fi\/en\/wp-json\/wp\/v2\/posts"}],"about":[{"href":"https:\/\/www.petteriorpo.fi\/en\/wp-json\/wp\/v2\/types\/post"}],"author":[{"embeddable":true,"href":"https:\/\/www.petteriorpo.fi\/en\/wp-json\/wp\/v2\/users\/1"}],"replies":[{"embeddable":true,"href":"https:\/\/www.petteriorpo.fi\/en\/wp-json\/wp\/v2\/comments?post=868"}],"version-history":[{"count":1,"href":"https:\/\/www.petteriorpo.fi\/en\/wp-json\/wp\/v2\/posts\/868\/revisions"}],"predecessor-version":[{"id":1004,"href":"https:\/\/www.petteriorpo.fi\/en\/wp-json\/wp\/v2\/posts\/868\/revisions\/1004"}],"wp:featuredmedia":[{"embeddable":true,"href":"https:\/\/www.petteriorpo.fi\/en\/wp-json\/wp\/v2\/media\/1121"}],"wp:attachment":[{"href":"https:\/\/www.petteriorpo.fi\/en\/wp-json\/wp\/v2\/media?parent=868"}],"wp:term":[{"taxonomy":"category","embeddable":true,"href":"https:\/\/www.petteriorpo.fi\/en\/wp-json\/wp\/v2\/categories?post=868"},{"taxonomy":"post_tag","embeddable":true,"href":"https:\/\/www.petteriorpo.fi\/en\/wp-json\/wp\/v2\/tags?post=868"}],"curies":[{"name":"wp","href":"https:\/\/api.w.org\/{rel}","templated":true}]}}