{"id":791,"date":"2017-02-28T12:32:41","date_gmt":"2017-02-28T10:32:41","guid":{"rendered":"http:\/\/www.petteriorpo.fi\/?p=358"},"modified":"2023-02-16T16:50:47","modified_gmt":"2023-02-16T16:50:47","slug":"yt-lain-uudistamiselle-tukea","status":"publish","type":"post","link":"https:\/\/www.petteriorpo.fi\/en\/yt-lain-uudistamiselle-tukea\/","title":{"rendered":"Yt-lain uudistamiselle tukea"},"content":{"rendered":"<p>Viime viikot ovat olleet ty\u00f6markkinoilla j\u00e4nnittyneit\u00e4. Mets\u00e4teollisuuden ilmoitus suunnata liittokierrokselle ja EK:n p\u00e4\u00e4t\u00f6s irtisanoa keskusj\u00e4rjest\u00f6sopimukset kirvoittivat kovaa kielenk\u00e4ytt\u00f6\u00e4.<\/p>\n<p>N\u00e4hd\u00e4kseni j\u00e4nnitteet ovat seurausta siit\u00e4, ett\u00e4 viime vuodet ovat olleet poikkeuksellisen vaikeita.<\/p>\n<p>Suomen talous romahti vuonna 2009, eik\u00e4 talous ole viel\u00e4k\u00e4\u00e4n sit\u00e4 edelt\u00e4neell\u00e4 tasolla. Pitk\u00e4aikaisty\u00f6tt\u00f6myys on enn\u00e4tyslukemissa. Vailla ty\u00f6t\u00e4 on noin 350\u2009000 suomalaista. Vienti, Suomen vaurauden l\u00e4hde, ei ved\u00e4.<\/p>\n<p>N\u00e4iss\u00e4 eritt\u00e4in vaikeissa olosuhteissa julkinen talous on repsahtanut huonoon kuntoon. Valtion velka on tuplattu vuoden 2008 j\u00e4lkeen.<\/p>\n<p>Edelleen velkaannumme huolestuttavaa vauhtia. T\u00e4m\u00e4 on johtanut ik\u00e4viin, mutta v\u00e4ltt\u00e4m\u00e4tt\u00f6miin leikkauksiin.<\/p>\n<p>Ty\u00f6markkinaj\u00e4rjest\u00f6jen v\u00e4lisell\u00e4 kiky-sopimuksella parannettiin yritysten mahdollisuuksia p\u00e4rj\u00e4t\u00e4 kovassa kansainv\u00e4lisess\u00e4 kilpailussa, mutta monia ty\u00f6ehtojen heikennykset ymm\u00e4rrett\u00e4v\u00e4sti sapettavat.<\/p>\n<p><strong>Nyt taloudessa<\/strong> on kuitenkin tapahtunut selke\u00e4 k\u00e4\u00e4nne. Taantuma on ohi. Vaikka kasvu on viel\u00e4 heiver\u00f6ist\u00e4 ja julkisen talouden ongelmat eiv\u00e4t ole poistuneet mihink\u00e4\u00e4n, meill\u00e4 on nyt hieman tilaa hengitt\u00e4\u00e4. K\u00e4\u00e4nne pit\u00e4\u00e4 k\u00e4ytt\u00e4\u00e4 uudistumiseen!<\/p>\n<p>Emme saa pilata orastavaa kasvua j\u00e4m\u00e4ht\u00e4m\u00e4ll\u00e4 paikoillemme \u2013 emmek\u00e4 varsinkaan riitelem\u00e4ll\u00e4.<\/p>\n<p>Toivon ty\u00f6markkinoille malttia, harkintaa ja aitoa keskustelua. Uskon, ett\u00e4 ty\u00f6markkinap\u00e4\u00e4tt\u00e4j\u00e4t tekev\u00e4t vastuullisia ratkaisuja my\u00f6s tulevana syksyn\u00e4. Kannustan edelleen tulevalla liittokierroksella pyrkim\u00e4\u00e4n lopputulokseen, joka parantaa vientimme mahdollisuuksia p\u00e4rj\u00e4t\u00e4 kovassa kansainv\u00e4lisess\u00e4 kisassa. Hallitus ei ole osapuoli n\u00e4iss\u00e4 ratkaisuissa.<\/p>\n<p><strong>Ty\u00f6el\u00e4m\u00e4n kehitt\u00e4minen<\/strong> vaatii suuren kuvan hahmottamista, ei seuraavan syksyn tuijottamista. Suuressa kuvassa ei ole rehellist\u00e4 luvata, ett\u00e4 Suomessa voitaisiin tehd\u00e4 v\u00e4hemm\u00e4n t\u00f6it\u00e4. Sellaisia tahoja, jotka lupailevat lyhyemp\u00e4\u00e4 ty\u00f6p\u00e4iv\u00e4\u00e4 ja \u201dkaikille kaikkea kivaa\u201d ei kannata uskoa.<\/p>\n<p>Jos ja kun tahdomme s\u00e4ilytt\u00e4\u00e4 hyvinvointimme, on meid\u00e4n tunnustettava tosiasiat.<\/p>\n<p>Maailmassa on miljardeja ihmisi\u00e4, jotka ovat valmiita tekem\u00e4\u00e4n todella paljon tunteja parantaakseen el\u00e4m\u00e4\u00e4ns\u00e4. Suomen ei pid\u00e4 edes yritt\u00e4\u00e4 p\u00e4rj\u00e4t\u00e4 globaalisti matalalla ty\u00f6n hinnalla tai ty\u00f6viikon pituudella, mutta kilpailijamaillemme kuten Saksalle, Ruotsille ja Virolle meid\u00e4n pit\u00e4\u00e4 p\u00e4rj\u00e4t\u00e4.<\/p>\n<p>Suomi p\u00e4rj\u00e4\u00e4 tulevaisuudessakin laadulla. Laatua edist\u00e4\u00e4 parempi ty\u00f6el\u00e4m\u00e4. On uskallettava p\u00e4ivitt\u00e4\u00e4 ty\u00f6markkinamme t\u00e4lle vuosituhannelle. Siin\u00e4 ei kinastelu auta, vaan kaivataan selkeit\u00e4 kehitysehdotuksia.<\/p>\n<p>Ty\u00f6lains\u00e4\u00e4d\u00e4nn\u00f6n teht\u00e4v\u00e4 on taata kaikille hyv\u00e4 ja oikeudenmukainen ty\u00f6el\u00e4m\u00e4 sek\u00e4 kaikille riitt\u00e4v\u00e4 toimeentulo.<\/p>\n<p>Uskon kuitenkin vakaasti, ett\u00e4 monin tavoin parempaa ty\u00f6el\u00e4m\u00e4\u00e4 saataisiin lis\u00e4\u00e4m\u00e4ll\u00e4 sopimista ty\u00f6paikoilla.<\/p>\n<p>Sopiminen 2020-luvulla kuuluu ty\u00f6paikoille, ei kabinetteihin. Ty\u00f6paikoilla tunnetaan paikalliset olot parhaiten.<\/p>\n<p><strong>Sopiminen edellytt\u00e4\u00e4<\/strong> luottamusta. Sen rakentamisessa kaikilla osapuolilla on t\u00e4rke\u00e4 teht\u00e4v\u00e4. Esimerkiksi ty\u00f6ntekij\u00f6iden edustus yhti\u00f6n hallinnossa ei mielest\u00e4ni ole mitenk\u00e4\u00e4n mahdoton ajatus.<\/p>\n<p>Ty\u00f6paikkakohtaisen sopimisen lis\u00e4\u00e4minen olisi my\u00f6s ty\u00f6ntekij\u00f6iden etu. Ty\u00f6paikkoja voitaisiin turvata, joustavuutta lis\u00e4t\u00e4 ja palkatkin saattaisivat nousta kilpailukyvyn parantuessa. Ty\u00f6ehtosopimus olisi aina per\u00e4lauta, jonka mukaan menn\u00e4\u00e4n, jos sopuun ei p\u00e4\u00e4st\u00e4. Kukaan ei p\u00e4\u00e4sisi sanelemaan.<\/p>\n<p>Sovittavia asioita olisi esimerkiksi ty\u00f6aika.<\/p>\n<p>Ty\u00f6n ja perhe-el\u00e4m\u00e4n pit\u00e4\u00e4 olla tasapainossa. Ratkaisuksi nousee nimenomaan joustavuus. Ty\u00f6nantajien pit\u00e4\u00e4 antaa mahdollisuuksia sovittaa yhteen perhe-el\u00e4m\u00e4\u00e4 ja ty\u00f6t\u00e4. Et\u00e4ty\u00f6, ty\u00f6aikapankit, joustava ty\u00f6aika ja osa-aikaty\u00f6 ovat kaikki hyvi\u00e4 esimerkkej\u00e4 joustavuudesta.<\/p>\n<p><strong>Parempaa ty\u00f6el\u00e4m\u00e4\u00e4 <\/strong>etsit\u00e4\u00e4n yhdess\u00e4. Pid\u00e4n eritt\u00e4in tervetulleina STTK:n ja Suomen yritt\u00e4jien ehdotuksia yhteistoimintalain (yt-laki) uudistamiseksi. Parempi yhteistoiminta lis\u00e4isi luottamusta ty\u00f6paikoilla.<\/p>\n<p>T\u00e4llaisia keskustelunavauksia tarvitaan enemm\u00e4n.<\/p>\n<p>Petteri Orpo<br \/>\n<em><br \/>\nKirjoitus on julkaistu L\u00e4nnen Median lehdiss\u00e4 25.2.2017.<\/em><\/p>\n<p><!-- Responsive text ad --><ins class=\"adsbygoogle\" data-adsbygoogle-status=\"done\" data-ad-client=\"ca-pub-9396093330419125\" data-ad-slot=\"3720150963\" data-ad-format=\"auto\"><ins id=\"aswift_0_expand\"><ins id=\"aswift_0_anchor\"><\/ins><\/ins><\/ins><\/p>","protected":false},"excerpt":{"rendered":"<p>Viime viikot ovat olleet ty\u00f6markkinoilla j\u00e4nnittyneit\u00e4. Mets\u00e4teollisuuden ilmoitus suunnata liittokierrokselle ja EK:n p\u00e4\u00e4t\u00f6s irtisanoa keskusj\u00e4rjest\u00f6sopimukset kirvoittivat kovaa kielenk\u00e4ytt\u00f6\u00e4. N\u00e4hd\u00e4kseni j\u00e4nnitteet ovat seurausta siit\u00e4, ett\u00e4 viime vuodet ovat olleet poikkeuksellisen vaikeita. Suomen talous romahti vuonna 2009, eik\u00e4 talous ole viel\u00e4k\u00e4\u00e4n sit\u00e4 edelt\u00e4neell\u00e4 tasolla. Pitk\u00e4aikaisty\u00f6tt\u00f6myys on enn\u00e4tyslukemissa. Vailla ty\u00f6t\u00e4 on noin 350\u2009000 suomalaista. Vienti, Suomen vaurauden l\u00e4hde, [&hellip;]<\/p>","protected":false},"author":1,"featured_media":293,"comment_status":"open","ping_status":"open","sticky":false,"template":"","format":"standard","meta":{"footnotes":""},"categories":[6],"tags":[28,29,24,22,30],"class_list":["post-791","post","type-post","status-publish","format-standard","has-post-thumbnail","hentry","category-blogi","tag-luottamus","tag-sopiminen","tag-talous","tag-tyoelama","tag-tyomarkkinat"],"yoast_head":"<!-- This site is optimized with the Yoast SEO plugin v26.0 - https:\/\/yoast.com\/wordpress\/plugins\/seo\/ -->\n<title>Yt-lain uudistamiselle tukea - Petteri Orpo<\/title>\n<meta name=\"robots\" content=\"index, follow, max-snippet:-1, max-image-preview:large, max-video-preview:-1\" \/>\n<link rel=\"canonical\" href=\"https:\/\/www.petteriorpo.fi\/en\/yt-lain-uudistamiselle-tukea\/\" \/>\n<meta property=\"og:locale\" content=\"en_GB\" \/>\n<meta property=\"og:type\" content=\"article\" \/>\n<meta property=\"og:title\" content=\"Yt-lain uudistamiselle tukea - Petteri Orpo\" \/>\n<meta property=\"og:description\" content=\"Viime viikot ovat olleet ty\u00f6markkinoilla j\u00e4nnittyneit\u00e4. Mets\u00e4teollisuuden ilmoitus suunnata liittokierrokselle ja EK:n p\u00e4\u00e4t\u00f6s irtisanoa keskusj\u00e4rjest\u00f6sopimukset kirvoittivat kovaa kielenk\u00e4ytt\u00f6\u00e4. N\u00e4hd\u00e4kseni j\u00e4nnitteet ovat seurausta siit\u00e4, ett\u00e4 viime vuodet ovat olleet poikkeuksellisen vaikeita. Suomen talous romahti vuonna 2009, eik\u00e4 talous ole viel\u00e4k\u00e4\u00e4n sit\u00e4 edelt\u00e4neell\u00e4 tasolla. Pitk\u00e4aikaisty\u00f6tt\u00f6myys on enn\u00e4tyslukemissa. Vailla ty\u00f6t\u00e4 on noin 350\u2009000 suomalaista. Vienti, Suomen vaurauden l\u00e4hde, [&hellip;]\" \/>\n<meta property=\"og:url\" content=\"https:\/\/www.petteriorpo.fi\/en\/yt-lain-uudistamiselle-tukea\/\" \/>\n<meta property=\"og:site_name\" content=\"Petteri Orpo\" \/>\n<meta property=\"article:published_time\" content=\"2017-02-28T10:32:41+00:00\" \/>\n<meta property=\"article:modified_time\" content=\"2023-02-16T16:50:47+00:00\" \/>\n<meta property=\"og:image\" content=\"https:\/\/www.petteriorpo.fi\/wp-content\/uploads\/2016\/11\/Petteri_fb.jpg\" \/>\n\t<meta property=\"og:image:width\" content=\"1219\" \/>\n\t<meta property=\"og:image:height\" content=\"630\" \/>\n\t<meta property=\"og:image:type\" content=\"image\/jpeg\" \/>\n<meta name=\"author\" content=\"admin\" \/>\n<meta name=\"twitter:card\" content=\"summary_large_image\" \/>\n<meta name=\"twitter:label1\" content=\"Written by\" \/>\n\t<meta name=\"twitter:data1\" content=\"admin\" \/>\n\t<meta name=\"twitter:label2\" content=\"Estimated reading time\" \/>\n\t<meta name=\"twitter:data2\" content=\"3 minutes\" \/>\n<script type=\"application\/ld+json\" class=\"yoast-schema-graph\">{\"@context\":\"https:\/\/schema.org\",\"@graph\":[{\"@type\":\"Article\",\"@id\":\"https:\/\/www.petteriorpo.fi\/yt-lain-uudistamiselle-tukea\/#article\",\"isPartOf\":{\"@id\":\"https:\/\/www.petteriorpo.fi\/yt-lain-uudistamiselle-tukea\/\"},\"author\":{\"name\":\"admin\",\"@id\":\"https:\/\/www.petteriorpo.fi\/#\/schema\/person\/269837cd998a58c819bee3941bc2d2b9\"},\"headline\":\"Yt-lain uudistamiselle tukea\",\"datePublished\":\"2017-02-28T10:32:41+00:00\",\"dateModified\":\"2023-02-16T16:50:47+00:00\",\"mainEntityOfPage\":{\"@id\":\"https:\/\/www.petteriorpo.fi\/yt-lain-uudistamiselle-tukea\/\"},\"wordCount\":587,\"commentCount\":0,\"publisher\":{\"@id\":\"https:\/\/www.petteriorpo.fi\/#organization\"},\"image\":{\"@id\":\"https:\/\/www.petteriorpo.fi\/yt-lain-uudistamiselle-tukea\/#primaryimage\"},\"thumbnailUrl\":\"https:\/\/www.petteriorpo.fi\/wp-content\/uploads\/2016\/11\/Petteri_fb.jpg\",\"keywords\":[\"luottamus\",\"sopiminen\",\"talous\",\"ty\u00f6el\u00e4m\u00e4\",\"ty\u00f6markkinat\"],\"articleSection\":[\"Blogi\"],\"inLanguage\":\"en-GB\",\"potentialAction\":[{\"@type\":\"CommentAction\",\"name\":\"Comment\",\"target\":[\"https:\/\/www.petteriorpo.fi\/yt-lain-uudistamiselle-tukea\/#respond\"]}]},{\"@type\":\"WebPage\",\"@id\":\"https:\/\/www.petteriorpo.fi\/yt-lain-uudistamiselle-tukea\/\",\"url\":\"https:\/\/www.petteriorpo.fi\/yt-lain-uudistamiselle-tukea\/\",\"name\":\"Yt-lain uudistamiselle tukea - Petteri Orpo\",\"isPartOf\":{\"@id\":\"https:\/\/www.petteriorpo.fi\/#website\"},\"primaryImageOfPage\":{\"@id\":\"https:\/\/www.petteriorpo.fi\/yt-lain-uudistamiselle-tukea\/#primaryimage\"},\"image\":{\"@id\":\"https:\/\/www.petteriorpo.fi\/yt-lain-uudistamiselle-tukea\/#primaryimage\"},\"thumbnailUrl\":\"https:\/\/www.petteriorpo.fi\/wp-content\/uploads\/2016\/11\/Petteri_fb.jpg\",\"datePublished\":\"2017-02-28T10:32:41+00:00\",\"dateModified\":\"2023-02-16T16:50:47+00:00\",\"breadcrumb\":{\"@id\":\"https:\/\/www.petteriorpo.fi\/yt-lain-uudistamiselle-tukea\/#breadcrumb\"},\"inLanguage\":\"en-GB\",\"potentialAction\":[{\"@type\":\"ReadAction\",\"target\":[\"https:\/\/www.petteriorpo.fi\/yt-lain-uudistamiselle-tukea\/\"]}]},{\"@type\":\"ImageObject\",\"inLanguage\":\"en-GB\",\"@id\":\"https:\/\/www.petteriorpo.fi\/yt-lain-uudistamiselle-tukea\/#primaryimage\",\"url\":\"https:\/\/www.petteriorpo.fi\/wp-content\/uploads\/2016\/11\/Petteri_fb.jpg\",\"contentUrl\":\"https:\/\/www.petteriorpo.fi\/wp-content\/uploads\/2016\/11\/Petteri_fb.jpg\",\"width\":1219,\"height\":630},{\"@type\":\"BreadcrumbList\",\"@id\":\"https:\/\/www.petteriorpo.fi\/yt-lain-uudistamiselle-tukea\/#breadcrumb\",\"itemListElement\":[{\"@type\":\"ListItem\",\"position\":1,\"name\":\"Etusivu\",\"item\":\"https:\/\/www.petteriorpo.fi\/\"},{\"@type\":\"ListItem\",\"position\":2,\"name\":\"Yt-lain uudistamiselle tukea\"}]},{\"@type\":\"WebSite\",\"@id\":\"https:\/\/www.petteriorpo.fi\/#website\",\"url\":\"https:\/\/www.petteriorpo.fi\/\",\"name\":\"Petteri Orpo\",\"description\":\"Yhdess&auml; tehden eteenp&auml;in\",\"publisher\":{\"@id\":\"https:\/\/www.petteriorpo.fi\/#organization\"},\"potentialAction\":[{\"@type\":\"SearchAction\",\"target\":{\"@type\":\"EntryPoint\",\"urlTemplate\":\"https:\/\/www.petteriorpo.fi\/?s={search_term_string}\"},\"query-input\":{\"@type\":\"PropertyValueSpecification\",\"valueRequired\":true,\"valueName\":\"search_term_string\"}}],\"inLanguage\":\"en-GB\"},{\"@type\":\"Organization\",\"@id\":\"https:\/\/www.petteriorpo.fi\/#organization\",\"name\":\"Petteri Orpo\",\"url\":\"https:\/\/www.petteriorpo.fi\/\",\"logo\":{\"@type\":\"ImageObject\",\"inLanguage\":\"en-GB\",\"@id\":\"https:\/\/www.petteriorpo.fi\/#\/schema\/logo\/image\/\",\"url\":\"https:\/\/www.petteriorpo.fi\/wp-content\/uploads\/2022\/08\/logo_orpo.png\",\"contentUrl\":\"https:\/\/www.petteriorpo.fi\/wp-content\/uploads\/2022\/08\/logo_orpo.png\",\"width\":114,\"height\":120,\"caption\":\"Petteri Orpo\"},\"image\":{\"@id\":\"https:\/\/www.petteriorpo.fi\/#\/schema\/logo\/image\/\"}},{\"@type\":\"Person\",\"@id\":\"https:\/\/www.petteriorpo.fi\/#\/schema\/person\/269837cd998a58c819bee3941bc2d2b9\",\"name\":\"admin\",\"image\":{\"@type\":\"ImageObject\",\"inLanguage\":\"en-GB\",\"@id\":\"https:\/\/www.petteriorpo.fi\/#\/schema\/person\/image\/\",\"url\":\"https:\/\/secure.gravatar.com\/avatar\/e3534ba089e9f56595220762a1371e56?s=96&d=mm&r=g\",\"contentUrl\":\"https:\/\/secure.gravatar.com\/avatar\/e3534ba089e9f56595220762a1371e56?s=96&d=mm&r=g\",\"caption\":\"admin\"},\"sameAs\":[\"https:\/\/www.petteriorpo.fi\"],\"url\":\"https:\/\/www.petteriorpo.fi\/en\/author\/admin\/\"}]}<\/script>\n<!-- \/ Yoast SEO plugin. -->","yoast_head_json":{"title":"Yt-lain uudistamiselle tukea - Petteri Orpo","robots":{"index":"index","follow":"follow","max-snippet":"max-snippet:-1","max-image-preview":"max-image-preview:large","max-video-preview":"max-video-preview:-1"},"canonical":"https:\/\/www.petteriorpo.fi\/en\/yt-lain-uudistamiselle-tukea\/","og_locale":"en_GB","og_type":"article","og_title":"Yt-lain uudistamiselle tukea - Petteri Orpo","og_description":"Viime viikot ovat olleet ty\u00f6markkinoilla j\u00e4nnittyneit\u00e4. Mets\u00e4teollisuuden ilmoitus suunnata liittokierrokselle ja EK:n p\u00e4\u00e4t\u00f6s irtisanoa keskusj\u00e4rjest\u00f6sopimukset kirvoittivat kovaa kielenk\u00e4ytt\u00f6\u00e4. N\u00e4hd\u00e4kseni j\u00e4nnitteet ovat seurausta siit\u00e4, ett\u00e4 viime vuodet ovat olleet poikkeuksellisen vaikeita. Suomen talous romahti vuonna 2009, eik\u00e4 talous ole viel\u00e4k\u00e4\u00e4n sit\u00e4 edelt\u00e4neell\u00e4 tasolla. Pitk\u00e4aikaisty\u00f6tt\u00f6myys on enn\u00e4tyslukemissa. Vailla ty\u00f6t\u00e4 on noin 350\u2009000 suomalaista. Vienti, Suomen vaurauden l\u00e4hde, [&hellip;]","og_url":"https:\/\/www.petteriorpo.fi\/en\/yt-lain-uudistamiselle-tukea\/","og_site_name":"Petteri Orpo","article_published_time":"2017-02-28T10:32:41+00:00","article_modified_time":"2023-02-16T16:50:47+00:00","og_image":[{"width":1219,"height":630,"url":"https:\/\/www.petteriorpo.fi\/wp-content\/uploads\/2016\/11\/Petteri_fb.jpg","type":"image\/jpeg"}],"author":"admin","twitter_card":"summary_large_image","twitter_misc":{"Written by":"admin","Estimated reading time":"3 minutes"},"schema":{"@context":"https:\/\/schema.org","@graph":[{"@type":"Article","@id":"https:\/\/www.petteriorpo.fi\/yt-lain-uudistamiselle-tukea\/#article","isPartOf":{"@id":"https:\/\/www.petteriorpo.fi\/yt-lain-uudistamiselle-tukea\/"},"author":{"name":"admin","@id":"https:\/\/www.petteriorpo.fi\/#\/schema\/person\/269837cd998a58c819bee3941bc2d2b9"},"headline":"Yt-lain uudistamiselle tukea","datePublished":"2017-02-28T10:32:41+00:00","dateModified":"2023-02-16T16:50:47+00:00","mainEntityOfPage":{"@id":"https:\/\/www.petteriorpo.fi\/yt-lain-uudistamiselle-tukea\/"},"wordCount":587,"commentCount":0,"publisher":{"@id":"https:\/\/www.petteriorpo.fi\/#organization"},"image":{"@id":"https:\/\/www.petteriorpo.fi\/yt-lain-uudistamiselle-tukea\/#primaryimage"},"thumbnailUrl":"https:\/\/www.petteriorpo.fi\/wp-content\/uploads\/2016\/11\/Petteri_fb.jpg","keywords":["luottamus","sopiminen","talous","ty\u00f6el\u00e4m\u00e4","ty\u00f6markkinat"],"articleSection":["Blogi"],"inLanguage":"en-GB","potentialAction":[{"@type":"CommentAction","name":"Comment","target":["https:\/\/www.petteriorpo.fi\/yt-lain-uudistamiselle-tukea\/#respond"]}]},{"@type":"WebPage","@id":"https:\/\/www.petteriorpo.fi\/yt-lain-uudistamiselle-tukea\/","url":"https:\/\/www.petteriorpo.fi\/yt-lain-uudistamiselle-tukea\/","name":"Yt-lain uudistamiselle tukea - Petteri Orpo","isPartOf":{"@id":"https:\/\/www.petteriorpo.fi\/#website"},"primaryImageOfPage":{"@id":"https:\/\/www.petteriorpo.fi\/yt-lain-uudistamiselle-tukea\/#primaryimage"},"image":{"@id":"https:\/\/www.petteriorpo.fi\/yt-lain-uudistamiselle-tukea\/#primaryimage"},"thumbnailUrl":"https:\/\/www.petteriorpo.fi\/wp-content\/uploads\/2016\/11\/Petteri_fb.jpg","datePublished":"2017-02-28T10:32:41+00:00","dateModified":"2023-02-16T16:50:47+00:00","breadcrumb":{"@id":"https:\/\/www.petteriorpo.fi\/yt-lain-uudistamiselle-tukea\/#breadcrumb"},"inLanguage":"en-GB","potentialAction":[{"@type":"ReadAction","target":["https:\/\/www.petteriorpo.fi\/yt-lain-uudistamiselle-tukea\/"]}]},{"@type":"ImageObject","inLanguage":"en-GB","@id":"https:\/\/www.petteriorpo.fi\/yt-lain-uudistamiselle-tukea\/#primaryimage","url":"https:\/\/www.petteriorpo.fi\/wp-content\/uploads\/2016\/11\/Petteri_fb.jpg","contentUrl":"https:\/\/www.petteriorpo.fi\/wp-content\/uploads\/2016\/11\/Petteri_fb.jpg","width":1219,"height":630},{"@type":"BreadcrumbList","@id":"https:\/\/www.petteriorpo.fi\/yt-lain-uudistamiselle-tukea\/#breadcrumb","itemListElement":[{"@type":"ListItem","position":1,"name":"Etusivu","item":"https:\/\/www.petteriorpo.fi\/"},{"@type":"ListItem","position":2,"name":"Yt-lain uudistamiselle tukea"}]},{"@type":"WebSite","@id":"https:\/\/www.petteriorpo.fi\/#website","url":"https:\/\/www.petteriorpo.fi\/","name":"Petteri Orpo","description":"Yhdess&auml; tehden eteenp&auml;in","publisher":{"@id":"https:\/\/www.petteriorpo.fi\/#organization"},"potentialAction":[{"@type":"SearchAction","target":{"@type":"EntryPoint","urlTemplate":"https:\/\/www.petteriorpo.fi\/?s={search_term_string}"},"query-input":{"@type":"PropertyValueSpecification","valueRequired":true,"valueName":"search_term_string"}}],"inLanguage":"en-GB"},{"@type":"Organization","@id":"https:\/\/www.petteriorpo.fi\/#organization","name":"Petteri Orpo","url":"https:\/\/www.petteriorpo.fi\/","logo":{"@type":"ImageObject","inLanguage":"en-GB","@id":"https:\/\/www.petteriorpo.fi\/#\/schema\/logo\/image\/","url":"https:\/\/www.petteriorpo.fi\/wp-content\/uploads\/2022\/08\/logo_orpo.png","contentUrl":"https:\/\/www.petteriorpo.fi\/wp-content\/uploads\/2022\/08\/logo_orpo.png","width":114,"height":120,"caption":"Petteri Orpo"},"image":{"@id":"https:\/\/www.petteriorpo.fi\/#\/schema\/logo\/image\/"}},{"@type":"Person","@id":"https:\/\/www.petteriorpo.fi\/#\/schema\/person\/269837cd998a58c819bee3941bc2d2b9","name":"admin","image":{"@type":"ImageObject","inLanguage":"en-GB","@id":"https:\/\/www.petteriorpo.fi\/#\/schema\/person\/image\/","url":"https:\/\/secure.gravatar.com\/avatar\/e3534ba089e9f56595220762a1371e56?s=96&d=mm&r=g","contentUrl":"https:\/\/secure.gravatar.com\/avatar\/e3534ba089e9f56595220762a1371e56?s=96&d=mm&r=g","caption":"admin"},"sameAs":["https:\/\/www.petteriorpo.fi"],"url":"https:\/\/www.petteriorpo.fi\/en\/author\/admin\/"}]}},"_links":{"self":[{"href":"https:\/\/www.petteriorpo.fi\/en\/wp-json\/wp\/v2\/posts\/791","targetHints":{"allow":["GET"]}}],"collection":[{"href":"https:\/\/www.petteriorpo.fi\/en\/wp-json\/wp\/v2\/posts"}],"about":[{"href":"https:\/\/www.petteriorpo.fi\/en\/wp-json\/wp\/v2\/types\/post"}],"author":[{"embeddable":true,"href":"https:\/\/www.petteriorpo.fi\/en\/wp-json\/wp\/v2\/users\/1"}],"replies":[{"embeddable":true,"href":"https:\/\/www.petteriorpo.fi\/en\/wp-json\/wp\/v2\/comments?post=791"}],"version-history":[{"count":1,"href":"https:\/\/www.petteriorpo.fi\/en\/wp-json\/wp\/v2\/posts\/791\/revisions"}],"predecessor-version":[{"id":1088,"href":"https:\/\/www.petteriorpo.fi\/en\/wp-json\/wp\/v2\/posts\/791\/revisions\/1088"}],"wp:featuredmedia":[{"embeddable":true,"href":"https:\/\/www.petteriorpo.fi\/en\/wp-json\/wp\/v2\/media\/293"}],"wp:attachment":[{"href":"https:\/\/www.petteriorpo.fi\/en\/wp-json\/wp\/v2\/media?parent=791"}],"wp:term":[{"taxonomy":"category","embeddable":true,"href":"https:\/\/www.petteriorpo.fi\/en\/wp-json\/wp\/v2\/categories?post=791"},{"taxonomy":"post_tag","embeddable":true,"href":"https:\/\/www.petteriorpo.fi\/en\/wp-json\/wp\/v2\/tags?post=791"}],"curies":[{"name":"wp","href":"https:\/\/api.w.org\/{rel}","templated":true}]}}