{"id":788,"date":"2016-11-23T13:00:02","date_gmt":"2016-11-23T11:00:02","guid":{"rendered":"http:\/\/www.petteriorpo.fi\/?p=260"},"modified":"2023-02-16T16:50:47","modified_gmt":"2023-02-16T16:50:47","slug":"kestava-hyvinvointi-rakennetaan-koulutuksen-varaan","status":"publish","type":"post","link":"https:\/\/www.petteriorpo.fi\/en\/kestava-hyvinvointi-rakennetaan-koulutuksen-varaan\/","title":{"rendered":"Kest\u00e4v\u00e4 hyvinvointi rakennetaan koulutuksen varaan"},"content":{"rendered":"<p>Suomi on pieni maa, jonka vahvuus on osaava ja koulutettu kansa. Yhteiskunnassamme on laajalti jaettu se yhteinen tavoite, ett\u00e4 jokaisen on saatava oppia ja kouluttautua mahdollisimman hyvin perhetaustasta tai asuinpaikasta riippumatta. T\u00e4st\u00e4 ei saa tinki\u00e4. Jokaiselle lapselle ja nuorelle on annettava laadukasta opetusta, joka antaa hyv\u00e4t ev\u00e4\u00e4t el\u00e4m\u00e4\u00e4n. Jokaisen vanhemman on luotettava, ett\u00e4 l\u00e4hin koulu on paras koulu. Jokaisen nuoren on koettava, ett\u00e4 koulutus kannattaa.<\/p>\n<p>&nbsp;<\/p>\n<blockquote>\n<p style=\"text-align: center;\"><strong>&#8221;Jokaiselle lapselle ja nuorelle on annettava laadukasta opetusta, joka antaa hyv\u00e4t ev\u00e4\u00e4t el\u00e4m\u00e4\u00e4n.<\/strong><\/p>\n<\/blockquote>\n<p>&nbsp;<\/p>\n<p>Koulutuksen tasa-arvon ja laadun takaamiseksi k\u00e4yt\u00e4mme Suomessa 16 miljardia euroa koulutukseen, tutkimukseen ja kulttuuriin joka vuosi. OECD:n kansainv\u00e4lisess\u00e4 vertailussa meid\u00e4n opettajilla on kohtuulliset palkat, meill\u00e4 on pienet luokkakoot, hyv\u00e4t resurssit oppilasta kohden \u2013 erityisesti peruskoulun yl\u00e4luokilla \u2013 sek\u00e4 korkeakoulutuksessa huippuluokan rahoitus. N\u00e4m\u00e4 ovat kaikki asioita, joista pid\u00e4mme kiinni; ne ovat menestyksemme tekij\u00f6it\u00e4.<\/p>\n<p>&nbsp;<\/p>\n<p>Kokoomukselle koulutus, sivistys ja tiede ovat arvoja sin\u00e4ns\u00e4. Maan hallitus on ohjelmassaan hyv\u00e4ksynyt m\u00e4\u00e4r\u00e4rahojen leikkauksia my\u00f6s koulutuksen alalle. N\u00e4it\u00e4 leikkauksia kokoomuksen ei ollut mukava olla toteuttamassa. Ihan niin kuin jokainen puolue, mekin olemme joutuneet toteuttamaan omien n\u00e4kemystemme kannalta vaikeita p\u00e4\u00e4t\u00f6ksi\u00e4.<\/p>\n<p>&nbsp;<\/p>\n<p>Koulutuksesta on v\u00e4hennetty rahaa yhdest\u00e4 ainoasta syyst\u00e4: rahat eiv\u00e4t riit\u00e4. T\u00e4m\u00e4n pit\u00e4isi olla jo kaikkien tiedossa. Samalla per\u00e4\u00e4nkuuluttaisin tietoisuutta mittakaavasta, jota tietyt tahot mielell\u00e4\u00e4n ja omaksi edukseen liioittelevat vastuuttomasti: pienenevien ik\u00e4luokkien maassa koulutuksen supistukset pitk\u00e4ll\u00e4 aikav\u00e4lill\u00e4 j\u00e4\u00e4v\u00e4t alle 5 prosentin.<\/p>\n<p>&nbsp;<\/p>\n<p>Yksi asia on teht\u00e4v\u00e4 aivan selv\u00e4ksi: kokoomuksen koulutuspolitiikka ei ole s\u00e4\u00e4st\u00f6vetoista vaan uudistuskeskeist\u00e4. Hallituksessa kokoomus uudistaa jokaisella sektorilla toimintatapoja ja rakenteita, jotta yhteiset veroeuromme tulevat k\u00e4ytetyiksi parhaalla mahdollisella tavalla. N\u00e4in on my\u00f6s koulutuksen osalta.<\/p>\n<p>&nbsp;<\/p>\n<p>Vaikka samalla joudumme sopeutumaan talouden tosiasioihin \u2013 siis siihen, ett\u00e4 rahat eiv\u00e4t riit\u00e4 kaikkeen mihin haluaisimme niiden riitt\u00e4v\u00e4n \u2013, meid\u00e4n on keskusteltava ennen kaikkea sis\u00e4ll\u00f6ist\u00e4.\u00a0 Emme k\u00e4yttele tyhm\u00e4\u00e4 juustoh\u00f6yl\u00e4\u00e4, vaan uudistuksilla turvaamme laadukkaan opetuksen ja tutkimuksen.<\/p>\n<p>&nbsp;<\/p>\n<p>Liian monta vuotta koulutuksen sis\u00e4lt\u00f6j\u00e4 on katseltu kunnianhimottomasti, vaikka huolestuttavia merkkej\u00e4 on ollut ilmassa. Viestit alueellisesta eriarvoistumisesta, oppimistulosten heikkenemisest\u00e4 ja yleisen osaamistason k\u00e4\u00e4ntymisest\u00e4 laskuun on otettava vakavasti.<\/p>\n<blockquote><p>&nbsp;<\/p>\n<p style=\"text-align: center;\"><strong>&#8221;Viestit alueellisesta eriarvoistumisesta, oppimistulosten heikkenemisest\u00e4 ja yleisen osaamistason k\u00e4\u00e4ntymisest\u00e4 laskuun on otettava vakavasti.<\/strong><\/p>\n<\/blockquote>\n<p>&nbsp;<\/p>\n<p>T\u00e4n\u00e4 vuonna julkaistussa raportissa Maailman talousfoorumi asetti 130 maata paremmuusj\u00e4rjestykseen sen perusteella, miten eri maissa lahjakkuusvarantoja kehitet\u00e4\u00e4n ja millaiset edellytykset niill\u00e4 on niin sanotun nelj\u00e4nnen teollisen vallankumouksen maailmassa p\u00e4rj\u00e4\u00e4miseen. Suomi sijoittui arvioinnissa ykk\u00f6ssijalle. T\u00e4st\u00e4 asemasta emme halua lipsua taaksep\u00e4in yht\u00e4\u00e4n pyk\u00e4l\u00e4\u00e4.<\/p>\n<p>&nbsp;<\/p>\n<p>Olemme saaneet my\u00f6s muilta kansainv\u00e4lisilt\u00e4 arvioijilta, kuten EU:lta ja OECD:lt\u00e4, selv\u00e4n viestin: talouden elpyminen, uudistuminen ja kest\u00e4v\u00e4 hyvinvointi pit\u00e4\u00e4 rakentaa koulutuksen, tutkimuksen ja osaamisen varaan. Haaste on, ett\u00e4 osaamisen vahvistaminen koulutusta ja tutkimusta uudistamalla tuottaa n\u00e4kyvi\u00e4 yhteiskunnallisia vaikutuksia ja tuloksia usein vasta vuosien kuluttua.<\/p>\n<p>&nbsp;<\/p>\n<p>Maailman ajatuspajojen tunnistamia tulevaisuuden avaintaitoja ovat analyyttinen p\u00e4\u00e4ttelykyky ja ongelmanratkaisu, tiedon hankinta ja hallinta, kriittinen ajattelu ja informaation lukutaito. Esille nousevat arvioinneissa my\u00f6s yhteisty\u00f6- ja vuorovaikutustaidot, el\u00e4m\u00e4nhallinta sek\u00e4 oppimaan oppimisen taidot.<\/p>\n<p>&nbsp;<\/p>\n<p>Samalla tutkimukset ty\u00f6el\u00e4m\u00e4st\u00e4 n\u00e4ytt\u00e4v\u00e4t, ett\u00e4 Suomessa on kysynt\u00e4\u00e4 erityisesti korkeaa koulutusta vaativalle ty\u00f6lle, jossa avainsanoja ovat osaamisen monipuolisuus, abstrakti ajattelu ja luovuus. N\u00e4it\u00e4 tavoitteita edistet\u00e4\u00e4n nyt koulutuksen uudistuksissa kaikilla tasoilla varhaiskasvatuksesta korkeakoulutukseen: uusi peruskoulu -ohjelma, ammatillisen koulutuksen reformi, kokeiluin uudistuva lukio, uudet varhaiskasvatussuunnitelmat, korkeakouluopetuksen digitalisoinnin tuki, osaamisen ja koulutuksen k\u00e4rkihankkeet.<\/p>\n<blockquote><p>&nbsp;<\/p>\n<p style=\"text-align: center;\"><strong>&#8221;Rohkeita uudistuksia koulutuksen sis\u00e4lt\u00f6ihin tarvitaan, jotta saamme turvattua maailmanluokan koulutus- ja tutkimusj\u00e4rjestelm\u00e4n jatkossakin.<\/strong><\/p>\n<\/blockquote>\n<p>&nbsp;<\/p>\n<p>N\u00e4it\u00e4 rohkeita uudistuksia koulutuksen sis\u00e4lt\u00f6ihin tarvitaan, jotta saamme turvattua maailmanluokan koulutus- ja tutkimusj\u00e4rjestelm\u00e4n jatkossakin. Meill\u00e4 ei ole varaa j\u00e4m\u00e4ht\u00e4\u00e4 paikalleen. Emme saa antaa hetkeksik\u00e4\u00e4n periksi sellaiselle ajattelutavalle, jossa keskinkertainen on riitt\u00e4v\u00e4n hyv\u00e4: jokainen suomalainen lapsi ja nuori ansaitsee maailman parhaan koulutuksen.<\/p>\n<p>&nbsp;<\/p>\n<p>Me kokoomuslaiset haluamme, ett\u00e4 huomisen Suomi on avoin, suvaitsevainen ja eteenp\u00e4in katsova maa, jossa menestys rakennetaan korkean osaamisen perustalle ja jossa yht\u00e4k\u00e4\u00e4n lasta tai nuorta ei j\u00e4tet\u00e4 syrj\u00e4\u00e4n.<\/p>","protected":false},"excerpt":{"rendered":"<p>Suomi on pieni maa, jonka vahvuus on osaava ja koulutettu kansa. Yhteiskunnassamme on laajalti jaettu se yhteinen tavoite, ett\u00e4 jokaisen on saatava oppia ja kouluttautua mahdollisimman hyvin perhetaustasta tai asuinpaikasta riippumatta. T\u00e4st\u00e4 ei saa tinki\u00e4. Jokaiselle lapselle ja nuorelle on annettava laadukasta opetusta, joka antaa hyv\u00e4t ev\u00e4\u00e4t el\u00e4m\u00e4\u00e4n. Jokaisen vanhemman on luotettava, ett\u00e4 l\u00e4hin koulu [&hellip;]<\/p>","protected":false},"author":1,"featured_media":1105,"comment_status":"open","ping_status":"open","sticky":false,"template":"","format":"standard","meta":{"footnotes":""},"categories":[6],"tags":[],"class_list":["post-788","post","type-post","status-publish","format-standard","has-post-thumbnail","hentry","category-blogi"],"yoast_head":"<!-- This site is optimized with the Yoast SEO plugin v26.0 - https:\/\/yoast.com\/wordpress\/plugins\/seo\/ -->\n<title>Kest\u00e4v\u00e4 hyvinvointi rakennetaan koulutuksen varaan - Petteri Orpo<\/title>\n<meta name=\"robots\" content=\"index, follow, max-snippet:-1, max-image-preview:large, max-video-preview:-1\" \/>\n<link rel=\"canonical\" href=\"https:\/\/www.petteriorpo.fi\/en\/kestava-hyvinvointi-rakennetaan-koulutuksen-varaan\/\" \/>\n<meta property=\"og:locale\" content=\"en_GB\" \/>\n<meta property=\"og:type\" content=\"article\" \/>\n<meta property=\"og:title\" content=\"Kest\u00e4v\u00e4 hyvinvointi rakennetaan koulutuksen varaan - Petteri Orpo\" \/>\n<meta property=\"og:description\" content=\"Suomi on pieni maa, jonka vahvuus on osaava ja koulutettu kansa. Yhteiskunnassamme on laajalti jaettu se yhteinen tavoite, ett\u00e4 jokaisen on saatava oppia ja kouluttautua mahdollisimman hyvin perhetaustasta tai asuinpaikasta riippumatta. T\u00e4st\u00e4 ei saa tinki\u00e4. Jokaiselle lapselle ja nuorelle on annettava laadukasta opetusta, joka antaa hyv\u00e4t ev\u00e4\u00e4t el\u00e4m\u00e4\u00e4n. Jokaisen vanhemman on luotettava, ett\u00e4 l\u00e4hin koulu [&hellip;]\" \/>\n<meta property=\"og:url\" content=\"https:\/\/www.petteriorpo.fi\/en\/kestava-hyvinvointi-rakennetaan-koulutuksen-varaan\/\" \/>\n<meta property=\"og:site_name\" content=\"Petteri Orpo\" \/>\n<meta property=\"article:published_time\" content=\"2016-11-23T11:00:02+00:00\" \/>\n<meta property=\"article:modified_time\" content=\"2023-02-16T16:50:47+00:00\" \/>\n<meta property=\"og:image\" content=\"https:\/\/www.petteriorpo.fi\/wp-content\/uploads\/2016\/11\/Petteri_1.jpg\" \/>\n\t<meta property=\"og:image:width\" content=\"1230\" \/>\n\t<meta property=\"og:image:height\" content=\"630\" \/>\n\t<meta property=\"og:image:type\" content=\"image\/jpeg\" \/>\n<meta name=\"author\" content=\"admin\" \/>\n<meta name=\"twitter:card\" content=\"summary_large_image\" \/>\n<meta name=\"twitter:label1\" content=\"Written by\" \/>\n\t<meta name=\"twitter:data1\" content=\"admin\" \/>\n\t<meta name=\"twitter:label2\" content=\"Estimated reading time\" \/>\n\t<meta name=\"twitter:data2\" content=\"3 minutes\" \/>\n<script type=\"application\/ld+json\" class=\"yoast-schema-graph\">{\"@context\":\"https:\/\/schema.org\",\"@graph\":[{\"@type\":\"Article\",\"@id\":\"https:\/\/www.petteriorpo.fi\/kestava-hyvinvointi-rakennetaan-koulutuksen-varaan\/#article\",\"isPartOf\":{\"@id\":\"https:\/\/www.petteriorpo.fi\/kestava-hyvinvointi-rakennetaan-koulutuksen-varaan\/\"},\"author\":{\"name\":\"admin\",\"@id\":\"https:\/\/www.petteriorpo.fi\/#\/schema\/person\/269837cd998a58c819bee3941bc2d2b9\"},\"headline\":\"Kest\u00e4v\u00e4 hyvinvointi rakennetaan koulutuksen varaan\",\"datePublished\":\"2016-11-23T11:00:02+00:00\",\"dateModified\":\"2023-02-16T16:50:47+00:00\",\"mainEntityOfPage\":{\"@id\":\"https:\/\/www.petteriorpo.fi\/kestava-hyvinvointi-rakennetaan-koulutuksen-varaan\/\"},\"wordCount\":694,\"commentCount\":2,\"publisher\":{\"@id\":\"https:\/\/www.petteriorpo.fi\/#organization\"},\"image\":{\"@id\":\"https:\/\/www.petteriorpo.fi\/kestava-hyvinvointi-rakennetaan-koulutuksen-varaan\/#primaryimage\"},\"thumbnailUrl\":\"https:\/\/www.petteriorpo.fi\/wp-content\/uploads\/2016\/11\/Petteri_1.jpg\",\"articleSection\":[\"Blogi\"],\"inLanguage\":\"en-GB\",\"potentialAction\":[{\"@type\":\"CommentAction\",\"name\":\"Comment\",\"target\":[\"https:\/\/www.petteriorpo.fi\/kestava-hyvinvointi-rakennetaan-koulutuksen-varaan\/#respond\"]}]},{\"@type\":\"WebPage\",\"@id\":\"https:\/\/www.petteriorpo.fi\/kestava-hyvinvointi-rakennetaan-koulutuksen-varaan\/\",\"url\":\"https:\/\/www.petteriorpo.fi\/kestava-hyvinvointi-rakennetaan-koulutuksen-varaan\/\",\"name\":\"Kest\u00e4v\u00e4 hyvinvointi rakennetaan koulutuksen varaan - Petteri Orpo\",\"isPartOf\":{\"@id\":\"https:\/\/www.petteriorpo.fi\/#website\"},\"primaryImageOfPage\":{\"@id\":\"https:\/\/www.petteriorpo.fi\/kestava-hyvinvointi-rakennetaan-koulutuksen-varaan\/#primaryimage\"},\"image\":{\"@id\":\"https:\/\/www.petteriorpo.fi\/kestava-hyvinvointi-rakennetaan-koulutuksen-varaan\/#primaryimage\"},\"thumbnailUrl\":\"https:\/\/www.petteriorpo.fi\/wp-content\/uploads\/2016\/11\/Petteri_1.jpg\",\"datePublished\":\"2016-11-23T11:00:02+00:00\",\"dateModified\":\"2023-02-16T16:50:47+00:00\",\"breadcrumb\":{\"@id\":\"https:\/\/www.petteriorpo.fi\/kestava-hyvinvointi-rakennetaan-koulutuksen-varaan\/#breadcrumb\"},\"inLanguage\":\"en-GB\",\"potentialAction\":[{\"@type\":\"ReadAction\",\"target\":[\"https:\/\/www.petteriorpo.fi\/kestava-hyvinvointi-rakennetaan-koulutuksen-varaan\/\"]}]},{\"@type\":\"ImageObject\",\"inLanguage\":\"en-GB\",\"@id\":\"https:\/\/www.petteriorpo.fi\/kestava-hyvinvointi-rakennetaan-koulutuksen-varaan\/#primaryimage\",\"url\":\"https:\/\/www.petteriorpo.fi\/wp-content\/uploads\/2016\/11\/Petteri_1.jpg\",\"contentUrl\":\"https:\/\/www.petteriorpo.fi\/wp-content\/uploads\/2016\/11\/Petteri_1.jpg\",\"width\":1230,\"height\":630},{\"@type\":\"BreadcrumbList\",\"@id\":\"https:\/\/www.petteriorpo.fi\/kestava-hyvinvointi-rakennetaan-koulutuksen-varaan\/#breadcrumb\",\"itemListElement\":[{\"@type\":\"ListItem\",\"position\":1,\"name\":\"Etusivu\",\"item\":\"https:\/\/www.petteriorpo.fi\/\"},{\"@type\":\"ListItem\",\"position\":2,\"name\":\"Kest\u00e4v\u00e4 hyvinvointi rakennetaan koulutuksen varaan\"}]},{\"@type\":\"WebSite\",\"@id\":\"https:\/\/www.petteriorpo.fi\/#website\",\"url\":\"https:\/\/www.petteriorpo.fi\/\",\"name\":\"Petteri Orpo\",\"description\":\"Yhdess&auml; tehden eteenp&auml;in\",\"publisher\":{\"@id\":\"https:\/\/www.petteriorpo.fi\/#organization\"},\"potentialAction\":[{\"@type\":\"SearchAction\",\"target\":{\"@type\":\"EntryPoint\",\"urlTemplate\":\"https:\/\/www.petteriorpo.fi\/?s={search_term_string}\"},\"query-input\":{\"@type\":\"PropertyValueSpecification\",\"valueRequired\":true,\"valueName\":\"search_term_string\"}}],\"inLanguage\":\"en-GB\"},{\"@type\":\"Organization\",\"@id\":\"https:\/\/www.petteriorpo.fi\/#organization\",\"name\":\"Petteri Orpo\",\"url\":\"https:\/\/www.petteriorpo.fi\/\",\"logo\":{\"@type\":\"ImageObject\",\"inLanguage\":\"en-GB\",\"@id\":\"https:\/\/www.petteriorpo.fi\/#\/schema\/logo\/image\/\",\"url\":\"https:\/\/www.petteriorpo.fi\/wp-content\/uploads\/2022\/08\/logo_orpo.png\",\"contentUrl\":\"https:\/\/www.petteriorpo.fi\/wp-content\/uploads\/2022\/08\/logo_orpo.png\",\"width\":114,\"height\":120,\"caption\":\"Petteri Orpo\"},\"image\":{\"@id\":\"https:\/\/www.petteriorpo.fi\/#\/schema\/logo\/image\/\"}},{\"@type\":\"Person\",\"@id\":\"https:\/\/www.petteriorpo.fi\/#\/schema\/person\/269837cd998a58c819bee3941bc2d2b9\",\"name\":\"admin\",\"image\":{\"@type\":\"ImageObject\",\"inLanguage\":\"en-GB\",\"@id\":\"https:\/\/www.petteriorpo.fi\/#\/schema\/person\/image\/\",\"url\":\"https:\/\/secure.gravatar.com\/avatar\/e3534ba089e9f56595220762a1371e56?s=96&d=mm&r=g\",\"contentUrl\":\"https:\/\/secure.gravatar.com\/avatar\/e3534ba089e9f56595220762a1371e56?s=96&d=mm&r=g\",\"caption\":\"admin\"},\"sameAs\":[\"https:\/\/www.petteriorpo.fi\"],\"url\":\"https:\/\/www.petteriorpo.fi\/en\/author\/admin\/\"}]}<\/script>\n<!-- \/ Yoast SEO plugin. -->","yoast_head_json":{"title":"Kest\u00e4v\u00e4 hyvinvointi rakennetaan koulutuksen varaan - Petteri Orpo","robots":{"index":"index","follow":"follow","max-snippet":"max-snippet:-1","max-image-preview":"max-image-preview:large","max-video-preview":"max-video-preview:-1"},"canonical":"https:\/\/www.petteriorpo.fi\/en\/kestava-hyvinvointi-rakennetaan-koulutuksen-varaan\/","og_locale":"en_GB","og_type":"article","og_title":"Kest\u00e4v\u00e4 hyvinvointi rakennetaan koulutuksen varaan - Petteri Orpo","og_description":"Suomi on pieni maa, jonka vahvuus on osaava ja koulutettu kansa. Yhteiskunnassamme on laajalti jaettu se yhteinen tavoite, ett\u00e4 jokaisen on saatava oppia ja kouluttautua mahdollisimman hyvin perhetaustasta tai asuinpaikasta riippumatta. T\u00e4st\u00e4 ei saa tinki\u00e4. Jokaiselle lapselle ja nuorelle on annettava laadukasta opetusta, joka antaa hyv\u00e4t ev\u00e4\u00e4t el\u00e4m\u00e4\u00e4n. Jokaisen vanhemman on luotettava, ett\u00e4 l\u00e4hin koulu [&hellip;]","og_url":"https:\/\/www.petteriorpo.fi\/en\/kestava-hyvinvointi-rakennetaan-koulutuksen-varaan\/","og_site_name":"Petteri Orpo","article_published_time":"2016-11-23T11:00:02+00:00","article_modified_time":"2023-02-16T16:50:47+00:00","og_image":[{"width":1230,"height":630,"url":"https:\/\/www.petteriorpo.fi\/wp-content\/uploads\/2016\/11\/Petteri_1.jpg","type":"image\/jpeg"}],"author":"admin","twitter_card":"summary_large_image","twitter_misc":{"Written by":"admin","Estimated reading time":"3 minutes"},"schema":{"@context":"https:\/\/schema.org","@graph":[{"@type":"Article","@id":"https:\/\/www.petteriorpo.fi\/kestava-hyvinvointi-rakennetaan-koulutuksen-varaan\/#article","isPartOf":{"@id":"https:\/\/www.petteriorpo.fi\/kestava-hyvinvointi-rakennetaan-koulutuksen-varaan\/"},"author":{"name":"admin","@id":"https:\/\/www.petteriorpo.fi\/#\/schema\/person\/269837cd998a58c819bee3941bc2d2b9"},"headline":"Kest\u00e4v\u00e4 hyvinvointi rakennetaan koulutuksen varaan","datePublished":"2016-11-23T11:00:02+00:00","dateModified":"2023-02-16T16:50:47+00:00","mainEntityOfPage":{"@id":"https:\/\/www.petteriorpo.fi\/kestava-hyvinvointi-rakennetaan-koulutuksen-varaan\/"},"wordCount":694,"commentCount":2,"publisher":{"@id":"https:\/\/www.petteriorpo.fi\/#organization"},"image":{"@id":"https:\/\/www.petteriorpo.fi\/kestava-hyvinvointi-rakennetaan-koulutuksen-varaan\/#primaryimage"},"thumbnailUrl":"https:\/\/www.petteriorpo.fi\/wp-content\/uploads\/2016\/11\/Petteri_1.jpg","articleSection":["Blogi"],"inLanguage":"en-GB","potentialAction":[{"@type":"CommentAction","name":"Comment","target":["https:\/\/www.petteriorpo.fi\/kestava-hyvinvointi-rakennetaan-koulutuksen-varaan\/#respond"]}]},{"@type":"WebPage","@id":"https:\/\/www.petteriorpo.fi\/kestava-hyvinvointi-rakennetaan-koulutuksen-varaan\/","url":"https:\/\/www.petteriorpo.fi\/kestava-hyvinvointi-rakennetaan-koulutuksen-varaan\/","name":"Kest\u00e4v\u00e4 hyvinvointi rakennetaan koulutuksen varaan - Petteri Orpo","isPartOf":{"@id":"https:\/\/www.petteriorpo.fi\/#website"},"primaryImageOfPage":{"@id":"https:\/\/www.petteriorpo.fi\/kestava-hyvinvointi-rakennetaan-koulutuksen-varaan\/#primaryimage"},"image":{"@id":"https:\/\/www.petteriorpo.fi\/kestava-hyvinvointi-rakennetaan-koulutuksen-varaan\/#primaryimage"},"thumbnailUrl":"https:\/\/www.petteriorpo.fi\/wp-content\/uploads\/2016\/11\/Petteri_1.jpg","datePublished":"2016-11-23T11:00:02+00:00","dateModified":"2023-02-16T16:50:47+00:00","breadcrumb":{"@id":"https:\/\/www.petteriorpo.fi\/kestava-hyvinvointi-rakennetaan-koulutuksen-varaan\/#breadcrumb"},"inLanguage":"en-GB","potentialAction":[{"@type":"ReadAction","target":["https:\/\/www.petteriorpo.fi\/kestava-hyvinvointi-rakennetaan-koulutuksen-varaan\/"]}]},{"@type":"ImageObject","inLanguage":"en-GB","@id":"https:\/\/www.petteriorpo.fi\/kestava-hyvinvointi-rakennetaan-koulutuksen-varaan\/#primaryimage","url":"https:\/\/www.petteriorpo.fi\/wp-content\/uploads\/2016\/11\/Petteri_1.jpg","contentUrl":"https:\/\/www.petteriorpo.fi\/wp-content\/uploads\/2016\/11\/Petteri_1.jpg","width":1230,"height":630},{"@type":"BreadcrumbList","@id":"https:\/\/www.petteriorpo.fi\/kestava-hyvinvointi-rakennetaan-koulutuksen-varaan\/#breadcrumb","itemListElement":[{"@type":"ListItem","position":1,"name":"Etusivu","item":"https:\/\/www.petteriorpo.fi\/"},{"@type":"ListItem","position":2,"name":"Kest\u00e4v\u00e4 hyvinvointi rakennetaan koulutuksen varaan"}]},{"@type":"WebSite","@id":"https:\/\/www.petteriorpo.fi\/#website","url":"https:\/\/www.petteriorpo.fi\/","name":"Petteri Orpo","description":"Yhdess&auml; tehden eteenp&auml;in","publisher":{"@id":"https:\/\/www.petteriorpo.fi\/#organization"},"potentialAction":[{"@type":"SearchAction","target":{"@type":"EntryPoint","urlTemplate":"https:\/\/www.petteriorpo.fi\/?s={search_term_string}"},"query-input":{"@type":"PropertyValueSpecification","valueRequired":true,"valueName":"search_term_string"}}],"inLanguage":"en-GB"},{"@type":"Organization","@id":"https:\/\/www.petteriorpo.fi\/#organization","name":"Petteri Orpo","url":"https:\/\/www.petteriorpo.fi\/","logo":{"@type":"ImageObject","inLanguage":"en-GB","@id":"https:\/\/www.petteriorpo.fi\/#\/schema\/logo\/image\/","url":"https:\/\/www.petteriorpo.fi\/wp-content\/uploads\/2022\/08\/logo_orpo.png","contentUrl":"https:\/\/www.petteriorpo.fi\/wp-content\/uploads\/2022\/08\/logo_orpo.png","width":114,"height":120,"caption":"Petteri Orpo"},"image":{"@id":"https:\/\/www.petteriorpo.fi\/#\/schema\/logo\/image\/"}},{"@type":"Person","@id":"https:\/\/www.petteriorpo.fi\/#\/schema\/person\/269837cd998a58c819bee3941bc2d2b9","name":"admin","image":{"@type":"ImageObject","inLanguage":"en-GB","@id":"https:\/\/www.petteriorpo.fi\/#\/schema\/person\/image\/","url":"https:\/\/secure.gravatar.com\/avatar\/e3534ba089e9f56595220762a1371e56?s=96&d=mm&r=g","contentUrl":"https:\/\/secure.gravatar.com\/avatar\/e3534ba089e9f56595220762a1371e56?s=96&d=mm&r=g","caption":"admin"},"sameAs":["https:\/\/www.petteriorpo.fi"],"url":"https:\/\/www.petteriorpo.fi\/en\/author\/admin\/"}]}},"_links":{"self":[{"href":"https:\/\/www.petteriorpo.fi\/en\/wp-json\/wp\/v2\/posts\/788","targetHints":{"allow":["GET"]}}],"collection":[{"href":"https:\/\/www.petteriorpo.fi\/en\/wp-json\/wp\/v2\/posts"}],"about":[{"href":"https:\/\/www.petteriorpo.fi\/en\/wp-json\/wp\/v2\/types\/post"}],"author":[{"embeddable":true,"href":"https:\/\/www.petteriorpo.fi\/en\/wp-json\/wp\/v2\/users\/1"}],"replies":[{"embeddable":true,"href":"https:\/\/www.petteriorpo.fi\/en\/wp-json\/wp\/v2\/comments?post=788"}],"version-history":[{"count":1,"href":"https:\/\/www.petteriorpo.fi\/en\/wp-json\/wp\/v2\/posts\/788\/revisions"}],"predecessor-version":[{"id":1095,"href":"https:\/\/www.petteriorpo.fi\/en\/wp-json\/wp\/v2\/posts\/788\/revisions\/1095"}],"wp:featuredmedia":[{"embeddable":true,"href":"https:\/\/www.petteriorpo.fi\/en\/wp-json\/wp\/v2\/media\/1105"}],"wp:attachment":[{"href":"https:\/\/www.petteriorpo.fi\/en\/wp-json\/wp\/v2\/media?parent=788"}],"wp:term":[{"taxonomy":"category","embeddable":true,"href":"https:\/\/www.petteriorpo.fi\/en\/wp-json\/wp\/v2\/categories?post=788"},{"taxonomy":"post_tag","embeddable":true,"href":"https:\/\/www.petteriorpo.fi\/en\/wp-json\/wp\/v2\/tags?post=788"}],"curies":[{"name":"wp","href":"https:\/\/api.w.org\/{rel}","templated":true}]}}