{"id":786,"date":"2016-05-19T16:00:12","date_gmt":"2016-05-19T14:00:12","guid":{"rendered":"http:\/\/www.petteriorpo.fi\/?p=255"},"modified":"2023-02-16T16:50:47","modified_gmt":"2023-02-16T16:50:47","slug":"miten-pelastamme-kutistuvan-keskiluokan","status":"publish","type":"post","link":"https:\/\/www.petteriorpo.fi\/en\/miten-pelastamme-kutistuvan-keskiluokan\/","title":{"rendered":"Miten pelastamme kutistuvan keskiluokan?"},"content":{"rendered":"<p>Keskiluokka on se ahkera, ty\u00f6t\u00e4tekev\u00e4 joukko, jonka varassa Suomi py\u00f6rii. Suomalaisista noin puolet kuuluu keskiluokkaan. Suomessa omalla ahkeruudella ja koulutuksella on voinut parantaa omaa ja l\u00e4heistens\u00e4 el\u00e4m\u00e4\u00e4. Verot ovat korkeat, mutta niiden vastineeksi saa hyv\u00e4t palvelut ja sosiaaliturvan. Yhteiskunta koetaan reiluksi ja turvalliseksi.<\/p>\n<p>&nbsp;<\/p>\n<p>Maailma muuttuu hurjaa vauhtia. L\u00e4nsimaissa keskiluokkaa uhkaa kutistuminen. T\u00e4m\u00e4 johtuu globalisaatiosta ja teknologian kehityksest\u00e4, jotka ovat hyvi\u00e4 asioita, mutta haastavat meit\u00e4. Teknologia mahdollistaa meille kaikille paremmat palvelut ja tuotteet. Ty\u00f6t\u00e4 siirtyy kehittyviin maihin samalla kun automatisointi v\u00e4hent\u00e4\u00e4 t\u00e4\u00e4ll\u00e4 teht\u00e4v\u00e4\u00e4 ty\u00f6t\u00e4. T\u00e4m\u00e4 ei tarkoita, etteik\u00f6 tilalle voisi synty\u00e4 uutta ty\u00f6t\u00e4, mutta se kertoo, ett\u00e4 tulevaisuus on liian monelle ep\u00e4varma.<\/p>\n<p>&nbsp;<\/p>\n<p>Kun maksajien joukko kutistuu, j\u00e4ljelle j\u00e4\u00e4vien rasite kasvaa. Verot nousevat. Luottamus julkisiin palveluihin on osittain horjunut. Moni miettii, saako maksetuille veroille vastinetta ja onko Suomella varaa pit\u00e4\u00e4 l\u00e4heisist\u00e4ni huolta tulevaisuudessa? Ilman vahvaa keskiluokkaa ei ole hyvinvointia, koska ei ole sen kustantajia.<\/p>\n<p>&nbsp;<\/p>\n<p>Toki on mahdollista rakentaa yhteiskunta, jossa keskiluokka on pieni. Se on jakautunut yhteiskunta, jossa mahdollisuuksien tasa-arvo on j\u00e4rkkynyt. Min\u00e4 en tahdo sellaista Suomea. Tahdon, ett\u00e4 kaikki pysyv\u00e4t mukana my\u00f6s nopeassa muutoksessa. Kysymys keskiluokasta on aikamme suurimpia arvovalintoja: annammeko yhteiskunnan jakautua menestyjiin ja h\u00e4vi\u00e4jiin vai kuljemmeko eteenp\u00e4in yhdess\u00e4.<\/p>\n<p>&nbsp;<\/p>\n<p><strong>Keskiluokka on l\u00f6ydett\u00e4v\u00e4 uudelleen<\/strong><\/p>\n<p>&nbsp;<\/p>\n<p>N\u00e4en, ett\u00e4 tulevaisuuden keskiluokan hyvinvoinnin voi kiteytt\u00e4\u00e4 nelj\u00e4\u00e4n asiaan. Ensinn\u00e4kin mahdollisuuksien tasa-arvo luo tunteen oikeudenmukaisuudesta. Toiseksi ahkeruudella p\u00e4rj\u00e4\u00e4minen kannustaa eteenp\u00e4in ja on reilua. Kolmanneksi el\u00e4m\u00e4 on riitt\u00e4v\u00e4n turvallinen muutoksessa ja ep\u00e4onnessa, kuten sairauden tai ty\u00f6tt\u00f6myyden iskiess\u00e4. Nelj\u00e4nneksi ihmiset jakavat tietyt yhteiset arvot ja pyrkiv\u00e4t riitt\u00e4v\u00e4\u00e4n yhteisymm\u00e4rrykseen.<\/p>\n<p>&nbsp;<\/p>\n<p>Miten n\u00e4it\u00e4 vahvistettaisiin k\u00e4yt\u00e4nn\u00f6ss\u00e4? Kaikkein t\u00e4rkeint\u00e4 on uudistaa ty\u00f6el\u00e4m\u00e4 vastaamaan globalisaatioon ja teknologian muutokseen. T\u00e4m\u00e4 on v\u00e4ltt\u00e4m\u00e4t\u00f6nt\u00e4, jos tahdomme, ett\u00e4 Suomessa on jatkossakin riitt\u00e4v\u00e4sti ty\u00f6t\u00e4 muillekin kuin huippukoodareille. Tarvitaan paikallista ty\u00f6paikkasopimista eli joustavuutta, koska yritykset ja ty\u00f6suhteet ovat todella erilaisia. Palkanmuodostuksen on pidett\u00e4v\u00e4 yll\u00e4 kansainv\u00e4list\u00e4 kilpailukyky\u00e4 ja ostovoimaa eli tarvitaan Suomen malli. Ty\u00f6lains\u00e4\u00e4d\u00e4nt\u00f6 tulee p\u00e4ivitt\u00e4\u00e4 t\u00e4h\u00e4n p\u00e4iv\u00e4\u00e4n siten, ett\u00e4 se ottaa huomioon muuttuneen ty\u00f6n luonteen, kuten esimerkiksi et\u00e4ty\u00f6n ja erilaiset el\u00e4m\u00e4ntilanteet. Tarvitsemme my\u00f6s ty\u00f6hyvinvointisopimuksia parantamaan ty\u00f6ss\u00e4 jaksamista kiihtyv\u00e4ss\u00e4 ty\u00f6el\u00e4m\u00e4n tahdissa.<\/p>\n<p>&nbsp;<\/p>\n<p>Meid\u00e4n t\u00e4ytyy my\u00f6s tunnustaa, ett\u00e4 kaikki eiv\u00e4t voi olla globaalisti kilpailukykyisi\u00e4 huippuosaajia. Kaikki ty\u00f6 on arvokasta. Tarvitaan my\u00f6s palveluammatteja. Otetaan mallia Saksan pient\u00f6ist\u00e4. Monissa t\u00f6iss\u00e4 palkkaa voisi t\u00e4ydent\u00e4\u00e4 palkkatuella. Ty\u00f6t\u00e4 ja sosiaaliturvaa tulee ennakkoluulottomasti yhdistell\u00e4. Yritt\u00e4jien ja ep\u00e4tyypillisten ty\u00f6suhteiden sosiaaliturva pit\u00e4\u00e4 saattaa samalle tasolle kuin palkansaajilla. Miksi elinkeinonharjoittajana tehdyn ty\u00f6n pit\u00e4isi olla riskialttiimpaa kuin palkansaajana tehdyn?<\/p>\n<p>&nbsp;<\/p>\n<p>Sosiaaliturvan uudistaminen onkin elint\u00e4rke\u00e4\u00e4 keskiluokan keksimisess\u00e4 uudelleen. Ansiosidonnainen ty\u00f6tt\u00f6myysturva tulee uudistaa reippaasti kattavammaksi ja kannustavammaksi. Perusturvan tulee olla yksinkertaisempaa ja se tulee sitoa osallistumiseen. Selv\u00e4\u00e4 on, ett\u00e4 my\u00f6s verotuksen tulee kannustaa nykyist\u00e4 paremmin ty\u00f6ntekoon, yritt\u00e4miseen ja s\u00e4\u00e4st\u00e4miseen. Usko ahkeruuteen ei saa horjua.<\/p>\n<p>&nbsp;<\/p>\n<p>Mahdollisuuksien tasa-arvo ja maailmassa p\u00e4rj\u00e4\u00e4minen perustuvat osaamiseen. Erityisesti tulevaisuus huutaa vahvaa panostusta varhaiskasvatukseen ja esiopetukseen. Voisiko esiopetusta pident\u00e4\u00e4 kahteen vuoteen? Voisiko ensimm\u00e4inen vieras kieli alkaa jo ensimm\u00e4iselt\u00e4 luokalta tai jo p\u00e4iv\u00e4kodissa? Kansainv\u00e4lisyys on ehdoton edellytys globalisoituvilla ty\u00f6markkinoilla. My\u00f6s ohjelmoinnin perusteiden ymm\u00e4rt\u00e4minen saattaa pian olla yht\u00e4 t\u00e4rke\u00e4\u00e4 kuin lukemaan oppiminen. Voisiko ohjelmointia opettaa jo ensimm\u00e4iselt\u00e4 luokalta l\u00e4htien?<\/p>\n<p>&nbsp;<\/p>\n<p>Ammatillista koulutusta ja korkeakoulutustamme on muokattava erityisesti elinik\u00e4ist\u00e4 oppimista tukevaan muotoon. Tulevaisuudessa tutkintojen t\u00e4rkein anti on ajattelutaitojen tarjoaminen. Tieto vanhenee. Tiedon hakemisen ty\u00f6kalut vain kehittyv\u00e4t. Koulutuksemme tulee kaikilla tasoilla vahvistaa yleissivistyst\u00e4 ja yhteiskunnan sek\u00e4 talouden ymm\u00e4rt\u00e4mist\u00e4, koska monimutkaistuvassa maailmassa tarvitaan kokonaisuuden hahmottamista. Jaettu perussivistys on t\u00e4rke\u00e4\u00e4 my\u00f6s siksi, ett\u00e4 yhteiskunta pysyy ehe\u00e4n\u00e4.<\/p>\n<p>&nbsp;<\/p>\n<p>Yhteiskunnan tulee pysty\u00e4 tarjoamaan turvallisuutta kiihtyv\u00e4ss\u00e4 muutoksessa. Oman kodin hankkimisen tulee edelleen olla mahdollista kaikille ty\u00f6ss\u00e4k\u00e4yville, vaikka ty\u00f6suhteet olisivatkin lyhyempi\u00e4 ja erilaisia kuin perinteisesti. Verotus ei saa asettaa ylim\u00e4\u00e4r\u00e4isi\u00e4 esteit\u00e4 unelmalle omasta kodista. Asumisen kustannukset, kuten energian hinta, tulee pit\u00e4\u00e4 kohtuullisena. Ty\u00f6n per\u00e4ss\u00e4 muuttamisesta tulee tehd\u00e4 helpompaa. My\u00f6s t\u00f6ihin matkustamisen mahdollisuuksia tulee parantaa muun muassa panostamalla keskeisiin liikennev\u00e4yliin ja -palveluihin. S\u00e4\u00e4st\u00e4minen tulee tehd\u00e4 houkuttelevaksi esimerkiksi verotuksella, jotta ihmiset voivat varautua muutoksiin my\u00f6s omaehtoisesti.<\/p>\n<p>&nbsp;<\/p>\n<p>Perusturvallisuuden keskeinen osa ovat toimivat palvelut. Terveydenhuollossa valinnanvapaus asettaa ihmisen keski\u00f6\u00f6n. Terveydenhuollon t\u00e4ysin kohtuuttomat jonot tulee poistaa Suomesta. Vanhusten hoivapalveluiden laatua pit\u00e4\u00e4 parantaa valinnanvapautta k\u00e4ytt\u00e4m\u00e4ll\u00e4. Jokaisen suomalaisen tulee pysty\u00e4 j\u00e4lleen luottamaan siihen, ett\u00e4 my\u00f6s ik\u00e4\u00e4ntyess\u00e4 ihmisist\u00e4 pidet\u00e4\u00e4n huolta. El\u00e4kej\u00e4rjestelm\u00e4n kest\u00e4vyytt\u00e4 on tarkasteltava s\u00e4\u00e4nn\u00f6llisesti. My\u00f6s hoivapalveluiden palveluvastuuvelka eli niihin varautumiseen tarvittava summa pit\u00e4\u00e4 laskea. Palveluiden rahoitus ei voi perustua velkaan. Julkisten menojen ja tulojen on oltava tasapainossa juuri sen takia, ett\u00e4 palvelut voidaan turvata my\u00f6s tulevaisuudessa.<\/p>\n<p>&nbsp;<\/p>\n<p>Huolehditaan siit\u00e4, ett\u00e4 Suomi on tulevaisuudessakin yhteiskunta, jossa keskiluokka voi hyvin. Pidet\u00e4\u00e4n kaikki mukana. Ryhdyt\u00e4\u00e4n pelastustoimiin heti!<\/p>","protected":false},"excerpt":{"rendered":"<p>Keskiluokka on se ahkera, ty\u00f6t\u00e4tekev\u00e4 joukko, jonka varassa Suomi py\u00f6rii. Suomalaisista noin puolet kuuluu keskiluokkaan. Suomessa omalla ahkeruudella ja koulutuksella on voinut parantaa omaa ja l\u00e4heistens\u00e4 el\u00e4m\u00e4\u00e4. Verot ovat korkeat, mutta niiden vastineeksi saa hyv\u00e4t palvelut ja sosiaaliturvan. Yhteiskunta koetaan reiluksi ja turvalliseksi. &nbsp; Maailma muuttuu hurjaa vauhtia. L\u00e4nsimaissa keskiluokkaa uhkaa kutistuminen. T\u00e4m\u00e4 johtuu globalisaatiosta [&hellip;]<\/p>","protected":false},"author":1,"featured_media":1102,"comment_status":"open","ping_status":"open","sticky":false,"template":"","format":"standard","meta":{"footnotes":""},"categories":[6],"tags":[],"class_list":["post-786","post","type-post","status-publish","format-standard","has-post-thumbnail","hentry","category-blogi"],"yoast_head":"<!-- This site is optimized with the Yoast SEO plugin v26.0 - https:\/\/yoast.com\/wordpress\/plugins\/seo\/ -->\n<title>Miten pelastamme kutistuvan keskiluokan? - Petteri Orpo<\/title>\n<meta name=\"robots\" content=\"index, follow, max-snippet:-1, max-image-preview:large, max-video-preview:-1\" \/>\n<link rel=\"canonical\" href=\"https:\/\/www.petteriorpo.fi\/en\/miten-pelastamme-kutistuvan-keskiluokan\/\" \/>\n<meta property=\"og:locale\" content=\"en_GB\" \/>\n<meta property=\"og:type\" content=\"article\" \/>\n<meta property=\"og:title\" content=\"Miten pelastamme kutistuvan keskiluokan? - Petteri Orpo\" \/>\n<meta property=\"og:description\" content=\"Keskiluokka on se ahkera, ty\u00f6t\u00e4tekev\u00e4 joukko, jonka varassa Suomi py\u00f6rii. Suomalaisista noin puolet kuuluu keskiluokkaan. Suomessa omalla ahkeruudella ja koulutuksella on voinut parantaa omaa ja l\u00e4heistens\u00e4 el\u00e4m\u00e4\u00e4. Verot ovat korkeat, mutta niiden vastineeksi saa hyv\u00e4t palvelut ja sosiaaliturvan. Yhteiskunta koetaan reiluksi ja turvalliseksi. &nbsp; Maailma muuttuu hurjaa vauhtia. L\u00e4nsimaissa keskiluokkaa uhkaa kutistuminen. T\u00e4m\u00e4 johtuu globalisaatiosta [&hellip;]\" \/>\n<meta property=\"og:url\" content=\"https:\/\/www.petteriorpo.fi\/en\/miten-pelastamme-kutistuvan-keskiluokan\/\" \/>\n<meta property=\"og:site_name\" content=\"Petteri Orpo\" \/>\n<meta property=\"article:published_time\" content=\"2016-05-19T14:00:12+00:00\" \/>\n<meta property=\"article:modified_time\" content=\"2023-02-16T16:50:47+00:00\" \/>\n<meta property=\"og:image\" content=\"https:\/\/www.petteriorpo.fi\/wp-content\/uploads\/2016\/11\/Petteri-Orpo-1024x683-1.jpg\" \/>\n\t<meta property=\"og:image:width\" content=\"1024\" \/>\n\t<meta property=\"og:image:height\" content=\"683\" \/>\n\t<meta property=\"og:image:type\" content=\"image\/jpeg\" \/>\n<meta name=\"author\" content=\"admin\" \/>\n<meta name=\"twitter:card\" content=\"summary_large_image\" \/>\n<meta name=\"twitter:label1\" content=\"Written by\" \/>\n\t<meta name=\"twitter:data1\" content=\"admin\" \/>\n\t<meta name=\"twitter:label2\" content=\"Estimated reading time\" \/>\n\t<meta name=\"twitter:data2\" content=\"4 minutes\" \/>\n<script type=\"application\/ld+json\" class=\"yoast-schema-graph\">{\"@context\":\"https:\/\/schema.org\",\"@graph\":[{\"@type\":\"Article\",\"@id\":\"https:\/\/www.petteriorpo.fi\/miten-pelastamme-kutistuvan-keskiluokan\/#article\",\"isPartOf\":{\"@id\":\"https:\/\/www.petteriorpo.fi\/miten-pelastamme-kutistuvan-keskiluokan\/\"},\"author\":{\"name\":\"admin\",\"@id\":\"https:\/\/www.petteriorpo.fi\/#\/schema\/person\/269837cd998a58c819bee3941bc2d2b9\"},\"headline\":\"Miten pelastamme kutistuvan keskiluokan?\",\"datePublished\":\"2016-05-19T14:00:12+00:00\",\"dateModified\":\"2023-02-16T16:50:47+00:00\",\"mainEntityOfPage\":{\"@id\":\"https:\/\/www.petteriorpo.fi\/miten-pelastamme-kutistuvan-keskiluokan\/\"},\"wordCount\":870,\"commentCount\":0,\"publisher\":{\"@id\":\"https:\/\/www.petteriorpo.fi\/#organization\"},\"image\":{\"@id\":\"https:\/\/www.petteriorpo.fi\/miten-pelastamme-kutistuvan-keskiluokan\/#primaryimage\"},\"thumbnailUrl\":\"https:\/\/www.petteriorpo.fi\/wp-content\/uploads\/2016\/11\/Petteri-Orpo-1024x683-1.jpg\",\"articleSection\":[\"Blogi\"],\"inLanguage\":\"en-GB\",\"potentialAction\":[{\"@type\":\"CommentAction\",\"name\":\"Comment\",\"target\":[\"https:\/\/www.petteriorpo.fi\/miten-pelastamme-kutistuvan-keskiluokan\/#respond\"]}]},{\"@type\":\"WebPage\",\"@id\":\"https:\/\/www.petteriorpo.fi\/miten-pelastamme-kutistuvan-keskiluokan\/\",\"url\":\"https:\/\/www.petteriorpo.fi\/miten-pelastamme-kutistuvan-keskiluokan\/\",\"name\":\"Miten pelastamme kutistuvan keskiluokan? - Petteri Orpo\",\"isPartOf\":{\"@id\":\"https:\/\/www.petteriorpo.fi\/#website\"},\"primaryImageOfPage\":{\"@id\":\"https:\/\/www.petteriorpo.fi\/miten-pelastamme-kutistuvan-keskiluokan\/#primaryimage\"},\"image\":{\"@id\":\"https:\/\/www.petteriorpo.fi\/miten-pelastamme-kutistuvan-keskiluokan\/#primaryimage\"},\"thumbnailUrl\":\"https:\/\/www.petteriorpo.fi\/wp-content\/uploads\/2016\/11\/Petteri-Orpo-1024x683-1.jpg\",\"datePublished\":\"2016-05-19T14:00:12+00:00\",\"dateModified\":\"2023-02-16T16:50:47+00:00\",\"breadcrumb\":{\"@id\":\"https:\/\/www.petteriorpo.fi\/miten-pelastamme-kutistuvan-keskiluokan\/#breadcrumb\"},\"inLanguage\":\"en-GB\",\"potentialAction\":[{\"@type\":\"ReadAction\",\"target\":[\"https:\/\/www.petteriorpo.fi\/miten-pelastamme-kutistuvan-keskiluokan\/\"]}]},{\"@type\":\"ImageObject\",\"inLanguage\":\"en-GB\",\"@id\":\"https:\/\/www.petteriorpo.fi\/miten-pelastamme-kutistuvan-keskiluokan\/#primaryimage\",\"url\":\"https:\/\/www.petteriorpo.fi\/wp-content\/uploads\/2016\/11\/Petteri-Orpo-1024x683-1.jpg\",\"contentUrl\":\"https:\/\/www.petteriorpo.fi\/wp-content\/uploads\/2016\/11\/Petteri-Orpo-1024x683-1.jpg\",\"width\":1024,\"height\":683},{\"@type\":\"BreadcrumbList\",\"@id\":\"https:\/\/www.petteriorpo.fi\/miten-pelastamme-kutistuvan-keskiluokan\/#breadcrumb\",\"itemListElement\":[{\"@type\":\"ListItem\",\"position\":1,\"name\":\"Etusivu\",\"item\":\"https:\/\/www.petteriorpo.fi\/\"},{\"@type\":\"ListItem\",\"position\":2,\"name\":\"Miten pelastamme kutistuvan keskiluokan?\"}]},{\"@type\":\"WebSite\",\"@id\":\"https:\/\/www.petteriorpo.fi\/#website\",\"url\":\"https:\/\/www.petteriorpo.fi\/\",\"name\":\"Petteri Orpo\",\"description\":\"Yhdess&auml; tehden eteenp&auml;in\",\"publisher\":{\"@id\":\"https:\/\/www.petteriorpo.fi\/#organization\"},\"potentialAction\":[{\"@type\":\"SearchAction\",\"target\":{\"@type\":\"EntryPoint\",\"urlTemplate\":\"https:\/\/www.petteriorpo.fi\/?s={search_term_string}\"},\"query-input\":{\"@type\":\"PropertyValueSpecification\",\"valueRequired\":true,\"valueName\":\"search_term_string\"}}],\"inLanguage\":\"en-GB\"},{\"@type\":\"Organization\",\"@id\":\"https:\/\/www.petteriorpo.fi\/#organization\",\"name\":\"Petteri Orpo\",\"url\":\"https:\/\/www.petteriorpo.fi\/\",\"logo\":{\"@type\":\"ImageObject\",\"inLanguage\":\"en-GB\",\"@id\":\"https:\/\/www.petteriorpo.fi\/#\/schema\/logo\/image\/\",\"url\":\"https:\/\/www.petteriorpo.fi\/wp-content\/uploads\/2022\/08\/logo_orpo.png\",\"contentUrl\":\"https:\/\/www.petteriorpo.fi\/wp-content\/uploads\/2022\/08\/logo_orpo.png\",\"width\":114,\"height\":120,\"caption\":\"Petteri Orpo\"},\"image\":{\"@id\":\"https:\/\/www.petteriorpo.fi\/#\/schema\/logo\/image\/\"}},{\"@type\":\"Person\",\"@id\":\"https:\/\/www.petteriorpo.fi\/#\/schema\/person\/269837cd998a58c819bee3941bc2d2b9\",\"name\":\"admin\",\"image\":{\"@type\":\"ImageObject\",\"inLanguage\":\"en-GB\",\"@id\":\"https:\/\/www.petteriorpo.fi\/#\/schema\/person\/image\/\",\"url\":\"https:\/\/secure.gravatar.com\/avatar\/e3534ba089e9f56595220762a1371e56?s=96&d=mm&r=g\",\"contentUrl\":\"https:\/\/secure.gravatar.com\/avatar\/e3534ba089e9f56595220762a1371e56?s=96&d=mm&r=g\",\"caption\":\"admin\"},\"sameAs\":[\"https:\/\/www.petteriorpo.fi\"],\"url\":\"https:\/\/www.petteriorpo.fi\/en\/author\/admin\/\"}]}<\/script>\n<!-- \/ Yoast SEO plugin. -->","yoast_head_json":{"title":"Miten pelastamme kutistuvan keskiluokan? - Petteri Orpo","robots":{"index":"index","follow":"follow","max-snippet":"max-snippet:-1","max-image-preview":"max-image-preview:large","max-video-preview":"max-video-preview:-1"},"canonical":"https:\/\/www.petteriorpo.fi\/en\/miten-pelastamme-kutistuvan-keskiluokan\/","og_locale":"en_GB","og_type":"article","og_title":"Miten pelastamme kutistuvan keskiluokan? - Petteri Orpo","og_description":"Keskiluokka on se ahkera, ty\u00f6t\u00e4tekev\u00e4 joukko, jonka varassa Suomi py\u00f6rii. Suomalaisista noin puolet kuuluu keskiluokkaan. Suomessa omalla ahkeruudella ja koulutuksella on voinut parantaa omaa ja l\u00e4heistens\u00e4 el\u00e4m\u00e4\u00e4. Verot ovat korkeat, mutta niiden vastineeksi saa hyv\u00e4t palvelut ja sosiaaliturvan. Yhteiskunta koetaan reiluksi ja turvalliseksi. &nbsp; Maailma muuttuu hurjaa vauhtia. L\u00e4nsimaissa keskiluokkaa uhkaa kutistuminen. T\u00e4m\u00e4 johtuu globalisaatiosta [&hellip;]","og_url":"https:\/\/www.petteriorpo.fi\/en\/miten-pelastamme-kutistuvan-keskiluokan\/","og_site_name":"Petteri Orpo","article_published_time":"2016-05-19T14:00:12+00:00","article_modified_time":"2023-02-16T16:50:47+00:00","og_image":[{"width":1024,"height":683,"url":"https:\/\/www.petteriorpo.fi\/wp-content\/uploads\/2016\/11\/Petteri-Orpo-1024x683-1.jpg","type":"image\/jpeg"}],"author":"admin","twitter_card":"summary_large_image","twitter_misc":{"Written by":"admin","Estimated reading time":"4 minutes"},"schema":{"@context":"https:\/\/schema.org","@graph":[{"@type":"Article","@id":"https:\/\/www.petteriorpo.fi\/miten-pelastamme-kutistuvan-keskiluokan\/#article","isPartOf":{"@id":"https:\/\/www.petteriorpo.fi\/miten-pelastamme-kutistuvan-keskiluokan\/"},"author":{"name":"admin","@id":"https:\/\/www.petteriorpo.fi\/#\/schema\/person\/269837cd998a58c819bee3941bc2d2b9"},"headline":"Miten pelastamme kutistuvan keskiluokan?","datePublished":"2016-05-19T14:00:12+00:00","dateModified":"2023-02-16T16:50:47+00:00","mainEntityOfPage":{"@id":"https:\/\/www.petteriorpo.fi\/miten-pelastamme-kutistuvan-keskiluokan\/"},"wordCount":870,"commentCount":0,"publisher":{"@id":"https:\/\/www.petteriorpo.fi\/#organization"},"image":{"@id":"https:\/\/www.petteriorpo.fi\/miten-pelastamme-kutistuvan-keskiluokan\/#primaryimage"},"thumbnailUrl":"https:\/\/www.petteriorpo.fi\/wp-content\/uploads\/2016\/11\/Petteri-Orpo-1024x683-1.jpg","articleSection":["Blogi"],"inLanguage":"en-GB","potentialAction":[{"@type":"CommentAction","name":"Comment","target":["https:\/\/www.petteriorpo.fi\/miten-pelastamme-kutistuvan-keskiluokan\/#respond"]}]},{"@type":"WebPage","@id":"https:\/\/www.petteriorpo.fi\/miten-pelastamme-kutistuvan-keskiluokan\/","url":"https:\/\/www.petteriorpo.fi\/miten-pelastamme-kutistuvan-keskiluokan\/","name":"Miten pelastamme kutistuvan keskiluokan? - Petteri Orpo","isPartOf":{"@id":"https:\/\/www.petteriorpo.fi\/#website"},"primaryImageOfPage":{"@id":"https:\/\/www.petteriorpo.fi\/miten-pelastamme-kutistuvan-keskiluokan\/#primaryimage"},"image":{"@id":"https:\/\/www.petteriorpo.fi\/miten-pelastamme-kutistuvan-keskiluokan\/#primaryimage"},"thumbnailUrl":"https:\/\/www.petteriorpo.fi\/wp-content\/uploads\/2016\/11\/Petteri-Orpo-1024x683-1.jpg","datePublished":"2016-05-19T14:00:12+00:00","dateModified":"2023-02-16T16:50:47+00:00","breadcrumb":{"@id":"https:\/\/www.petteriorpo.fi\/miten-pelastamme-kutistuvan-keskiluokan\/#breadcrumb"},"inLanguage":"en-GB","potentialAction":[{"@type":"ReadAction","target":["https:\/\/www.petteriorpo.fi\/miten-pelastamme-kutistuvan-keskiluokan\/"]}]},{"@type":"ImageObject","inLanguage":"en-GB","@id":"https:\/\/www.petteriorpo.fi\/miten-pelastamme-kutistuvan-keskiluokan\/#primaryimage","url":"https:\/\/www.petteriorpo.fi\/wp-content\/uploads\/2016\/11\/Petteri-Orpo-1024x683-1.jpg","contentUrl":"https:\/\/www.petteriorpo.fi\/wp-content\/uploads\/2016\/11\/Petteri-Orpo-1024x683-1.jpg","width":1024,"height":683},{"@type":"BreadcrumbList","@id":"https:\/\/www.petteriorpo.fi\/miten-pelastamme-kutistuvan-keskiluokan\/#breadcrumb","itemListElement":[{"@type":"ListItem","position":1,"name":"Etusivu","item":"https:\/\/www.petteriorpo.fi\/"},{"@type":"ListItem","position":2,"name":"Miten pelastamme kutistuvan keskiluokan?"}]},{"@type":"WebSite","@id":"https:\/\/www.petteriorpo.fi\/#website","url":"https:\/\/www.petteriorpo.fi\/","name":"Petteri Orpo","description":"Yhdess&auml; tehden eteenp&auml;in","publisher":{"@id":"https:\/\/www.petteriorpo.fi\/#organization"},"potentialAction":[{"@type":"SearchAction","target":{"@type":"EntryPoint","urlTemplate":"https:\/\/www.petteriorpo.fi\/?s={search_term_string}"},"query-input":{"@type":"PropertyValueSpecification","valueRequired":true,"valueName":"search_term_string"}}],"inLanguage":"en-GB"},{"@type":"Organization","@id":"https:\/\/www.petteriorpo.fi\/#organization","name":"Petteri Orpo","url":"https:\/\/www.petteriorpo.fi\/","logo":{"@type":"ImageObject","inLanguage":"en-GB","@id":"https:\/\/www.petteriorpo.fi\/#\/schema\/logo\/image\/","url":"https:\/\/www.petteriorpo.fi\/wp-content\/uploads\/2022\/08\/logo_orpo.png","contentUrl":"https:\/\/www.petteriorpo.fi\/wp-content\/uploads\/2022\/08\/logo_orpo.png","width":114,"height":120,"caption":"Petteri Orpo"},"image":{"@id":"https:\/\/www.petteriorpo.fi\/#\/schema\/logo\/image\/"}},{"@type":"Person","@id":"https:\/\/www.petteriorpo.fi\/#\/schema\/person\/269837cd998a58c819bee3941bc2d2b9","name":"admin","image":{"@type":"ImageObject","inLanguage":"en-GB","@id":"https:\/\/www.petteriorpo.fi\/#\/schema\/person\/image\/","url":"https:\/\/secure.gravatar.com\/avatar\/e3534ba089e9f56595220762a1371e56?s=96&d=mm&r=g","contentUrl":"https:\/\/secure.gravatar.com\/avatar\/e3534ba089e9f56595220762a1371e56?s=96&d=mm&r=g","caption":"admin"},"sameAs":["https:\/\/www.petteriorpo.fi"],"url":"https:\/\/www.petteriorpo.fi\/en\/author\/admin\/"}]}},"_links":{"self":[{"href":"https:\/\/www.petteriorpo.fi\/en\/wp-json\/wp\/v2\/posts\/786","targetHints":{"allow":["GET"]}}],"collection":[{"href":"https:\/\/www.petteriorpo.fi\/en\/wp-json\/wp\/v2\/posts"}],"about":[{"href":"https:\/\/www.petteriorpo.fi\/en\/wp-json\/wp\/v2\/types\/post"}],"author":[{"embeddable":true,"href":"https:\/\/www.petteriorpo.fi\/en\/wp-json\/wp\/v2\/users\/1"}],"replies":[{"embeddable":true,"href":"https:\/\/www.petteriorpo.fi\/en\/wp-json\/wp\/v2\/comments?post=786"}],"version-history":[{"count":1,"href":"https:\/\/www.petteriorpo.fi\/en\/wp-json\/wp\/v2\/posts\/786\/revisions"}],"predecessor-version":[{"id":1097,"href":"https:\/\/www.petteriorpo.fi\/en\/wp-json\/wp\/v2\/posts\/786\/revisions\/1097"}],"wp:featuredmedia":[{"embeddable":true,"href":"https:\/\/www.petteriorpo.fi\/en\/wp-json\/wp\/v2\/media\/1102"}],"wp:attachment":[{"href":"https:\/\/www.petteriorpo.fi\/en\/wp-json\/wp\/v2\/media?parent=786"}],"wp:term":[{"taxonomy":"category","embeddable":true,"href":"https:\/\/www.petteriorpo.fi\/en\/wp-json\/wp\/v2\/categories?post=786"},{"taxonomy":"post_tag","embeddable":true,"href":"https:\/\/www.petteriorpo.fi\/en\/wp-json\/wp\/v2\/tags?post=786"}],"curies":[{"name":"wp","href":"https:\/\/api.w.org\/{rel}","templated":true}]}}