{"id":405,"date":"2017-05-15T14:35:07","date_gmt":"2017-05-15T12:35:07","guid":{"rendered":"http:\/\/www.petteriorpo.fi\/?p=405"},"modified":"2023-02-16T16:50:47","modified_gmt":"2023-02-16T16:50:47","slug":"riihessa-jyvat-eroteltiin-akanoista","status":"publish","type":"post","link":"https:\/\/www.petteriorpo.fi\/en\/riihessa-jyvat-eroteltiin-akanoista\/","title":{"rendered":"Riihess\u00e4 jyv\u00e4t eroteltiin akanoista"},"content":{"rendered":"<div class=\"article-single-section__content\">\n<p>Valtiontaloudessa t\u00f6rm\u00e4\u00e4 yhten\u00e4\u00e4n varsin agraarisiin termeihin. Oma suosikkini on jokasyksyinen budjettiriihi, ja siit\u00e4 v\u00e4\u00e4nnetty puoliv\u00e4liriihi, joka pidettiin pari viikkoa sitten.<\/p>\n<p>Riihess\u00e4 tavoitteena oli erottaa jyv\u00e4t akanoista, ja l\u00f6yt\u00e4\u00e4 keinoja, joilla 100-vuotias Suomi on kansakuntien joukossa jatkossakin menestystarina vailla vertaa.<\/p>\n<p>Riihess\u00e4 oli normaaliin tapaan l\u00e4mmint\u00e4. Vaikka t\u00e4m\u00e4nkertainen kokouspaikkamme, p\u00e4\u00e4ministerin virka-asunto, ei ihan torppa olekaan, on se silti aika pieni kokoustila hallitukselle taustajoukkoineen. L\u00e4mp\u00f6\u00e4 antoi my\u00f6s parantunut taloustilanne. Olemme kiistatta nousseet taantumasta. Yh\u00e4 useampi p\u00e4\u00e4see t\u00f6ihin, mist\u00e4 olen erityisen iloinen.<\/p>\n<p>Toisaalta on ilmiselv\u00e4\u00e4, ett\u00e4 el\u00e4mme yli varojemme, eik\u00e4 t\u00e4m\u00e4 ole loppumassa. Julkisen talouden kest\u00e4vyysvaje ei riipu suhdanteista, vaan kuvaa sit\u00e4, ett\u00e4 kansakuntana el\u00e4mme yli varojemme. Siksi oli t\u00e4rke\u00e4\u00e4 pit\u00e4\u00e4 kiinni hallituksen aikaisemmista p\u00e4\u00e4t\u00f6ksist\u00e4 julkisen talouden tasapainottamiseksi. Uudet satsaukset tehtiin hallituksen aloittaessa sovittujen talouslinjausten puitteissa.<\/p>\n<p>Kaiken kaikkiaan olen tyytyv\u00e4inen puoliv\u00e4litarkastelun tuloksiin. Tutkimukseen ja osaamiseen k\u00e4ytett\u00e4vi\u00e4 rahoja lis\u00e4t\u00e4\u00e4n, p\u00e4iv\u00e4hoitomaksuja alennetaan ja asumistuen kasvua hillit\u00e4\u00e4n. Satsaamme my\u00f6s turvallisuuteen. Riihen p\u00e4\u00e4t\u00f6kset eiv\u00e4t viel\u00e4 riit\u00e4 ratkaisemaan Suomen matalan ty\u00f6llisyyden ja velkaantuvan talouden ongelmia, mutta eteenp\u00e4in p\u00e4\u00e4stiin taas jonkun verran. P\u00e4\u00e4t\u00f6sten arvioitu ty\u00f6llisyysvaikutus on kuitenkin tuhansia ty\u00f6llisi\u00e4.<\/p>\n<p>Olen my\u00f6s iloinen, ett\u00e4 osana hallituksen biotalousagendaa suuntasimme Metso-ohjelman laajentamiseen lis\u00e4panostuksen. Viesti kaikilta mets\u00e4alan toimijoilta on ollut selv\u00e4. Aikana, jolloin metsiemme k\u00e4ytt\u00f6 biotaloudessa kasvaa, on entist\u00e4 t\u00e4rke\u00e4mp\u00e4\u00e4 huolehtia vanhoista metsist\u00e4 ja luonnon monimuotoisuudesta.<\/p>\n<p>Suomalaismetsien luontoarvoja turvataan monin keinoin. Mets\u00e4ala on itse kiitett\u00e4v\u00e4sti lis\u00e4nnyt ponnisteluitaan metsien monimuotoisuuden hyv\u00e4ksi. Nyt my\u00f6s valtio pystyi osallistumaan n\u00e4ihin talkoisiin. Vahvistimme mets\u00e4luonnon monimuotoisuuden suojelua lis\u00e4\u00e4m\u00e4ll\u00e4 viiden miljoonan euron vuosittaisen panostuksen vapaaehtoisen Metso-ohjelman toimeenpanoon. Vuonna 2008 k\u00e4ynnistynyt ohjelma on puoliv\u00e4liss\u00e4 ja takaa mets\u00e4nomistajille hienon mahdollisuuden suojella mets\u00e4\u00e4ns\u00e4 tai toteuttaa luonnonhoitot\u00f6it\u00e4.<\/p>\n<p>Suomi johtaa tiukasti suojeltujen metsien eurooppalaista sarjataulukkoa. Samaan aikaan puuhun perustuva teollisuutemme vastaa 20 prosenttia koko Suomen viennist\u00e4. T\u00e4m\u00e4 tilanne ei anna meille lupaa lev\u00e4t\u00e4 laakereillamme, vaan p\u00e4invastoin velvoittaa meid\u00e4t parantamaan juoksumme niin metsien monimuotoisuuden turvaamisessa kuin metsien talousk\u00e4yt\u00f6ss\u00e4.<\/p>\n<p>Kaikkia viljoja ei tarvitse riihess\u00e4 puida. L\u00f6ysimme yhdess\u00e4 ministeri Tiilikaisen kanssa jo ennen riiht\u00e4 ratkaisuja useimpiin maa- ja mets\u00e4talousministeri\u00f6n esille nostamiin ongelmiin. Turvaamme raatoker\u00e4ily\u00e4 lis\u00e4rahoituksella ja varaamme petovahinkojen korvaamiseen aikaisempaa enemm\u00e4n rahoitusta. Neuvontaan saatiin my\u00f6s pieni lis\u00e4satsaus paikkamaan aikaisempia leikkauksia.<\/p>\n<p>Pieni mutta monelle t\u00e4rke\u00e4 asia on my\u00f6s Tenojoelle rakennettavan lohilaskurin rahoituksen turvaaminen. Nyt saamme Tornion- ja Simojokia vastaavan laskurin my\u00f6s Tenolle ja ikuinen arvailu lohien m\u00e4\u00e4r\u00e4st\u00e4 siirtyy historiaan. T\u00e4m\u00e4 satsaus tukee hyvin puoliv\u00e4liriihess\u00e4 sovittua panostusta luontomatkailun edist\u00e4miseen.<\/p>\n<p>Maailma ei tule valmiiksi t\u00e4m\u00e4nk\u00e4\u00e4n julkisen talouden suunnitelman tai puoliv\u00e4litarkastelun my\u00f6t\u00e4. Teimme liudan hyvi\u00e4 p\u00e4\u00e4t\u00f6ksi\u00e4, mutta kenenk\u00e4\u00e4n ei pid\u00e4 ajatella, ett\u00e4 t\u00e4m\u00e4n riihen sadolla p\u00e4rj\u00e4tt\u00e4isiin pitk\u00e4\u00e4n. T\u00e4ytyy katsoa jo eteenp\u00e4in seuraavaan satokauteen.<\/p>\n<p>Petteri Orpo<\/p>\n<p><em>Kolumni on julkaistu Maaseudun Tulevaisuudessa 10.5.2017.<\/em><\/p>\n<\/div>","protected":false},"excerpt":{"rendered":"<p>Valtiontaloudessa t\u00f6rm\u00e4\u00e4 yhten\u00e4\u00e4n varsin agraarisiin termeihin. Oma suosikkini on jokasyksyinen budjettiriihi, ja siit\u00e4 v\u00e4\u00e4nnetty puoliv\u00e4liriihi, joka pidettiin pari viikkoa sitten. Riihess\u00e4 tavoitteena oli erottaa jyv\u00e4t akanoista, ja l\u00f6yt\u00e4\u00e4 keinoja, joilla 100-vuotias Suomi on kansakuntien joukossa jatkossakin menestystarina vailla vertaa. Riihess\u00e4 oli normaaliin tapaan l\u00e4mmint\u00e4. Vaikka t\u00e4m\u00e4nkertainen kokouspaikkamme, p\u00e4\u00e4ministerin virka-asunto, ei ihan torppa olekaan, on se [&hellip;]<\/p>","protected":false},"author":1,"featured_media":293,"comment_status":"open","ping_status":"open","sticky":false,"template":"","format":"standard","meta":{"footnotes":""},"categories":[6],"tags":[40,41,42,24,25],"class_list":["post-405","post","type-post","status-publish","format-standard","has-post-thumbnail","hentry","category-blogi","tag-luontomatkailu","tag-metso-ohjelma","tag-puolivaliriihi","tag-talous","tag-tyollisyys"],"yoast_head":"<!-- This site is optimized with the Yoast SEO plugin v26.0 - https:\/\/yoast.com\/wordpress\/plugins\/seo\/ -->\n<title>Riihess\u00e4 jyv\u00e4t eroteltiin akanoista - Petteri Orpo<\/title>\n<meta name=\"robots\" content=\"index, follow, max-snippet:-1, max-image-preview:large, max-video-preview:-1\" \/>\n<link rel=\"canonical\" href=\"https:\/\/www.petteriorpo.fi\/en\/riihessa-jyvat-eroteltiin-akanoista\/\" \/>\n<meta property=\"og:locale\" content=\"en_GB\" \/>\n<meta property=\"og:type\" content=\"article\" \/>\n<meta property=\"og:title\" content=\"Riihess\u00e4 jyv\u00e4t eroteltiin akanoista - Petteri Orpo\" \/>\n<meta property=\"og:description\" content=\"Valtiontaloudessa t\u00f6rm\u00e4\u00e4 yhten\u00e4\u00e4n varsin agraarisiin termeihin. Oma suosikkini on jokasyksyinen budjettiriihi, ja siit\u00e4 v\u00e4\u00e4nnetty puoliv\u00e4liriihi, joka pidettiin pari viikkoa sitten. Riihess\u00e4 tavoitteena oli erottaa jyv\u00e4t akanoista, ja l\u00f6yt\u00e4\u00e4 keinoja, joilla 100-vuotias Suomi on kansakuntien joukossa jatkossakin menestystarina vailla vertaa. Riihess\u00e4 oli normaaliin tapaan l\u00e4mmint\u00e4. Vaikka t\u00e4m\u00e4nkertainen kokouspaikkamme, p\u00e4\u00e4ministerin virka-asunto, ei ihan torppa olekaan, on se [&hellip;]\" \/>\n<meta property=\"og:url\" content=\"https:\/\/www.petteriorpo.fi\/en\/riihessa-jyvat-eroteltiin-akanoista\/\" \/>\n<meta property=\"og:site_name\" content=\"Petteri Orpo\" \/>\n<meta property=\"article:published_time\" content=\"2017-05-15T12:35:07+00:00\" \/>\n<meta property=\"article:modified_time\" content=\"2023-02-16T16:50:47+00:00\" \/>\n<meta property=\"og:image\" content=\"https:\/\/www.petteriorpo.fi\/wp-content\/uploads\/2016\/11\/Petteri_fb.jpg\" \/>\n\t<meta property=\"og:image:width\" content=\"1219\" \/>\n\t<meta property=\"og:image:height\" content=\"630\" \/>\n\t<meta property=\"og:image:type\" content=\"image\/jpeg\" \/>\n<meta name=\"author\" content=\"admin\" \/>\n<meta name=\"twitter:card\" content=\"summary_large_image\" \/>\n<meta name=\"twitter:label1\" content=\"Written by\" \/>\n\t<meta name=\"twitter:data1\" content=\"admin\" \/>\n\t<meta name=\"twitter:label2\" content=\"Estimated reading time\" \/>\n\t<meta name=\"twitter:data2\" content=\"3 minutes\" \/>\n<script type=\"application\/ld+json\" class=\"yoast-schema-graph\">{\"@context\":\"https:\/\/schema.org\",\"@graph\":[{\"@type\":\"Article\",\"@id\":\"https:\/\/www.petteriorpo.fi\/riihessa-jyvat-eroteltiin-akanoista\/#article\",\"isPartOf\":{\"@id\":\"https:\/\/www.petteriorpo.fi\/riihessa-jyvat-eroteltiin-akanoista\/\"},\"author\":{\"name\":\"admin\",\"@id\":\"https:\/\/www.petteriorpo.fi\/#\/schema\/person\/269837cd998a58c819bee3941bc2d2b9\"},\"headline\":\"Riihess\u00e4 jyv\u00e4t eroteltiin akanoista\",\"datePublished\":\"2017-05-15T12:35:07+00:00\",\"dateModified\":\"2023-02-16T16:50:47+00:00\",\"mainEntityOfPage\":{\"@id\":\"https:\/\/www.petteriorpo.fi\/riihessa-jyvat-eroteltiin-akanoista\/\"},\"wordCount\":510,\"commentCount\":0,\"publisher\":{\"@id\":\"https:\/\/www.petteriorpo.fi\/#organization\"},\"image\":{\"@id\":\"https:\/\/www.petteriorpo.fi\/riihessa-jyvat-eroteltiin-akanoista\/#primaryimage\"},\"thumbnailUrl\":\"https:\/\/www.petteriorpo.fi\/wp-content\/uploads\/2016\/11\/Petteri_fb.jpg\",\"keywords\":[\"luontomatkailu\",\"metso-ohjelma\",\"puoliv\u00e4liriihi\",\"talous\",\"ty\u00f6llisyys\"],\"articleSection\":[\"Blogi\"],\"inLanguage\":\"en-GB\",\"potentialAction\":[{\"@type\":\"CommentAction\",\"name\":\"Comment\",\"target\":[\"https:\/\/www.petteriorpo.fi\/riihessa-jyvat-eroteltiin-akanoista\/#respond\"]}]},{\"@type\":\"WebPage\",\"@id\":\"https:\/\/www.petteriorpo.fi\/riihessa-jyvat-eroteltiin-akanoista\/\",\"url\":\"https:\/\/www.petteriorpo.fi\/riihessa-jyvat-eroteltiin-akanoista\/\",\"name\":\"Riihess\u00e4 jyv\u00e4t eroteltiin akanoista - Petteri Orpo\",\"isPartOf\":{\"@id\":\"https:\/\/www.petteriorpo.fi\/#website\"},\"primaryImageOfPage\":{\"@id\":\"https:\/\/www.petteriorpo.fi\/riihessa-jyvat-eroteltiin-akanoista\/#primaryimage\"},\"image\":{\"@id\":\"https:\/\/www.petteriorpo.fi\/riihessa-jyvat-eroteltiin-akanoista\/#primaryimage\"},\"thumbnailUrl\":\"https:\/\/www.petteriorpo.fi\/wp-content\/uploads\/2016\/11\/Petteri_fb.jpg\",\"datePublished\":\"2017-05-15T12:35:07+00:00\",\"dateModified\":\"2023-02-16T16:50:47+00:00\",\"breadcrumb\":{\"@id\":\"https:\/\/www.petteriorpo.fi\/riihessa-jyvat-eroteltiin-akanoista\/#breadcrumb\"},\"inLanguage\":\"en-GB\",\"potentialAction\":[{\"@type\":\"ReadAction\",\"target\":[\"https:\/\/www.petteriorpo.fi\/riihessa-jyvat-eroteltiin-akanoista\/\"]}]},{\"@type\":\"ImageObject\",\"inLanguage\":\"en-GB\",\"@id\":\"https:\/\/www.petteriorpo.fi\/riihessa-jyvat-eroteltiin-akanoista\/#primaryimage\",\"url\":\"https:\/\/www.petteriorpo.fi\/wp-content\/uploads\/2016\/11\/Petteri_fb.jpg\",\"contentUrl\":\"https:\/\/www.petteriorpo.fi\/wp-content\/uploads\/2016\/11\/Petteri_fb.jpg\",\"width\":1219,\"height\":630},{\"@type\":\"BreadcrumbList\",\"@id\":\"https:\/\/www.petteriorpo.fi\/riihessa-jyvat-eroteltiin-akanoista\/#breadcrumb\",\"itemListElement\":[{\"@type\":\"ListItem\",\"position\":1,\"name\":\"Etusivu\",\"item\":\"https:\/\/www.petteriorpo.fi\/\"},{\"@type\":\"ListItem\",\"position\":2,\"name\":\"Riihess\u00e4 jyv\u00e4t eroteltiin akanoista\"}]},{\"@type\":\"WebSite\",\"@id\":\"https:\/\/www.petteriorpo.fi\/#website\",\"url\":\"https:\/\/www.petteriorpo.fi\/\",\"name\":\"Petteri Orpo\",\"description\":\"Yhdess&auml; tehden eteenp&auml;in\",\"publisher\":{\"@id\":\"https:\/\/www.petteriorpo.fi\/#organization\"},\"potentialAction\":[{\"@type\":\"SearchAction\",\"target\":{\"@type\":\"EntryPoint\",\"urlTemplate\":\"https:\/\/www.petteriorpo.fi\/?s={search_term_string}\"},\"query-input\":{\"@type\":\"PropertyValueSpecification\",\"valueRequired\":true,\"valueName\":\"search_term_string\"}}],\"inLanguage\":\"en-GB\"},{\"@type\":\"Organization\",\"@id\":\"https:\/\/www.petteriorpo.fi\/#organization\",\"name\":\"Petteri Orpo\",\"url\":\"https:\/\/www.petteriorpo.fi\/\",\"logo\":{\"@type\":\"ImageObject\",\"inLanguage\":\"en-GB\",\"@id\":\"https:\/\/www.petteriorpo.fi\/#\/schema\/logo\/image\/\",\"url\":\"https:\/\/www.petteriorpo.fi\/wp-content\/uploads\/2022\/08\/logo_orpo.png\",\"contentUrl\":\"https:\/\/www.petteriorpo.fi\/wp-content\/uploads\/2022\/08\/logo_orpo.png\",\"width\":114,\"height\":120,\"caption\":\"Petteri Orpo\"},\"image\":{\"@id\":\"https:\/\/www.petteriorpo.fi\/#\/schema\/logo\/image\/\"}},{\"@type\":\"Person\",\"@id\":\"https:\/\/www.petteriorpo.fi\/#\/schema\/person\/269837cd998a58c819bee3941bc2d2b9\",\"name\":\"admin\",\"image\":{\"@type\":\"ImageObject\",\"inLanguage\":\"en-GB\",\"@id\":\"https:\/\/www.petteriorpo.fi\/#\/schema\/person\/image\/\",\"url\":\"https:\/\/secure.gravatar.com\/avatar\/e3534ba089e9f56595220762a1371e56?s=96&d=mm&r=g\",\"contentUrl\":\"https:\/\/secure.gravatar.com\/avatar\/e3534ba089e9f56595220762a1371e56?s=96&d=mm&r=g\",\"caption\":\"admin\"},\"sameAs\":[\"https:\/\/www.petteriorpo.fi\"],\"url\":\"https:\/\/www.petteriorpo.fi\/en\/author\/admin\/\"}]}<\/script>\n<!-- \/ Yoast SEO plugin. -->","yoast_head_json":{"title":"Riihess\u00e4 jyv\u00e4t eroteltiin akanoista - Petteri Orpo","robots":{"index":"index","follow":"follow","max-snippet":"max-snippet:-1","max-image-preview":"max-image-preview:large","max-video-preview":"max-video-preview:-1"},"canonical":"https:\/\/www.petteriorpo.fi\/en\/riihessa-jyvat-eroteltiin-akanoista\/","og_locale":"en_GB","og_type":"article","og_title":"Riihess\u00e4 jyv\u00e4t eroteltiin akanoista - Petteri Orpo","og_description":"Valtiontaloudessa t\u00f6rm\u00e4\u00e4 yhten\u00e4\u00e4n varsin agraarisiin termeihin. Oma suosikkini on jokasyksyinen budjettiriihi, ja siit\u00e4 v\u00e4\u00e4nnetty puoliv\u00e4liriihi, joka pidettiin pari viikkoa sitten. Riihess\u00e4 tavoitteena oli erottaa jyv\u00e4t akanoista, ja l\u00f6yt\u00e4\u00e4 keinoja, joilla 100-vuotias Suomi on kansakuntien joukossa jatkossakin menestystarina vailla vertaa. Riihess\u00e4 oli normaaliin tapaan l\u00e4mmint\u00e4. Vaikka t\u00e4m\u00e4nkertainen kokouspaikkamme, p\u00e4\u00e4ministerin virka-asunto, ei ihan torppa olekaan, on se [&hellip;]","og_url":"https:\/\/www.petteriorpo.fi\/en\/riihessa-jyvat-eroteltiin-akanoista\/","og_site_name":"Petteri Orpo","article_published_time":"2017-05-15T12:35:07+00:00","article_modified_time":"2023-02-16T16:50:47+00:00","og_image":[{"width":1219,"height":630,"url":"https:\/\/www.petteriorpo.fi\/wp-content\/uploads\/2016\/11\/Petteri_fb.jpg","type":"image\/jpeg"}],"author":"admin","twitter_card":"summary_large_image","twitter_misc":{"Written by":"admin","Estimated reading time":"3 minutes"},"schema":{"@context":"https:\/\/schema.org","@graph":[{"@type":"Article","@id":"https:\/\/www.petteriorpo.fi\/riihessa-jyvat-eroteltiin-akanoista\/#article","isPartOf":{"@id":"https:\/\/www.petteriorpo.fi\/riihessa-jyvat-eroteltiin-akanoista\/"},"author":{"name":"admin","@id":"https:\/\/www.petteriorpo.fi\/#\/schema\/person\/269837cd998a58c819bee3941bc2d2b9"},"headline":"Riihess\u00e4 jyv\u00e4t eroteltiin akanoista","datePublished":"2017-05-15T12:35:07+00:00","dateModified":"2023-02-16T16:50:47+00:00","mainEntityOfPage":{"@id":"https:\/\/www.petteriorpo.fi\/riihessa-jyvat-eroteltiin-akanoista\/"},"wordCount":510,"commentCount":0,"publisher":{"@id":"https:\/\/www.petteriorpo.fi\/#organization"},"image":{"@id":"https:\/\/www.petteriorpo.fi\/riihessa-jyvat-eroteltiin-akanoista\/#primaryimage"},"thumbnailUrl":"https:\/\/www.petteriorpo.fi\/wp-content\/uploads\/2016\/11\/Petteri_fb.jpg","keywords":["luontomatkailu","metso-ohjelma","puoliv\u00e4liriihi","talous","ty\u00f6llisyys"],"articleSection":["Blogi"],"inLanguage":"en-GB","potentialAction":[{"@type":"CommentAction","name":"Comment","target":["https:\/\/www.petteriorpo.fi\/riihessa-jyvat-eroteltiin-akanoista\/#respond"]}]},{"@type":"WebPage","@id":"https:\/\/www.petteriorpo.fi\/riihessa-jyvat-eroteltiin-akanoista\/","url":"https:\/\/www.petteriorpo.fi\/riihessa-jyvat-eroteltiin-akanoista\/","name":"Riihess\u00e4 jyv\u00e4t eroteltiin akanoista - Petteri Orpo","isPartOf":{"@id":"https:\/\/www.petteriorpo.fi\/#website"},"primaryImageOfPage":{"@id":"https:\/\/www.petteriorpo.fi\/riihessa-jyvat-eroteltiin-akanoista\/#primaryimage"},"image":{"@id":"https:\/\/www.petteriorpo.fi\/riihessa-jyvat-eroteltiin-akanoista\/#primaryimage"},"thumbnailUrl":"https:\/\/www.petteriorpo.fi\/wp-content\/uploads\/2016\/11\/Petteri_fb.jpg","datePublished":"2017-05-15T12:35:07+00:00","dateModified":"2023-02-16T16:50:47+00:00","breadcrumb":{"@id":"https:\/\/www.petteriorpo.fi\/riihessa-jyvat-eroteltiin-akanoista\/#breadcrumb"},"inLanguage":"en-GB","potentialAction":[{"@type":"ReadAction","target":["https:\/\/www.petteriorpo.fi\/riihessa-jyvat-eroteltiin-akanoista\/"]}]},{"@type":"ImageObject","inLanguage":"en-GB","@id":"https:\/\/www.petteriorpo.fi\/riihessa-jyvat-eroteltiin-akanoista\/#primaryimage","url":"https:\/\/www.petteriorpo.fi\/wp-content\/uploads\/2016\/11\/Petteri_fb.jpg","contentUrl":"https:\/\/www.petteriorpo.fi\/wp-content\/uploads\/2016\/11\/Petteri_fb.jpg","width":1219,"height":630},{"@type":"BreadcrumbList","@id":"https:\/\/www.petteriorpo.fi\/riihessa-jyvat-eroteltiin-akanoista\/#breadcrumb","itemListElement":[{"@type":"ListItem","position":1,"name":"Etusivu","item":"https:\/\/www.petteriorpo.fi\/"},{"@type":"ListItem","position":2,"name":"Riihess\u00e4 jyv\u00e4t eroteltiin akanoista"}]},{"@type":"WebSite","@id":"https:\/\/www.petteriorpo.fi\/#website","url":"https:\/\/www.petteriorpo.fi\/","name":"Petteri Orpo","description":"Yhdess&auml; tehden eteenp&auml;in","publisher":{"@id":"https:\/\/www.petteriorpo.fi\/#organization"},"potentialAction":[{"@type":"SearchAction","target":{"@type":"EntryPoint","urlTemplate":"https:\/\/www.petteriorpo.fi\/?s={search_term_string}"},"query-input":{"@type":"PropertyValueSpecification","valueRequired":true,"valueName":"search_term_string"}}],"inLanguage":"en-GB"},{"@type":"Organization","@id":"https:\/\/www.petteriorpo.fi\/#organization","name":"Petteri Orpo","url":"https:\/\/www.petteriorpo.fi\/","logo":{"@type":"ImageObject","inLanguage":"en-GB","@id":"https:\/\/www.petteriorpo.fi\/#\/schema\/logo\/image\/","url":"https:\/\/www.petteriorpo.fi\/wp-content\/uploads\/2022\/08\/logo_orpo.png","contentUrl":"https:\/\/www.petteriorpo.fi\/wp-content\/uploads\/2022\/08\/logo_orpo.png","width":114,"height":120,"caption":"Petteri Orpo"},"image":{"@id":"https:\/\/www.petteriorpo.fi\/#\/schema\/logo\/image\/"}},{"@type":"Person","@id":"https:\/\/www.petteriorpo.fi\/#\/schema\/person\/269837cd998a58c819bee3941bc2d2b9","name":"admin","image":{"@type":"ImageObject","inLanguage":"en-GB","@id":"https:\/\/www.petteriorpo.fi\/#\/schema\/person\/image\/","url":"https:\/\/secure.gravatar.com\/avatar\/e3534ba089e9f56595220762a1371e56?s=96&d=mm&r=g","contentUrl":"https:\/\/secure.gravatar.com\/avatar\/e3534ba089e9f56595220762a1371e56?s=96&d=mm&r=g","caption":"admin"},"sameAs":["https:\/\/www.petteriorpo.fi"],"url":"https:\/\/www.petteriorpo.fi\/en\/author\/admin\/"}]}},"_links":{"self":[{"href":"https:\/\/www.petteriorpo.fi\/en\/wp-json\/wp\/v2\/posts\/405","targetHints":{"allow":["GET"]}}],"collection":[{"href":"https:\/\/www.petteriorpo.fi\/en\/wp-json\/wp\/v2\/posts"}],"about":[{"href":"https:\/\/www.petteriorpo.fi\/en\/wp-json\/wp\/v2\/types\/post"}],"author":[{"embeddable":true,"href":"https:\/\/www.petteriorpo.fi\/en\/wp-json\/wp\/v2\/users\/1"}],"replies":[{"embeddable":true,"href":"https:\/\/www.petteriorpo.fi\/en\/wp-json\/wp\/v2\/comments?post=405"}],"version-history":[{"count":1,"href":"https:\/\/www.petteriorpo.fi\/en\/wp-json\/wp\/v2\/posts\/405\/revisions"}],"predecessor-version":[{"id":1084,"href":"https:\/\/www.petteriorpo.fi\/en\/wp-json\/wp\/v2\/posts\/405\/revisions\/1084"}],"wp:featuredmedia":[{"embeddable":true,"href":"https:\/\/www.petteriorpo.fi\/en\/wp-json\/wp\/v2\/media\/293"}],"wp:attachment":[{"href":"https:\/\/www.petteriorpo.fi\/en\/wp-json\/wp\/v2\/media?parent=405"}],"wp:term":[{"taxonomy":"category","embeddable":true,"href":"https:\/\/www.petteriorpo.fi\/en\/wp-json\/wp\/v2\/categories?post=405"},{"taxonomy":"post_tag","embeddable":true,"href":"https:\/\/www.petteriorpo.fi\/en\/wp-json\/wp\/v2\/tags?post=405"}],"curies":[{"name":"wp","href":"https:\/\/api.w.org\/{rel}","templated":true}]}}