{"id":1215,"date":"2023-03-04T21:01:49","date_gmt":"2023-03-04T19:01:49","guid":{"rendered":"https:\/\/www.petteriorpo.fi\/?p=1014"},"modified":"2023-03-04T21:01:49","modified_gmt":"2023-03-04T19:01:49","slug":"suomi-suojaa-rajansa","status":"publish","type":"post","link":"https:\/\/www.petteriorpo.fi\/en\/suomi-suojaa-rajansa\/","title":{"rendered":"Suomi suojaa rajansa"},"content":{"rendered":"<p>(Julkaistu Maaseudun Tulevaisuudessa 6.7.2022)<\/p>\n<h2>Kulunut kev\u00e4t on osoittanut, ett\u00e4 Suomi voi saada suuria ja t\u00e4rkeit\u00e4 p\u00e4\u00e4t\u00f6ksi\u00e4 aikaan, kun yhteisymm\u00e4rryst\u00e4 haetaan yli hallitus-oppositiorajojen.<\/h2>\n<p class=\"RichTextParagraph_richTextParagraph__c8kuj undefined\">Kansainv\u00e4lisen turvallisuuden mannerlaatat ovat v\u00e4r\u00e4hdelleet vuosien ajan. Nyt v\u00e4r\u00e4htely on muuttunut j\u00e4rin\u00e4ksi.<\/p>\n<p class=\"RichTextParagraph_richTextParagraph__c8kuj undefined\">Suomessa olemme onneksi jo ennen Ven\u00e4j\u00e4n hy\u00f6kk\u00e4yst\u00e4 varautuneet useisiin erilaisiin uhkiin. Puolustuskyvyn ja huoltovarmuuden rinnalle t\u00e4rke\u00e4ksi tekij\u00e4ksi on noussut varautuminen ei-sotilaallisiin hybridiuhkiin.<\/p>\n<p class=\"RichTextParagraph_richTextParagraph__c8kuj undefined\">Viime vaalikaudella s\u00e4\u00e4detyt tiedustelulait, aluevalvontalaki sek\u00e4 ulkomaalaisten maanhankinnan rajoittamista koskevat lait ovat hyvi\u00e4 esimerkkej\u00e4 siit\u00e4, miten turvallisuutta edistet\u00e4\u00e4n oikeusvaltion periaatteita noudattaen.<\/p>\n<p class=\"RichTextParagraph_richTextParagraph__c8kuj undefined\">Nyt keskeisimm\u00e4t lait ovat eduskunnan k\u00e4sittelyss\u00e4 olevat valmiuslaki ja rajavartiolaki.<\/p>\n<p>&nbsp;<\/p>\n<p class=\"RichTextParagraph_richTextParagraph__c8kuj undefined\">Lains\u00e4\u00e4d\u00e4nt\u00f6\u00f6n ei saa j\u00e4\u00e4d\u00e4 aukkoja, joita vihamielinen toimija voisi hy\u00f6dynt\u00e4\u00e4 Suomea vahingoittaakseen.<\/p>\n<p class=\"RichTextParagraph_richTextParagraph__c8kuj undefined\">N\u00e4imme viime syksyn\u00e4, miten Valko-Ven\u00e4j\u00e4 toimi Puolan ja Liettuan rajalla pyrkiess\u00e4\u00e4n ty\u00f6nt\u00e4m\u00e4\u00e4n turvapaikanhakijoita EU:n alueelle.<\/p>\n<p class=\"RichTextParagraph_richTextParagraph__c8kuj undefined\">Ydinkysymyksen\u00e4 rajaturvallisuuden parantamisessa on siksi nyt mahdollisuus sulkea it\u00e4raja ja keskeytt\u00e4\u00e4 turvapaikkahakemusten vastaanotto hybridihy\u00f6kk\u00e4ystilanteessa.<\/p>\n<p class=\"RichTextParagraph_richTextParagraph__c8kuj undefined\">Sis\u00e4ministerin\u00e4 toimiessani elokuussa 2015 Suomen ja Ruotsin rajalle Tornioon alkoi ilmesty\u00e4 runsaasti turvapaikanhakijoita. Ensimm\u00e4isen\u00e4 p\u00e4iv\u00e4n\u00e4 heit\u00e4 saapui 500, seuraavana toiset 500.<\/p>\n<div class=\"AdItem_container__Zo9D0 undefined rs_skip AdItem_articleAd__yGRtE\"><\/div>\n<p class=\"RichTextParagraph_richTextParagraph__c8kuj undefined\">Esitin silloin Rajavartiolaitokselle kysymyksen \u2013 \u201donko siell\u00e4 puomia?\u201d Virkavastuulla annettu vastaus oli yksiselitteinen \u2013 \u201dSellaista k\u00e4sky\u00e4 ei voi virkamies antaa, saati noudattaa\u201d.<\/p>\n<p class=\"RichTextParagraph_richTextParagraph__c8kuj undefined\">Suomen laki ei antanut siihen mahdollisuutta. Ja Suomessa kaikki viranomaistoiminta perustuu lakiin.<\/p>\n<p class=\"RichTextParagraph_richTextParagraph__c8kuj undefined\">Vaikka vuoden 2015 poikkeuksellisessa pakolaisaallossa ei ollut kyse v\u00e4lineellistetyst\u00e4 maahantulosta, oli tilanne it\u00e4rajalla muutamaa kuukautta my\u00f6hemmin erilainen.<\/p>\n<p class=\"RichTextParagraph_richTextParagraph__c8kuj undefined\">Yll\u00e4tt\u00e4en Sallan ja Raja-Joosepin asemille saapui turvapaikanhakijoita paukkupakkasessa polkupy\u00f6rill\u00e4. Kyse oli selke\u00e4sti organisoidusta hybridioperaatiosta.<\/p>\n<div class=\"AdItem_container__Zo9D0 undefined rs_skip AdItem_articleAd__yGRtE\">\n<div id=\"ad-id-\/21771290604\/maaseudun_tulevaisuu\/mt_jattiboksi_3-9708937316265562\" data-ad-unit-id=\"\/21771290604\/maaseudun_tulevaisuu\/mt_jattiboksi_3\"><\/div>\n<\/div>\n<p class=\"RichTextParagraph_richTextParagraph__c8kuj undefined\">Ty\u00f6kalut olivat v\u00e4hiss\u00e4, sill\u00e4 lains\u00e4\u00e4d\u00e4nt\u00f6 ei mahdollistanut it\u00e4rajan sulkemista tai turvapaikkahakemusten vastaanoton keskeytt\u00e4mist\u00e4 v\u00e4liaikaisesti. Tuolloin asia saatiin ratkaistua neuvottelemalla suoraan ven\u00e4l\u00e4isten kanssa.<\/p>\n<p class=\"RichTextParagraph_richTextParagraph__c8kuj undefined\">Paljon on kuitenkin vett\u00e4 virrannut Aurajoessa. Luottamussuhde it\u00e4\u00e4n on k\u00e4rsinyt.<\/p>\n<p class=\"RichTextParagraph_richTextParagraph__c8kuj undefined\">Siksi mahdollisiin v\u00e4lineellistetyn maahantulon tilanteisiin pit\u00e4\u00e4 varautua etupainotteisesti. T\u00e4t\u00e4 kokoomus on ajanut voimakkaasti.<\/p>\n<p class=\"RichTextParagraph_richTextParagraph__c8kuj undefined\">Jatkossa rajaviranomaisilla tulee olla selke\u00e4t toimivaltuudet torjua hybridioperaatio, jossa Suomen rajalle ohjattaisiin siirtolaisvirtoja painostustarkoituksessa kansallista turvallisuutta uhaten.<\/p>\n<p class=\"RichTextParagraph_richTextParagraph__c8kuj undefined\">Oikeustilan selvyydell\u00e4 on lis\u00e4ksi t\u00e4rke\u00e4 ennaltaehk\u00e4isev\u00e4 vaikutus Suomeen mahdollisesti kohdistettavaan hybridivaikuttamiseen.<\/p>\n<p class=\"RichTextParagraph_richTextParagraph__c8kuj undefined\">Eduskunnan enemmist\u00f6 p\u00e4\u00e4tt\u00e4nee torstaina uusista laeista, joilla vahvistetaan Suomen ja suomalaisten turvallisuutta t\u00e4ss\u00e4 uudessa aikakaudessa. Viimeinkin lains\u00e4\u00e4d\u00e4nt\u00f6mme on aidosti ajan tasalla t\u00e4m\u00e4n p\u00e4iv\u00e4n uhkia vastaan.<\/p>\n<p class=\"RichTextParagraph_richTextParagraph__c8kuj undefined\">\u201dTurvallisempi Suomi\u201d kuvaa monin tavoin tuntojani t\u00e4m\u00e4n kev\u00e4tistuntokauden tullessa p\u00e4\u00e4t\u00f6kseens\u00e4.<\/p>\n<p class=\"RichTextParagraph_richTextParagraph__c8kuj undefined\">Valmiuslain ja rajalain uudistamisessa, puolustuskyvyn vahvistamisessa sek\u00e4 Nato-prosessissa on tarvittu kaikkien puolueiden yhteisty\u00f6t\u00e4.<\/p>\n<p class=\"RichTextParagraph_richTextParagraph__c8kuj undefined\">Kulunut kev\u00e4t on osoittanut, ett\u00e4 Suomi voi saada suuria ja t\u00e4rkeit\u00e4 p\u00e4\u00e4t\u00f6ksi\u00e4 aikaan, kun yhteisymm\u00e4rryst\u00e4 haetaan yli hallitus-oppositiorajojen.<\/p>\n<p class=\"RichTextParagraph_richTextParagraph__c8kuj undefined\">T\u00e4st\u00e4 on hyv\u00e4 l\u00e4hte\u00e4 kes\u00e4n viettoon Kainuun m\u00f6kille.<\/p>\n<p class=\"RichTextParagraph_richTextParagraph__c8kuj undefined\"><em id=\"emphasis-664de07f73c8edcdf464d84ec834a219\">Kirjoittaja on kokoomuksen puheenjohtaja ja kansanedustaja.<\/em><\/p>","protected":false},"excerpt":{"rendered":"<p>(Julkaistu Maaseudun Tulevaisuudessa 6.7.2022) Kulunut kev\u00e4t on osoittanut, ett\u00e4 Suomi voi saada suuria ja t\u00e4rkeit\u00e4 p\u00e4\u00e4t\u00f6ksi\u00e4 aikaan, kun yhteisymm\u00e4rryst\u00e4 haetaan yli hallitus-oppositiorajojen. Kansainv\u00e4lisen turvallisuuden mannerlaatat ovat v\u00e4r\u00e4hdelleet vuosien ajan. Nyt v\u00e4r\u00e4htely on muuttunut j\u00e4rin\u00e4ksi. Suomessa olemme onneksi jo ennen Ven\u00e4j\u00e4n hy\u00f6kk\u00e4yst\u00e4 varautuneet useisiin erilaisiin uhkiin. Puolustuskyvyn ja huoltovarmuuden rinnalle t\u00e4rke\u00e4ksi tekij\u00e4ksi on noussut varautuminen ei-sotilaallisiin [&hellip;]<\/p>","protected":false},"author":6,"featured_media":1221,"comment_status":"open","ping_status":"open","sticky":false,"template":"","format":"standard","meta":{"footnotes":""},"categories":[6],"tags":[342,343,344,345,346],"class_list":["post-1215","post","type-post","status-publish","format-standard","has-post-thumbnail","hentry","category-blogi","tag-342","tag-hybridivaikuttaminen","tag-itaraja","tag-maahantulo","tag-rajaturvallisuus"],"yoast_head":"<!-- This site is optimized with the Yoast SEO plugin v26.0 - https:\/\/yoast.com\/wordpress\/plugins\/seo\/ -->\n<title>Suomi suojaa rajansa - Petteri Orpo<\/title>\n<meta name=\"robots\" content=\"index, follow, max-snippet:-1, max-image-preview:large, max-video-preview:-1\" \/>\n<link rel=\"canonical\" href=\"https:\/\/www.petteriorpo.fi\/en\/suomi-suojaa-rajansa\/\" \/>\n<meta property=\"og:locale\" content=\"en_GB\" \/>\n<meta property=\"og:type\" content=\"article\" \/>\n<meta property=\"og:title\" content=\"Suomi suojaa rajansa - Petteri Orpo\" \/>\n<meta property=\"og:description\" content=\"(Julkaistu Maaseudun Tulevaisuudessa 6.7.2022) Kulunut kev\u00e4t on osoittanut, ett\u00e4 Suomi voi saada suuria ja t\u00e4rkeit\u00e4 p\u00e4\u00e4t\u00f6ksi\u00e4 aikaan, kun yhteisymm\u00e4rryst\u00e4 haetaan yli hallitus-oppositiorajojen. Kansainv\u00e4lisen turvallisuuden mannerlaatat ovat v\u00e4r\u00e4hdelleet vuosien ajan. Nyt v\u00e4r\u00e4htely on muuttunut j\u00e4rin\u00e4ksi. Suomessa olemme onneksi jo ennen Ven\u00e4j\u00e4n hy\u00f6kk\u00e4yst\u00e4 varautuneet useisiin erilaisiin uhkiin. Puolustuskyvyn ja huoltovarmuuden rinnalle t\u00e4rke\u00e4ksi tekij\u00e4ksi on noussut varautuminen ei-sotilaallisiin [&hellip;]\" \/>\n<meta property=\"og:url\" content=\"https:\/\/www.petteriorpo.fi\/en\/suomi-suojaa-rajansa\/\" \/>\n<meta property=\"og:site_name\" content=\"Petteri Orpo\" \/>\n<meta property=\"article:published_time\" content=\"2023-03-04T19:01:49+00:00\" \/>\n<meta property=\"og:image\" content=\"https:\/\/www.petteriorpo.fi\/wp-content\/uploads\/2023\/03\/IMG_20210514_141456-scaled-1.jpg\" \/>\n\t<meta property=\"og:image:width\" content=\"2048\" \/>\n\t<meta property=\"og:image:height\" content=\"1536\" \/>\n\t<meta property=\"og:image:type\" content=\"image\/jpeg\" \/>\n<meta name=\"author\" content=\"Pasi Nyk\u00e4nen\" \/>\n<meta name=\"twitter:card\" content=\"summary_large_image\" \/>\n<meta name=\"twitter:label1\" content=\"Written by\" \/>\n\t<meta name=\"twitter:data1\" content=\"Pasi Nyk\u00e4nen\" \/>\n\t<meta name=\"twitter:label2\" content=\"Estimated reading time\" \/>\n\t<meta name=\"twitter:data2\" content=\"2 minutes\" \/>\n<script type=\"application\/ld+json\" class=\"yoast-schema-graph\">{\"@context\":\"https:\/\/schema.org\",\"@graph\":[{\"@type\":\"Article\",\"@id\":\"https:\/\/www.petteriorpo.fi\/suomi-suojaa-rajansa\/#article\",\"isPartOf\":{\"@id\":\"https:\/\/www.petteriorpo.fi\/suomi-suojaa-rajansa\/\"},\"author\":{\"name\":\"Pasi Nyk\u00e4nen\",\"@id\":\"https:\/\/www.petteriorpo.fi\/#\/schema\/person\/14bc2c052ba9e9a27152cc1aed5c9e2e\"},\"headline\":\"Suomi suojaa rajansa\",\"datePublished\":\"2023-03-04T19:01:49+00:00\",\"mainEntityOfPage\":{\"@id\":\"https:\/\/www.petteriorpo.fi\/suomi-suojaa-rajansa\/\"},\"wordCount\":456,\"commentCount\":0,\"publisher\":{\"@id\":\"https:\/\/www.petteriorpo.fi\/#organization\"},\"image\":{\"@id\":\"https:\/\/www.petteriorpo.fi\/suomi-suojaa-rajansa\/#primaryimage\"},\"thumbnailUrl\":\"https:\/\/www.petteriorpo.fi\/wp-content\/uploads\/2023\/03\/IMG_20210514_141456-scaled-1.jpg\",\"keywords\":[\"2015\",\"hybridivaikuttaminen\",\"it\u00e4raja\",\"maahantulo\",\"rajaturvallisuus\"],\"articleSection\":[\"Blogi\"],\"inLanguage\":\"en-GB\",\"potentialAction\":[{\"@type\":\"CommentAction\",\"name\":\"Comment\",\"target\":[\"https:\/\/www.petteriorpo.fi\/suomi-suojaa-rajansa\/#respond\"]}]},{\"@type\":\"WebPage\",\"@id\":\"https:\/\/www.petteriorpo.fi\/suomi-suojaa-rajansa\/\",\"url\":\"https:\/\/www.petteriorpo.fi\/suomi-suojaa-rajansa\/\",\"name\":\"Suomi suojaa rajansa - Petteri Orpo\",\"isPartOf\":{\"@id\":\"https:\/\/www.petteriorpo.fi\/#website\"},\"primaryImageOfPage\":{\"@id\":\"https:\/\/www.petteriorpo.fi\/suomi-suojaa-rajansa\/#primaryimage\"},\"image\":{\"@id\":\"https:\/\/www.petteriorpo.fi\/suomi-suojaa-rajansa\/#primaryimage\"},\"thumbnailUrl\":\"https:\/\/www.petteriorpo.fi\/wp-content\/uploads\/2023\/03\/IMG_20210514_141456-scaled-1.jpg\",\"datePublished\":\"2023-03-04T19:01:49+00:00\",\"breadcrumb\":{\"@id\":\"https:\/\/www.petteriorpo.fi\/suomi-suojaa-rajansa\/#breadcrumb\"},\"inLanguage\":\"en-GB\",\"potentialAction\":[{\"@type\":\"ReadAction\",\"target\":[\"https:\/\/www.petteriorpo.fi\/suomi-suojaa-rajansa\/\"]}]},{\"@type\":\"ImageObject\",\"inLanguage\":\"en-GB\",\"@id\":\"https:\/\/www.petteriorpo.fi\/suomi-suojaa-rajansa\/#primaryimage\",\"url\":\"https:\/\/www.petteriorpo.fi\/wp-content\/uploads\/2023\/03\/IMG_20210514_141456-scaled-1.jpg\",\"contentUrl\":\"https:\/\/www.petteriorpo.fi\/wp-content\/uploads\/2023\/03\/IMG_20210514_141456-scaled-1.jpg\",\"width\":2048,\"height\":1536,\"caption\":\"(C) Vartiainen 2022\"},{\"@type\":\"BreadcrumbList\",\"@id\":\"https:\/\/www.petteriorpo.fi\/suomi-suojaa-rajansa\/#breadcrumb\",\"itemListElement\":[{\"@type\":\"ListItem\",\"position\":1,\"name\":\"Etusivu\",\"item\":\"https:\/\/www.petteriorpo.fi\/\"},{\"@type\":\"ListItem\",\"position\":2,\"name\":\"Suomi suojaa rajansa\"}]},{\"@type\":\"WebSite\",\"@id\":\"https:\/\/www.petteriorpo.fi\/#website\",\"url\":\"https:\/\/www.petteriorpo.fi\/\",\"name\":\"Petteri Orpo\",\"description\":\"Yhdess&auml; tehden eteenp&auml;in\",\"publisher\":{\"@id\":\"https:\/\/www.petteriorpo.fi\/#organization\"},\"potentialAction\":[{\"@type\":\"SearchAction\",\"target\":{\"@type\":\"EntryPoint\",\"urlTemplate\":\"https:\/\/www.petteriorpo.fi\/?s={search_term_string}\"},\"query-input\":{\"@type\":\"PropertyValueSpecification\",\"valueRequired\":true,\"valueName\":\"search_term_string\"}}],\"inLanguage\":\"en-GB\"},{\"@type\":\"Organization\",\"@id\":\"https:\/\/www.petteriorpo.fi\/#organization\",\"name\":\"Petteri Orpo\",\"url\":\"https:\/\/www.petteriorpo.fi\/\",\"logo\":{\"@type\":\"ImageObject\",\"inLanguage\":\"en-GB\",\"@id\":\"https:\/\/www.petteriorpo.fi\/#\/schema\/logo\/image\/\",\"url\":\"https:\/\/www.petteriorpo.fi\/wp-content\/uploads\/2022\/08\/logo_orpo.png\",\"contentUrl\":\"https:\/\/www.petteriorpo.fi\/wp-content\/uploads\/2022\/08\/logo_orpo.png\",\"width\":114,\"height\":120,\"caption\":\"Petteri Orpo\"},\"image\":{\"@id\":\"https:\/\/www.petteriorpo.fi\/#\/schema\/logo\/image\/\"}},{\"@type\":\"Person\",\"@id\":\"https:\/\/www.petteriorpo.fi\/#\/schema\/person\/14bc2c052ba9e9a27152cc1aed5c9e2e\",\"name\":\"Pasi Nyk\u00e4nen\",\"image\":{\"@type\":\"ImageObject\",\"inLanguage\":\"en-GB\",\"@id\":\"https:\/\/www.petteriorpo.fi\/#\/schema\/person\/image\/\",\"url\":\"https:\/\/secure.gravatar.com\/avatar\/d7e634d9909480059519b6d2dc1c5a09?s=96&d=mm&r=g\",\"contentUrl\":\"https:\/\/secure.gravatar.com\/avatar\/d7e634d9909480059519b6d2dc1c5a09?s=96&d=mm&r=g\",\"caption\":\"Pasi Nyk\u00e4nen\"},\"url\":\"https:\/\/www.petteriorpo.fi\/en\/author\/pasi\/\"}]}<\/script>\n<!-- \/ Yoast SEO plugin. -->","yoast_head_json":{"title":"Suomi suojaa rajansa - Petteri Orpo","robots":{"index":"index","follow":"follow","max-snippet":"max-snippet:-1","max-image-preview":"max-image-preview:large","max-video-preview":"max-video-preview:-1"},"canonical":"https:\/\/www.petteriorpo.fi\/en\/suomi-suojaa-rajansa\/","og_locale":"en_GB","og_type":"article","og_title":"Suomi suojaa rajansa - Petteri Orpo","og_description":"(Julkaistu Maaseudun Tulevaisuudessa 6.7.2022) Kulunut kev\u00e4t on osoittanut, ett\u00e4 Suomi voi saada suuria ja t\u00e4rkeit\u00e4 p\u00e4\u00e4t\u00f6ksi\u00e4 aikaan, kun yhteisymm\u00e4rryst\u00e4 haetaan yli hallitus-oppositiorajojen. Kansainv\u00e4lisen turvallisuuden mannerlaatat ovat v\u00e4r\u00e4hdelleet vuosien ajan. Nyt v\u00e4r\u00e4htely on muuttunut j\u00e4rin\u00e4ksi. Suomessa olemme onneksi jo ennen Ven\u00e4j\u00e4n hy\u00f6kk\u00e4yst\u00e4 varautuneet useisiin erilaisiin uhkiin. Puolustuskyvyn ja huoltovarmuuden rinnalle t\u00e4rke\u00e4ksi tekij\u00e4ksi on noussut varautuminen ei-sotilaallisiin [&hellip;]","og_url":"https:\/\/www.petteriorpo.fi\/en\/suomi-suojaa-rajansa\/","og_site_name":"Petteri Orpo","article_published_time":"2023-03-04T19:01:49+00:00","og_image":[{"width":2048,"height":1536,"url":"https:\/\/www.petteriorpo.fi\/wp-content\/uploads\/2023\/03\/IMG_20210514_141456-scaled-1.jpg","type":"image\/jpeg"}],"author":"Pasi Nyk\u00e4nen","twitter_card":"summary_large_image","twitter_misc":{"Written by":"Pasi Nyk\u00e4nen","Estimated reading time":"2 minutes"},"schema":{"@context":"https:\/\/schema.org","@graph":[{"@type":"Article","@id":"https:\/\/www.petteriorpo.fi\/suomi-suojaa-rajansa\/#article","isPartOf":{"@id":"https:\/\/www.petteriorpo.fi\/suomi-suojaa-rajansa\/"},"author":{"name":"Pasi Nyk\u00e4nen","@id":"https:\/\/www.petteriorpo.fi\/#\/schema\/person\/14bc2c052ba9e9a27152cc1aed5c9e2e"},"headline":"Suomi suojaa rajansa","datePublished":"2023-03-04T19:01:49+00:00","mainEntityOfPage":{"@id":"https:\/\/www.petteriorpo.fi\/suomi-suojaa-rajansa\/"},"wordCount":456,"commentCount":0,"publisher":{"@id":"https:\/\/www.petteriorpo.fi\/#organization"},"image":{"@id":"https:\/\/www.petteriorpo.fi\/suomi-suojaa-rajansa\/#primaryimage"},"thumbnailUrl":"https:\/\/www.petteriorpo.fi\/wp-content\/uploads\/2023\/03\/IMG_20210514_141456-scaled-1.jpg","keywords":["2015","hybridivaikuttaminen","it\u00e4raja","maahantulo","rajaturvallisuus"],"articleSection":["Blogi"],"inLanguage":"en-GB","potentialAction":[{"@type":"CommentAction","name":"Comment","target":["https:\/\/www.petteriorpo.fi\/suomi-suojaa-rajansa\/#respond"]}]},{"@type":"WebPage","@id":"https:\/\/www.petteriorpo.fi\/suomi-suojaa-rajansa\/","url":"https:\/\/www.petteriorpo.fi\/suomi-suojaa-rajansa\/","name":"Suomi suojaa rajansa - Petteri Orpo","isPartOf":{"@id":"https:\/\/www.petteriorpo.fi\/#website"},"primaryImageOfPage":{"@id":"https:\/\/www.petteriorpo.fi\/suomi-suojaa-rajansa\/#primaryimage"},"image":{"@id":"https:\/\/www.petteriorpo.fi\/suomi-suojaa-rajansa\/#primaryimage"},"thumbnailUrl":"https:\/\/www.petteriorpo.fi\/wp-content\/uploads\/2023\/03\/IMG_20210514_141456-scaled-1.jpg","datePublished":"2023-03-04T19:01:49+00:00","breadcrumb":{"@id":"https:\/\/www.petteriorpo.fi\/suomi-suojaa-rajansa\/#breadcrumb"},"inLanguage":"en-GB","potentialAction":[{"@type":"ReadAction","target":["https:\/\/www.petteriorpo.fi\/suomi-suojaa-rajansa\/"]}]},{"@type":"ImageObject","inLanguage":"en-GB","@id":"https:\/\/www.petteriorpo.fi\/suomi-suojaa-rajansa\/#primaryimage","url":"https:\/\/www.petteriorpo.fi\/wp-content\/uploads\/2023\/03\/IMG_20210514_141456-scaled-1.jpg","contentUrl":"https:\/\/www.petteriorpo.fi\/wp-content\/uploads\/2023\/03\/IMG_20210514_141456-scaled-1.jpg","width":2048,"height":1536,"caption":"(C) Vartiainen 2022"},{"@type":"BreadcrumbList","@id":"https:\/\/www.petteriorpo.fi\/suomi-suojaa-rajansa\/#breadcrumb","itemListElement":[{"@type":"ListItem","position":1,"name":"Etusivu","item":"https:\/\/www.petteriorpo.fi\/"},{"@type":"ListItem","position":2,"name":"Suomi suojaa rajansa"}]},{"@type":"WebSite","@id":"https:\/\/www.petteriorpo.fi\/#website","url":"https:\/\/www.petteriorpo.fi\/","name":"Petteri Orpo","description":"Yhdess&auml; tehden eteenp&auml;in","publisher":{"@id":"https:\/\/www.petteriorpo.fi\/#organization"},"potentialAction":[{"@type":"SearchAction","target":{"@type":"EntryPoint","urlTemplate":"https:\/\/www.petteriorpo.fi\/?s={search_term_string}"},"query-input":{"@type":"PropertyValueSpecification","valueRequired":true,"valueName":"search_term_string"}}],"inLanguage":"en-GB"},{"@type":"Organization","@id":"https:\/\/www.petteriorpo.fi\/#organization","name":"Petteri Orpo","url":"https:\/\/www.petteriorpo.fi\/","logo":{"@type":"ImageObject","inLanguage":"en-GB","@id":"https:\/\/www.petteriorpo.fi\/#\/schema\/logo\/image\/","url":"https:\/\/www.petteriorpo.fi\/wp-content\/uploads\/2022\/08\/logo_orpo.png","contentUrl":"https:\/\/www.petteriorpo.fi\/wp-content\/uploads\/2022\/08\/logo_orpo.png","width":114,"height":120,"caption":"Petteri Orpo"},"image":{"@id":"https:\/\/www.petteriorpo.fi\/#\/schema\/logo\/image\/"}},{"@type":"Person","@id":"https:\/\/www.petteriorpo.fi\/#\/schema\/person\/14bc2c052ba9e9a27152cc1aed5c9e2e","name":"Pasi Nyk\u00e4nen","image":{"@type":"ImageObject","inLanguage":"en-GB","@id":"https:\/\/www.petteriorpo.fi\/#\/schema\/person\/image\/","url":"https:\/\/secure.gravatar.com\/avatar\/d7e634d9909480059519b6d2dc1c5a09?s=96&d=mm&r=g","contentUrl":"https:\/\/secure.gravatar.com\/avatar\/d7e634d9909480059519b6d2dc1c5a09?s=96&d=mm&r=g","caption":"Pasi Nyk\u00e4nen"},"url":"https:\/\/www.petteriorpo.fi\/en\/author\/pasi\/"}]}},"_links":{"self":[{"href":"https:\/\/www.petteriorpo.fi\/en\/wp-json\/wp\/v2\/posts\/1215","targetHints":{"allow":["GET"]}}],"collection":[{"href":"https:\/\/www.petteriorpo.fi\/en\/wp-json\/wp\/v2\/posts"}],"about":[{"href":"https:\/\/www.petteriorpo.fi\/en\/wp-json\/wp\/v2\/types\/post"}],"author":[{"embeddable":true,"href":"https:\/\/www.petteriorpo.fi\/en\/wp-json\/wp\/v2\/users\/6"}],"replies":[{"embeddable":true,"href":"https:\/\/www.petteriorpo.fi\/en\/wp-json\/wp\/v2\/comments?post=1215"}],"version-history":[{"count":0,"href":"https:\/\/www.petteriorpo.fi\/en\/wp-json\/wp\/v2\/posts\/1215\/revisions"}],"wp:featuredmedia":[{"embeddable":true,"href":"https:\/\/www.petteriorpo.fi\/en\/wp-json\/wp\/v2\/media\/1221"}],"wp:attachment":[{"href":"https:\/\/www.petteriorpo.fi\/en\/wp-json\/wp\/v2\/media?parent=1215"}],"wp:term":[{"taxonomy":"category","embeddable":true,"href":"https:\/\/www.petteriorpo.fi\/en\/wp-json\/wp\/v2\/categories?post=1215"},{"taxonomy":"post_tag","embeddable":true,"href":"https:\/\/www.petteriorpo.fi\/en\/wp-json\/wp\/v2\/tags?post=1215"}],"curies":[{"name":"wp","href":"https:\/\/api.w.org\/{rel}","templated":true}]}}