{"id":1213,"date":"2023-03-04T20:53:06","date_gmt":"2023-03-04T18:53:06","guid":{"rendered":"https:\/\/www.petteriorpo.fi\/?p=1007"},"modified":"2023-03-04T20:53:06","modified_gmt":"2023-03-04T18:53:06","slug":"puolueet-nayttavat-viimein-loytavan-lahes-yksimielisen-linjan-nato-jasenyyteen","status":"publish","type":"post","link":"https:\/\/www.petteriorpo.fi\/en\/puolueet-nayttavat-viimein-loytavan-lahes-yksimielisen-linjan-nato-jasenyyteen\/","title":{"rendered":"Puolueet n\u00e4ytt\u00e4v\u00e4t viimein l\u00f6yt\u00e4v\u00e4n l\u00e4hes yksimielisen linjan Nato-j\u00e4senyyteen"},"content":{"rendered":"<p>(Julkaistu Maaseudun Tulevaisuudessa 11.5.2022)<\/p>\n<h2>L\u00e4hes tarkalleen 700 vuotta P\u00e4hkin\u00e4saaren rauhan j\u00e4lkeen Suomen alue on ankkuroitu tukevasti l\u00e4nteen.<\/h2>\n<p class=\"RichTextParagraph_richTextParagraph__c8kuj undefined\">Me suomalaiset el\u00e4mme nyt historiallisia aikoja. Olemme asemoimassa itse\u00e4mme entist\u00e4 voimakkaammin osaksi l\u00e4ntist\u00e4 yhteis\u00f6\u00e4 puolustusliitto Naton j\u00e4senmaaksi. Voisi sanoa: viimeinkin.<\/p>\n<p class=\"RichTextParagraph_richTextParagraph__c8kuj undefined\">T\u00e4m\u00e4 ratkaiseva askel sinet\u00f6i Suomen tien kohti l\u00e4ntt\u00e4. Matka on ollut pitk\u00e4 ja paikoin kivinen, mutta m\u00e4\u00e4r\u00e4tietoinen. Suomi sai ensimm\u00e4isen it\u00e4rajansa osana Ruotsin valtakuntaa P\u00e4hkin\u00e4saaren rauhassa vuonna 1323. Siit\u00e4 satoja vuosia eteenp\u00e4in rajamme on ollut l\u00e4nnen ja id\u00e4n v\u00e4listen konfliktien kyll\u00e4st\u00e4m\u00e4.<\/p>\n<p class=\"RichTextParagraph_richTextParagraph__c8kuj undefined\">Ruotsin menetetty\u00e4 suurvalta-asemansa suuressa Pohjan sodassa 1700-luvun alussa joutui my\u00f6s Suomi Ven\u00e4j\u00e4n miehityksen alle. Isovihan aikana Ven\u00e4j\u00e4n armeija harjoitti t\u00e4\u00e4ll\u00e4 terroria, jonka kaltaista todistamme t\u00e4n\u00e4 p\u00e4iv\u00e4n\u00e4 my\u00f6s Ukrainassa.<\/p>\n<p class=\"RichTextParagraph_richTextParagraph__c8kuj undefined\">Ensimm\u00e4isen maailmansodan kaaoksen py\u00f6rteiss\u00e4 saavutimme itsen\u00e4isyytemme. T\u00e4t\u00e4 itsen\u00e4isyytt\u00e4 isovanhempamme puolustivat talvi- ja jatkosodassa menestyksekk\u00e4\u00e4sti. Suomi selvisi kylm\u00e4st\u00e4 sodasta pragmaattisen puolueettomuuspolitiikan kautta, mutta hy\u00f6dynsimme t\u00e4ll\u00f6inkin kaikki mahdollisuudet liikkua kohti l\u00e4ntt\u00e4.<\/p>\n<div class=\"AdItem_container__Zo9D0 undefined rs_skip AdItem_articleAd__yGRtE\">\n<div class=\"AdItem_adDivider__3fneG AdItem_adDividerBottom__hUfF6\"><\/div>\n<\/div>\n<p class=\"RichTextParagraph_richTextParagraph__c8kuj undefined\">Kokoomus tuki voimakkaasti Suomen EEC-vapaakauppasopimusta 1970-luvulla. Neuvostoliiton hajoamisen j\u00e4lkeen katse oli m\u00e4\u00e4r\u00e4tietoisesti EU-j\u00e4senyydess\u00e4.<\/p>\n<p class=\"RichTextParagraph_richTextParagraph__c8kuj undefined\">30:n viime vuoden aikana Suomi on ollut selke\u00e4sti osa l\u00e4ntt\u00e4 EU:n j\u00e4senen\u00e4 ja syvent\u00e4nyt yhteisty\u00f6t\u00e4 Naton ja l\u00e4ntisten kumppaneiden kanssa olematta kuitenkaan Naton j\u00e4sen.<\/p>\n<p class=\"RichTextParagraph_richTextParagraph__c8kuj undefined\">Samalla j\u00e4lkisuomettuneisuus on el\u00e4nyt paikoin sinisilm\u00e4isen\u00e4 uskona Ven\u00e4j\u00e4n tarkoitusperiin ja kaasuputkihankkeisiin.<\/p>\n<p class=\"RichTextParagraph_richTextParagraph__c8kuj undefined\">Suomen olemassaolon kannalta on \u00e4\u00e4rimm\u00e4isen t\u00e4rke\u00e4\u00e4, ett\u00e4 ankkuroimme itsemme osaksi l\u00e4ntisten demokratioiden liittokuntaa. Ven\u00e4j\u00e4n uhka ei h\u00e4vi\u00e4 l\u00e4hitulevaisuudessa.<\/p>\n<div class=\"AdItem_container__Zo9D0 undefined rs_skip AdItem_articleAd__yGRtE\"><\/div>\n<p class=\"RichTextParagraph_richTextParagraph__c8kuj undefined\">Suomalaiset ymm\u00e4rt\u00e4v\u00e4t t\u00e4m\u00e4n hyvin. Enemmist\u00f6 on sit\u00e4 mielt\u00e4, ett\u00e4 Suomen on liitytt\u00e4v\u00e4 puolustusliitto Naton j\u00e4seneksi. T\u00e4m\u00e4 on my\u00f6s kokoomuksen selke\u00e4 kanta, jota olemme ajaneet jo 16 vuoden ajan.<\/p>\n<p class=\"RichTextParagraph_richTextParagraph__c8kuj undefined\">Kokoomuksen ajamiin p\u00e4\u00e4t\u00f6ksiin lukeutuvat muun muassa Nato-kumppanuus ja Hornetien hankinnat, liittyminen Naton nopean joukon toimintaan, edistetyn kumppanistatuksen saaminen ja is\u00e4nt\u00e4maasopimuksen neuvottelu sek\u00e4 keskin\u00e4isen harjoitusyhteisty\u00f6mme syvent\u00e4minen viime vaalikauden aikana.<\/p>\n<p class=\"RichTextParagraph_richTextParagraph__c8kuj undefined\">Olenkin huojentunut, ett\u00e4 puolueet n\u00e4ytt\u00e4v\u00e4t viimein l\u00f6yt\u00e4v\u00e4n l\u00e4hes yksimielisen linjan asiaan, joskin julkiset p\u00e4\u00e4t\u00f6kset n\u00e4ytt\u00e4v\u00e4t edellytt\u00e4v\u00e4n tiettyj\u00e4, letkajenkkaa muistuttavia koreografioita.<\/p>\n<p class=\"RichTextParagraph_richTextParagraph__c8kuj undefined\">Kaikki tiet\u00e4v\u00e4t, miten my\u00f6s viimeisen\u00e4 jonossa tuleva askeltaa, vaikka liikkeet olisivat hieman j\u00e4ljess\u00e4.<\/p>\n<div class=\"AdItem_container__Zo9D0 undefined rs_skip AdItem_articleAd__yGRtE\">\n<div id=\"ad-id-\/21771290604\/maaseudun_tulevaisuu\/mt_jattiboksi_3-5451520063988973\" data-ad-unit-id=\"\/21771290604\/maaseudun_tulevaisuu\/mt_jattiboksi_3\"><\/div>\n<\/div>\n<p class=\"RichTextParagraph_richTextParagraph__c8kuj undefined\">Seuraavaksi meid\u00e4n on k\u00e4yt\u00e4v\u00e4 keskustelu siit\u00e4, millainen Naton j\u00e4senmaa Suomi olisi, mik\u00e4 mahdollisesti muuttuisi ja miten me osallistuisimme Naton toimintaan.<\/p>\n<p class=\"RichTextParagraph_richTextParagraph__c8kuj undefined\">Saadaksemme parhaan hy\u00f6dyn ja turvan j\u00e4senyydest\u00e4, meid\u00e4n ei pid\u00e4 asettaa j\u00e4senyydelle ennakkoehtoja. Pohjoismaisen yhteisty\u00f6n tiivistyminen ja Suomen ulkopolitiikan vahvempi kytkeytyminen muihin l\u00e4nsimaihin ovat selkeit\u00e4 muutoksia.<\/p>\n<p class=\"RichTextParagraph_richTextParagraph__c8kuj undefined\">J\u00e4senyyden my\u00f6t\u00e4 1\u00a0340 kilometrin mittaisesta rajastamme tulee my\u00f6s Nato-rajaa. N\u00e4en t\u00e4m\u00e4n koko Pohjois-Eurooppaa vakauttavana tekij\u00e4n\u00e4, kun rajamme siirtyy kertaheitolla l\u00e4ntisen puolustusliiton rajaksi.<\/p>\n<p class=\"RichTextParagraph_richTextParagraph__c8kuj undefined\">L\u00e4hes tarkalleen 700 vuotta P\u00e4hkin\u00e4saaren rauhan j\u00e4lkeen Suomen alue on ankkuroitu tukevasti l\u00e4nteen.<\/p>\n<p class=\"RichTextParagraph_richTextParagraph__c8kuj undefined\">Yksi asia s\u00e4ilyy varmana jatkossakin: my\u00f6s Naton j\u00e4senen\u00e4 Suomen puolustusvoimien t\u00e4rkein teht\u00e4v\u00e4 on nimenomaan Suomen puolustaminen.<\/p>\n<p class=\"RichTextParagraph_richTextParagraph__c8kuj undefined\"><em id=\"emphasis-e490406dee91b94af7f41d2d4b8aca4b\">Kirjoittaja on kokoomuksen puheenjohtaja ja kansanedustaja.<\/em><\/p>","protected":false},"excerpt":{"rendered":"<p>(Julkaistu Maaseudun Tulevaisuudessa 11.5.2022) L\u00e4hes tarkalleen 700 vuotta P\u00e4hkin\u00e4saaren rauhan j\u00e4lkeen Suomen alue on ankkuroitu tukevasti l\u00e4nteen. Me suomalaiset el\u00e4mme nyt historiallisia aikoja. Olemme asemoimassa itse\u00e4mme entist\u00e4 voimakkaammin osaksi l\u00e4ntist\u00e4 yhteis\u00f6\u00e4 puolustusliitto Naton j\u00e4senmaaksi. Voisi sanoa: viimeinkin. T\u00e4m\u00e4 ratkaiseva askel sinet\u00f6i Suomen tien kohti l\u00e4ntt\u00e4. Matka on ollut pitk\u00e4 ja paikoin kivinen, mutta m\u00e4\u00e4r\u00e4tietoinen. Suomi [&hellip;]<\/p>","protected":false},"author":6,"featured_media":0,"comment_status":"open","ping_status":"open","sticky":false,"template":"","format":"standard","meta":{"footnotes":""},"categories":[6],"tags":[339,11,340,13,338,341],"class_list":["post-1213","post","type-post","status-publish","format-standard","hentry","category-blogi","tag-jasenyysprosessi","tag-nato","tag-rauha","tag-turvallisuus","tag-ukrainan-sota","tag-utp"],"yoast_head":"<!-- This site is optimized with the Yoast SEO plugin v26.0 - https:\/\/yoast.com\/wordpress\/plugins\/seo\/ -->\n<title>Puolueet n\u00e4ytt\u00e4v\u00e4t viimein l\u00f6yt\u00e4v\u00e4n l\u00e4hes yksimielisen linjan Nato-j\u00e4senyyteen - Petteri Orpo<\/title>\n<meta name=\"robots\" content=\"index, follow, max-snippet:-1, max-image-preview:large, max-video-preview:-1\" \/>\n<link rel=\"canonical\" href=\"https:\/\/www.petteriorpo.fi\/en\/puolueet-nayttavat-viimein-loytavan-lahes-yksimielisen-linjan-nato-jasenyyteen\/\" \/>\n<meta property=\"og:locale\" content=\"en_GB\" \/>\n<meta property=\"og:type\" content=\"article\" \/>\n<meta property=\"og:title\" content=\"Puolueet n\u00e4ytt\u00e4v\u00e4t viimein l\u00f6yt\u00e4v\u00e4n l\u00e4hes yksimielisen linjan Nato-j\u00e4senyyteen - Petteri Orpo\" \/>\n<meta property=\"og:description\" content=\"(Julkaistu Maaseudun Tulevaisuudessa 11.5.2022) L\u00e4hes tarkalleen 700 vuotta P\u00e4hkin\u00e4saaren rauhan j\u00e4lkeen Suomen alue on ankkuroitu tukevasti l\u00e4nteen. Me suomalaiset el\u00e4mme nyt historiallisia aikoja. Olemme asemoimassa itse\u00e4mme entist\u00e4 voimakkaammin osaksi l\u00e4ntist\u00e4 yhteis\u00f6\u00e4 puolustusliitto Naton j\u00e4senmaaksi. Voisi sanoa: viimeinkin. T\u00e4m\u00e4 ratkaiseva askel sinet\u00f6i Suomen tien kohti l\u00e4ntt\u00e4. Matka on ollut pitk\u00e4 ja paikoin kivinen, mutta m\u00e4\u00e4r\u00e4tietoinen. Suomi [&hellip;]\" \/>\n<meta property=\"og:url\" content=\"https:\/\/www.petteriorpo.fi\/en\/puolueet-nayttavat-viimein-loytavan-lahes-yksimielisen-linjan-nato-jasenyyteen\/\" \/>\n<meta property=\"og:site_name\" content=\"Petteri Orpo\" \/>\n<meta property=\"article:published_time\" content=\"2023-03-04T18:53:06+00:00\" \/>\n<meta name=\"author\" content=\"Pasi Nyk\u00e4nen\" \/>\n<meta name=\"twitter:card\" content=\"summary_large_image\" \/>\n<meta name=\"twitter:label1\" content=\"Written by\" \/>\n\t<meta name=\"twitter:data1\" content=\"Pasi Nyk\u00e4nen\" \/>\n\t<meta name=\"twitter:label2\" content=\"Estimated reading time\" \/>\n\t<meta name=\"twitter:data2\" content=\"3 minutes\" \/>\n<script type=\"application\/ld+json\" class=\"yoast-schema-graph\">{\"@context\":\"https:\/\/schema.org\",\"@graph\":[{\"@type\":\"Article\",\"@id\":\"https:\/\/www.petteriorpo.fi\/puolueet-nayttavat-viimein-loytavan-lahes-yksimielisen-linjan-nato-jasenyyteen\/#article\",\"isPartOf\":{\"@id\":\"https:\/\/www.petteriorpo.fi\/puolueet-nayttavat-viimein-loytavan-lahes-yksimielisen-linjan-nato-jasenyyteen\/\"},\"author\":{\"name\":\"Pasi Nyk\u00e4nen\",\"@id\":\"https:\/\/www.petteriorpo.fi\/#\/schema\/person\/14bc2c052ba9e9a27152cc1aed5c9e2e\"},\"headline\":\"Puolueet n\u00e4ytt\u00e4v\u00e4t viimein l\u00f6yt\u00e4v\u00e4n l\u00e4hes yksimielisen linjan Nato-j\u00e4senyyteen\",\"datePublished\":\"2023-03-04T18:53:06+00:00\",\"mainEntityOfPage\":{\"@id\":\"https:\/\/www.petteriorpo.fi\/puolueet-nayttavat-viimein-loytavan-lahes-yksimielisen-linjan-nato-jasenyyteen\/\"},\"wordCount\":533,\"commentCount\":0,\"publisher\":{\"@id\":\"https:\/\/www.petteriorpo.fi\/#organization\"},\"keywords\":[\"j\u00e4senyysprosessi\",\"Nato\",\"rauha\",\"turvallisuus\",\"Ukrainan sota\",\"UTP\"],\"articleSection\":[\"Blogi\"],\"inLanguage\":\"en-GB\",\"potentialAction\":[{\"@type\":\"CommentAction\",\"name\":\"Comment\",\"target\":[\"https:\/\/www.petteriorpo.fi\/puolueet-nayttavat-viimein-loytavan-lahes-yksimielisen-linjan-nato-jasenyyteen\/#respond\"]}]},{\"@type\":\"WebPage\",\"@id\":\"https:\/\/www.petteriorpo.fi\/puolueet-nayttavat-viimein-loytavan-lahes-yksimielisen-linjan-nato-jasenyyteen\/\",\"url\":\"https:\/\/www.petteriorpo.fi\/puolueet-nayttavat-viimein-loytavan-lahes-yksimielisen-linjan-nato-jasenyyteen\/\",\"name\":\"Puolueet n\u00e4ytt\u00e4v\u00e4t viimein l\u00f6yt\u00e4v\u00e4n l\u00e4hes yksimielisen linjan Nato-j\u00e4senyyteen - Petteri Orpo\",\"isPartOf\":{\"@id\":\"https:\/\/www.petteriorpo.fi\/#website\"},\"datePublished\":\"2023-03-04T18:53:06+00:00\",\"breadcrumb\":{\"@id\":\"https:\/\/www.petteriorpo.fi\/puolueet-nayttavat-viimein-loytavan-lahes-yksimielisen-linjan-nato-jasenyyteen\/#breadcrumb\"},\"inLanguage\":\"en-GB\",\"potentialAction\":[{\"@type\":\"ReadAction\",\"target\":[\"https:\/\/www.petteriorpo.fi\/puolueet-nayttavat-viimein-loytavan-lahes-yksimielisen-linjan-nato-jasenyyteen\/\"]}]},{\"@type\":\"BreadcrumbList\",\"@id\":\"https:\/\/www.petteriorpo.fi\/puolueet-nayttavat-viimein-loytavan-lahes-yksimielisen-linjan-nato-jasenyyteen\/#breadcrumb\",\"itemListElement\":[{\"@type\":\"ListItem\",\"position\":1,\"name\":\"Etusivu\",\"item\":\"https:\/\/www.petteriorpo.fi\/\"},{\"@type\":\"ListItem\",\"position\":2,\"name\":\"Puolueet n\u00e4ytt\u00e4v\u00e4t viimein l\u00f6yt\u00e4v\u00e4n l\u00e4hes yksimielisen linjan Nato-j\u00e4senyyteen\"}]},{\"@type\":\"WebSite\",\"@id\":\"https:\/\/www.petteriorpo.fi\/#website\",\"url\":\"https:\/\/www.petteriorpo.fi\/\",\"name\":\"Petteri Orpo\",\"description\":\"Yhdess&auml; tehden eteenp&auml;in\",\"publisher\":{\"@id\":\"https:\/\/www.petteriorpo.fi\/#organization\"},\"potentialAction\":[{\"@type\":\"SearchAction\",\"target\":{\"@type\":\"EntryPoint\",\"urlTemplate\":\"https:\/\/www.petteriorpo.fi\/?s={search_term_string}\"},\"query-input\":{\"@type\":\"PropertyValueSpecification\",\"valueRequired\":true,\"valueName\":\"search_term_string\"}}],\"inLanguage\":\"en-GB\"},{\"@type\":\"Organization\",\"@id\":\"https:\/\/www.petteriorpo.fi\/#organization\",\"name\":\"Petteri Orpo\",\"url\":\"https:\/\/www.petteriorpo.fi\/\",\"logo\":{\"@type\":\"ImageObject\",\"inLanguage\":\"en-GB\",\"@id\":\"https:\/\/www.petteriorpo.fi\/#\/schema\/logo\/image\/\",\"url\":\"https:\/\/www.petteriorpo.fi\/wp-content\/uploads\/2022\/08\/logo_orpo.png\",\"contentUrl\":\"https:\/\/www.petteriorpo.fi\/wp-content\/uploads\/2022\/08\/logo_orpo.png\",\"width\":114,\"height\":120,\"caption\":\"Petteri Orpo\"},\"image\":{\"@id\":\"https:\/\/www.petteriorpo.fi\/#\/schema\/logo\/image\/\"}},{\"@type\":\"Person\",\"@id\":\"https:\/\/www.petteriorpo.fi\/#\/schema\/person\/14bc2c052ba9e9a27152cc1aed5c9e2e\",\"name\":\"Pasi Nyk\u00e4nen\",\"image\":{\"@type\":\"ImageObject\",\"inLanguage\":\"en-GB\",\"@id\":\"https:\/\/www.petteriorpo.fi\/#\/schema\/person\/image\/\",\"url\":\"https:\/\/secure.gravatar.com\/avatar\/d7e634d9909480059519b6d2dc1c5a09?s=96&d=mm&r=g\",\"contentUrl\":\"https:\/\/secure.gravatar.com\/avatar\/d7e634d9909480059519b6d2dc1c5a09?s=96&d=mm&r=g\",\"caption\":\"Pasi Nyk\u00e4nen\"},\"url\":\"https:\/\/www.petteriorpo.fi\/en\/author\/pasi\/\"}]}<\/script>\n<!-- \/ Yoast SEO plugin. -->","yoast_head_json":{"title":"Puolueet n\u00e4ytt\u00e4v\u00e4t viimein l\u00f6yt\u00e4v\u00e4n l\u00e4hes yksimielisen linjan Nato-j\u00e4senyyteen - Petteri Orpo","robots":{"index":"index","follow":"follow","max-snippet":"max-snippet:-1","max-image-preview":"max-image-preview:large","max-video-preview":"max-video-preview:-1"},"canonical":"https:\/\/www.petteriorpo.fi\/en\/puolueet-nayttavat-viimein-loytavan-lahes-yksimielisen-linjan-nato-jasenyyteen\/","og_locale":"en_GB","og_type":"article","og_title":"Puolueet n\u00e4ytt\u00e4v\u00e4t viimein l\u00f6yt\u00e4v\u00e4n l\u00e4hes yksimielisen linjan Nato-j\u00e4senyyteen - Petteri Orpo","og_description":"(Julkaistu Maaseudun Tulevaisuudessa 11.5.2022) L\u00e4hes tarkalleen 700 vuotta P\u00e4hkin\u00e4saaren rauhan j\u00e4lkeen Suomen alue on ankkuroitu tukevasti l\u00e4nteen. Me suomalaiset el\u00e4mme nyt historiallisia aikoja. Olemme asemoimassa itse\u00e4mme entist\u00e4 voimakkaammin osaksi l\u00e4ntist\u00e4 yhteis\u00f6\u00e4 puolustusliitto Naton j\u00e4senmaaksi. Voisi sanoa: viimeinkin. T\u00e4m\u00e4 ratkaiseva askel sinet\u00f6i Suomen tien kohti l\u00e4ntt\u00e4. Matka on ollut pitk\u00e4 ja paikoin kivinen, mutta m\u00e4\u00e4r\u00e4tietoinen. Suomi [&hellip;]","og_url":"https:\/\/www.petteriorpo.fi\/en\/puolueet-nayttavat-viimein-loytavan-lahes-yksimielisen-linjan-nato-jasenyyteen\/","og_site_name":"Petteri Orpo","article_published_time":"2023-03-04T18:53:06+00:00","author":"Pasi Nyk\u00e4nen","twitter_card":"summary_large_image","twitter_misc":{"Written by":"Pasi Nyk\u00e4nen","Estimated reading time":"3 minutes"},"schema":{"@context":"https:\/\/schema.org","@graph":[{"@type":"Article","@id":"https:\/\/www.petteriorpo.fi\/puolueet-nayttavat-viimein-loytavan-lahes-yksimielisen-linjan-nato-jasenyyteen\/#article","isPartOf":{"@id":"https:\/\/www.petteriorpo.fi\/puolueet-nayttavat-viimein-loytavan-lahes-yksimielisen-linjan-nato-jasenyyteen\/"},"author":{"name":"Pasi Nyk\u00e4nen","@id":"https:\/\/www.petteriorpo.fi\/#\/schema\/person\/14bc2c052ba9e9a27152cc1aed5c9e2e"},"headline":"Puolueet n\u00e4ytt\u00e4v\u00e4t viimein l\u00f6yt\u00e4v\u00e4n l\u00e4hes yksimielisen linjan Nato-j\u00e4senyyteen","datePublished":"2023-03-04T18:53:06+00:00","mainEntityOfPage":{"@id":"https:\/\/www.petteriorpo.fi\/puolueet-nayttavat-viimein-loytavan-lahes-yksimielisen-linjan-nato-jasenyyteen\/"},"wordCount":533,"commentCount":0,"publisher":{"@id":"https:\/\/www.petteriorpo.fi\/#organization"},"keywords":["j\u00e4senyysprosessi","Nato","rauha","turvallisuus","Ukrainan sota","UTP"],"articleSection":["Blogi"],"inLanguage":"en-GB","potentialAction":[{"@type":"CommentAction","name":"Comment","target":["https:\/\/www.petteriorpo.fi\/puolueet-nayttavat-viimein-loytavan-lahes-yksimielisen-linjan-nato-jasenyyteen\/#respond"]}]},{"@type":"WebPage","@id":"https:\/\/www.petteriorpo.fi\/puolueet-nayttavat-viimein-loytavan-lahes-yksimielisen-linjan-nato-jasenyyteen\/","url":"https:\/\/www.petteriorpo.fi\/puolueet-nayttavat-viimein-loytavan-lahes-yksimielisen-linjan-nato-jasenyyteen\/","name":"Puolueet n\u00e4ytt\u00e4v\u00e4t viimein l\u00f6yt\u00e4v\u00e4n l\u00e4hes yksimielisen linjan Nato-j\u00e4senyyteen - Petteri Orpo","isPartOf":{"@id":"https:\/\/www.petteriorpo.fi\/#website"},"datePublished":"2023-03-04T18:53:06+00:00","breadcrumb":{"@id":"https:\/\/www.petteriorpo.fi\/puolueet-nayttavat-viimein-loytavan-lahes-yksimielisen-linjan-nato-jasenyyteen\/#breadcrumb"},"inLanguage":"en-GB","potentialAction":[{"@type":"ReadAction","target":["https:\/\/www.petteriorpo.fi\/puolueet-nayttavat-viimein-loytavan-lahes-yksimielisen-linjan-nato-jasenyyteen\/"]}]},{"@type":"BreadcrumbList","@id":"https:\/\/www.petteriorpo.fi\/puolueet-nayttavat-viimein-loytavan-lahes-yksimielisen-linjan-nato-jasenyyteen\/#breadcrumb","itemListElement":[{"@type":"ListItem","position":1,"name":"Etusivu","item":"https:\/\/www.petteriorpo.fi\/"},{"@type":"ListItem","position":2,"name":"Puolueet n\u00e4ytt\u00e4v\u00e4t viimein l\u00f6yt\u00e4v\u00e4n l\u00e4hes yksimielisen linjan Nato-j\u00e4senyyteen"}]},{"@type":"WebSite","@id":"https:\/\/www.petteriorpo.fi\/#website","url":"https:\/\/www.petteriorpo.fi\/","name":"Petteri Orpo","description":"Yhdess&auml; tehden eteenp&auml;in","publisher":{"@id":"https:\/\/www.petteriorpo.fi\/#organization"},"potentialAction":[{"@type":"SearchAction","target":{"@type":"EntryPoint","urlTemplate":"https:\/\/www.petteriorpo.fi\/?s={search_term_string}"},"query-input":{"@type":"PropertyValueSpecification","valueRequired":true,"valueName":"search_term_string"}}],"inLanguage":"en-GB"},{"@type":"Organization","@id":"https:\/\/www.petteriorpo.fi\/#organization","name":"Petteri Orpo","url":"https:\/\/www.petteriorpo.fi\/","logo":{"@type":"ImageObject","inLanguage":"en-GB","@id":"https:\/\/www.petteriorpo.fi\/#\/schema\/logo\/image\/","url":"https:\/\/www.petteriorpo.fi\/wp-content\/uploads\/2022\/08\/logo_orpo.png","contentUrl":"https:\/\/www.petteriorpo.fi\/wp-content\/uploads\/2022\/08\/logo_orpo.png","width":114,"height":120,"caption":"Petteri Orpo"},"image":{"@id":"https:\/\/www.petteriorpo.fi\/#\/schema\/logo\/image\/"}},{"@type":"Person","@id":"https:\/\/www.petteriorpo.fi\/#\/schema\/person\/14bc2c052ba9e9a27152cc1aed5c9e2e","name":"Pasi Nyk\u00e4nen","image":{"@type":"ImageObject","inLanguage":"en-GB","@id":"https:\/\/www.petteriorpo.fi\/#\/schema\/person\/image\/","url":"https:\/\/secure.gravatar.com\/avatar\/d7e634d9909480059519b6d2dc1c5a09?s=96&d=mm&r=g","contentUrl":"https:\/\/secure.gravatar.com\/avatar\/d7e634d9909480059519b6d2dc1c5a09?s=96&d=mm&r=g","caption":"Pasi Nyk\u00e4nen"},"url":"https:\/\/www.petteriorpo.fi\/en\/author\/pasi\/"}]}},"_links":{"self":[{"href":"https:\/\/www.petteriorpo.fi\/en\/wp-json\/wp\/v2\/posts\/1213","targetHints":{"allow":["GET"]}}],"collection":[{"href":"https:\/\/www.petteriorpo.fi\/en\/wp-json\/wp\/v2\/posts"}],"about":[{"href":"https:\/\/www.petteriorpo.fi\/en\/wp-json\/wp\/v2\/types\/post"}],"author":[{"embeddable":true,"href":"https:\/\/www.petteriorpo.fi\/en\/wp-json\/wp\/v2\/users\/6"}],"replies":[{"embeddable":true,"href":"https:\/\/www.petteriorpo.fi\/en\/wp-json\/wp\/v2\/comments?post=1213"}],"version-history":[{"count":0,"href":"https:\/\/www.petteriorpo.fi\/en\/wp-json\/wp\/v2\/posts\/1213\/revisions"}],"wp:attachment":[{"href":"https:\/\/www.petteriorpo.fi\/en\/wp-json\/wp\/v2\/media?parent=1213"}],"wp:term":[{"taxonomy":"category","embeddable":true,"href":"https:\/\/www.petteriorpo.fi\/en\/wp-json\/wp\/v2\/categories?post=1213"},{"taxonomy":"post_tag","embeddable":true,"href":"https:\/\/www.petteriorpo.fi\/en\/wp-json\/wp\/v2\/tags?post=1213"}],"curies":[{"name":"wp","href":"https:\/\/api.w.org\/{rel}","templated":true}]}}